{"id":69873,"date":"2009-06-30T16:23:34","date_gmt":"2009-06-30T16:23:34","guid":{"rendered":"http:\/\/diariodominicano.ddns.net\/?p=69873"},"modified":"2009-06-30T16:23:34","modified_gmt":"2009-06-30T16:23:34","slug":"dedicada-al-maestro-ramon-oviedo-comite-organizador-de-la-25-bienal-nacional-de-artes-visuales-presentan-jurado-de-seleccion-y-premiacion","status":"publish","type":"post","link":"https:\/\/diariodominicano.com\/?p=69873","title":{"rendered":"Dedicada al Maestro Ram\u00f3n Oviedo. Comit\u00e9 Organizador de la 25 Bienal Nacional de Artes Visuales Presentan jurado de selecci\u00f3n y premiaci\u00f3n"},"content":{"rendered":"<p><body><\/p>\n<p><img decoding=\"async\" src=\"http:\/\/localhost:8080\/img3\/bien.jpg\" \/>  <\/p>\n<p><span class=\"text1noticias\">La Secretar\u00eda de Estado de Cultura, el Museo de Arte Moderno y el Comit\u00e9 Organizador de la 25 Bienal Nacional de Artes Visuales dieron a conocer los nombres de los miembros de los jurados de Selecci\u00f3n y Premiaci\u00f3n del magno evento de la pl\u00e1stica nacional y ofrecieron detalles de la inauguraci\u00f3n.<\/span><\/p>\n<\/p>\n<p><span class=\"text1noticias\">La 25 Bienal Nacional de Artes Visuales 2009 ser\u00e1 inaugurada por el Excmo. Sr. Presidente Dr. Leonel Fern\u00e1ndez Reyna el 16 de agosto a las 7:00 p.m. en el Museo de Arte Moderno. La exposici\u00f3n central y las actividades paralelas continuar\u00e1n hasta el 15 de noviembre de 2009.<\/span><\/p>\n<\/p>\n<p><span class=\"text1noticias\">En la presentaci\u00f3n, la licenciada Mar\u00eda Elena Ditren dijo que esta edici\u00f3n ser\u00e1 dedicada al Maestro Ram\u00f3n Oviedo por su larga trayectoria art\u00edstica.<\/span><\/p>\n<\/p>\n<p><span class=\"text1noticias\">Aclaro la 25 Bienal Nacional de Artes Visuales consiste en una exposici\u00f3n central con las obras seleccionadas y en una serie de eventos paralelos, tales como exposiciones, coloquios, conferencias, visitas guiadas, encuentros, talleres y conciertos.<\/span><\/p>\n<\/p>\n<p><span class=\"text1noticias\">?Los principales objetivos de la Bienal son estimular, mostrar, evaluar, valorar y proyectar el desarrollo de las artes visuales dominicanas contempor\u00e1neas, estableciendo la importancia de propiciar la creatividad y la diversidad de lenguajes, en beneficio de los artistas y todos los sectores de la sociedad?, manifiesta Ditren.<\/span><\/p>\n<\/p>\n<p><span class=\"text1noticias\">Adem\u00e1s de Ditren, estuvieron presente en representaci\u00f3n del Secretario de Cultura, licenciado Jos\u00e9 Rafael Lantigua, las subsecretarias Lourdes Camilo de Cuello y Bernarda Jorge, as\u00ed como Ana Mar\u00eda Conde, Directora de General de Museos; Amable L\u00f3pez Mel\u00e9ndez, Curador del Museo de Arte Moderno; Silvio Raigorosdky; Presidente de los Amigos del Museo de Arte Moderno; Carlos Acero en representaci\u00f3n de  la Asociaci\u00f3n Dominicana de Cr\u00edticos de Arte; Dustin Mu\u00f1oz, Representante del Sistema Nacional de Formaci\u00f3n Art\u00edstica Especializada y el artista pl\u00e1stico Hilario Olivo en representaci\u00f3n del Colegio Dominicano de Artistas Pl\u00e1sticos.<\/span><\/p>\n<\/p>\n<p><span class=\"text1noticias\">El jurado de Selecci\u00f3n est\u00e1 integrado por importantes intelectuales dominicanos y extranjeros, entre los que figuran Fernando Rueda Koster, director del Centro Cultural de Espa\u00f1a, Lucrecia Vega Gramunt (Italo-Argentina),  los artistas dominicana Mayra jonson, Luis Alberto Rodr\u00edguez y Bismark Victoria.<\/span><\/p>\n<\/p>\n<p><span class=\"text1noticias\">El jurado de premiaci\u00f3n lo forman los Rogelio Polesello de Argentina, Fernando Castro de Espa\u00f1a, y del pa\u00eds la historiadora Sara Herman, y los  profesores universitario Odalis P\u00e9rez y Alonso Cuevas.<\/span><\/p>\n<\/p>\n<p><span class=\"text1noticias\">BIOGRAFIA DEL JURADO DE SELECCI\u00d3N:<\/span><\/p>\n<\/p>\n<p><span class=\"text1noticias\">FERNANDO RUEDA KOSTER  (ESPA\u00d1A).<\/span><\/p>\n<p><span class=\"text1noticias\">Es Licenciado en Ciencias Pol\u00edticas y Sociolog\u00eda, egresado de la Universidad Complutense de Madrid, Espa\u00f1a en 1992. Experto en cooperaci\u00f3n internacional.  De 1995 a 1998 se desempe\u00f1\u00f3 como  evaluador de proyectos de la Uni\u00f3n Europea en el campo de la ense\u00f1anza no universitaria, la formaci\u00f3n del profesorado y la educaci\u00f3n intercultural en la Comisi\u00f3n Europea, y Director de programas de cooperaci\u00f3n educativa en la Agencia Nacional S\u00f3crates en Espa\u00f1a. Tambi\u00e9n fue investigador en el Departamento de Historia de la Educaci\u00f3n y Educaci\u00f3n Comparada de la Universidad Nacional de Educaci\u00f3n a Distancia UNED. Fue hasta el a\u00f1o 2007 coordinador del \u00e1rea de Cultura y Director de la Revista ?Pensar Iberoam\u00e9rica?. Miembro fundador de la Red Iberformat. Actualmente es Director del Centro Cultural de Espa\u00f1a en la Rep\u00fablica Dominicana y funcionario en excedencia en la Organizaci\u00f3n de Estados Iberoamericanos para la Educaci\u00f3n, la Ciencia y la Cultura (OEI) y tambi\u00e9n participa como profesor invitado en cursos de postgrado en gesti\u00f3n, cooperaci\u00f3n y pol\u00edticas culturales en diversas Universidades de Espa\u00f1a y de Am\u00e9rica Latina.<\/span><\/p>\n<\/p>\n<p><span class=\"text1noticias\">LUCRECIA VEGA GRAMUNT (ITALO-ARGENTINA).<\/span><\/p>\n<p><span class=\"text1noticias\">Tiene un Master en Cooperaci\u00f3n y Planeamiento  para el Desarrollo, CIRPS, Universidad ?La Sapienza? de Roma, y un Phd. en Comunicaci\u00f3n, Universidad de Thomewood, \u00c1msterdam. Tambi\u00e9n se ha especializado en Cooperaci\u00f3n Internacional en la Universidad de Salamanca, Espa\u00f1a, 1995. Semi\u00f3tica, en la Universidad ?La Sapienza? de Roma, 1990 a 1992. Semi\u00f3tica, Universidad de Moron, Buenos Aires, 1988 a 1990 y Filosof\u00eda Hermen\u00e9utica, Universidad de Moron, Buenos Aires, de 1985 a 1988. Ha hecho la curadur\u00eda de varios proyectos como: ?Camino al bicentenario? de la Presidencia de la Naci\u00f3n Argentina. Premio Internacional de Arte Joven ?Centro Periferia? Nueva creatividad en el mundo 2004. Es Directora del Curso de Alma Formaci\u00f3n en Gesti\u00f3n Cultural de la Universidad de Bolo\u00f1a en Argentina. Funge como responsable de las Relaciones Internacionales e Institucionales del Consorcio Universitario Italiano para Argentina (CUIA). A trav\u00e9s de su carrera a ganado m\u00faltiples premios, entre los que se encuentran: Premio de la Cultura, por el trabajo desarrollado como escritora y traductora y por su actividad en la difusi\u00f3n de la cultura italiana en el exterior. Premio de la Presidencia del Consejo de Ministro, 1995. Premio Casentino con ?In itinire?, 1993. Premio Montale a poeta extranjero con ?Magie Bianche?, 1991. Dentro de sus publicaciones hay diversos libros de poes\u00eda en varios pa\u00edses de Am\u00e9rica Latina y Europa, antolog\u00edas y textos de libros universitarios.<\/span><\/p>\n<\/p>\n<p><span class=\"text1noticias\">MAYRA JOHNSON (REP\u00daBLICA DOMINICANA)<\/span><\/p>\n<p><span class=\"text1noticias\">Artista fot\u00f3grafa y Directora General de Fundaci\u00f3n Imagen ?83. Fue ganadora del Segundo Premio de la XXII Bienal Nacional de Artes Visuales y de m\u00faltiples premios como: 2007 Premio de la Cr\u00edtica Proyectos Especiales (PHOTOIMAGEN). 2005 Concurso Carnaval Dominicano, Menci\u00f3n. Secretar\u00eda de Estado de Cultura.  2005 Concurso Internacional Casa de Teatro, Tercer Lugar Categor\u00eda Experimental. 2003 XXII Bienal Nacional de Artes Pl\u00e1sticas, Segundo Lugar Fotograf\u00eda. Museo de Arte Moderno. 2002 Concurso Internacional Wifredo Garc\u00eda, Casa de Teatro, Segundo Lugar, Categor\u00eda Blanco y Negro. Tercer Lugar, Categor\u00eda Experimental.  1989 Concurso Internacional ?La Hora Greenwich? Jap\u00f3n, Seleccionada para la Publicaci\u00f3n. Biblioteca Casa de la Fotograf\u00eda, Wifredo Garc\u00eda. Ha realizado numerosas exposiciones individuales, tales como: 2009 Exposici\u00f3n individual Gallery Punta Cana ?Graffiti, una emanaci\u00f3n del mundo on\u00edrico?. 2007\t  ?Las Brujas de Salem? Casa de Teatro y ?Estaci\u00f3n 181?, Mesa Fine Art. Photoimagen 2007. ?Historia de Mujeres?, Cinemateca. Photoimagen 2006. Dentro de las exposiciones colectivas se encuentran: 2009 Mujeres artistas. Bellas Artes. Rep\u00fablica Dominicana.  2008 Colectiva Jornada y Encuentros con la Imagen,  Instituto de Cultura Yucat\u00e1n, M\u00e9xico.  2008 Hitos Contempor\u00e1neos: Premios Bienales, Museo de Arte Moderno.  2007 Colectiva Imagen 83, Desconcierto Urbano, Museo de Casas Reales, Photoimagen 2007. Colectiva el Juego de la Diferencia, Museo de Caguas, Puerto Rico. 2006 Carnaval Dominicano en Nicaragua, Auditorio de la Universidad Centroamericana de Nicaragua, Nicaragua.<\/span><\/p>\n<\/p>\n<p><span class=\"text1noticias\">LUIS ALBERTO RODR\u00cdGUEZ  (LARS) (REP\u00daBLICA DOMINICANA) <\/span><\/p>\n<p><span class=\"text1noticias\">Desde muy peque\u00f1o demostr\u00f3 su gran pasi\u00f3n por las Artes y de manera autodid\u00e1ctica tom\u00f3 clases de dibujo y pintura, disciplinas que perfeccion\u00f3 luego, en la Universidad Aut\u00f3noma de Santo Domingo y en La Escuela de Dise\u00f1os de Altos de Chav\u00f3n, en La Romana.  Se gradu\u00f3 con honores en la Universidad Aut\u00f3noma de Santo Domingo (UASD), de Licenciado en Publicidad, menci\u00f3n Dise\u00f1o Gr\u00e1fico.  Tiene un Post Grado y una Maestr\u00eda en Ense\u00f1anza Superior. Inici\u00f3 sus labores como Profesor Universitario en el a\u00f1o 1980, en la Facultad de Ingenier\u00eda y Arquitectura, Universidad Tecnol\u00f3gica de Santiago (UTESA). En el a\u00f1o 1988 se integra como Profesor de Dise\u00f1o Gr\u00e1fico, Publicidad y Dise\u00f1o Publicitario en la Universidad APEC, hasta la fecha. En el a\u00f1o 1991 ingresa como profesor de la Facultad de Artes de la Universidad Aut\u00f3noma de Santo Domingo (UASD), donde ha desarrollado durante 18 a\u00f1os sin interrupci\u00f3n su actividad docente. En esta instituci\u00f3n ha desempe\u00f1ado los siguientes cargos: Encargado de la Unidad de Tesis y Curso Optativo, Coordinador de C\u00e1tedra de la Escuela de Publicidad de la Facultad de Artes, Asesor y Jurado de Tesis y Profesor de los Cursos Optativos en la Facultad de Artes, Coordinador de la C\u00e1tedra en Escuela de Artes, Facultad de Humanidades. A partir del 1979, a\u00f1o en que particip\u00f3 por primera vez en un evento art\u00edstico (XIV Bienal Nacional de Artes Pl\u00e1sticas) hasta la fecha, ha participado en numerosas exposiciones colectiva nacionales e internacionales. Fue uno de  los  pioneros en el arte de la instalaci\u00f3n y los performaces. En su haber ha realizado tres exposiciones individuales, dise\u00f1ado numerosos afiches comerciales y culturales, tambi\u00e9n public\u00f3 varios art\u00edculos en la d\u00e9cada de los 80\u00b4s sobre la cr\u00f3nica las artes visuales en la Rep\u00fablica Dominicana.<\/span><\/p>\n<\/p>\n<p><span class=\"text1noticias\">BISMARK VICTORIA (REP\u00daBLICA DOMINICANA)<\/span><\/p>\n<p><span class=\"text1noticias\">Vive y trabaja en Nueva York y Santiago de los Caballeros. Su formaci\u00f3n art\u00edstica est\u00e1 fundamentada b\u00e1sicamente en los Estados Unidos, pa\u00eds que lo ha llevado a una extensa e importante labor profesional. Su obra principal se enmarca en la escultura, sin embargo, ha incursionado en otras disciplinas como el grabado, la pintura y el dibujo. Dentro de sus individuales recientes se pueden mencionar: 71\u00ba45? \/ The Broader Picture. Carmen Rita P\u00e9rez. Arte Actual, Santo Domingo. 2002 Brochure y Quimeras Postmodernas de  Quisqueya. IV Bienal del Caribe, Palacio de Bellas Artes y Cultos. Santo Domingo. 2001. Ha expuesto en varias colectivas como: Black and White. Varelli Arte Contempor\u00e1neo. La Marina, Romana. 2005. Artcard-New Ideas.  Sharjah Art Museum, Emiratos \u00c1rabes. 2005. Gala Inaugural de la Suprema Corte de Justicia y Procuradur\u00eda General de la Rep\u00fablica, Santo Domingo. 2005. VII Changchun International Sculpture Symposium. Changchun?s City World Sculpture Park, China. 2004.   Sala Paul Giudiceli, Centro Cultural Casa de Teatro, Santo Domingo. 2002. El Ojo del Amo. Instituto Cubano de Arte e Industria Cinematogr\u00e1fica, La Habana. 2002. Premio de Adquisici\u00f3n por Figuras  Tutelares. ?Digital Tour Video?. XXI Bienal Nacional  de  Artes Visuales, Santo Domingo. 1999.  National Endowment for the Arts. Architectural and Design Award por ?Lugar de la Cita Eterna?. The Julia de Burgos Public Art Project, con  Fuller and Sadao PC Architects a trav\u00e9s de Association of Hispanic Arts, New York. 1987. <\/span><\/p>\n<\/p>\n<p><span class=\"text1noticias\">BIOGRAFIA DEL JURADO DE PREMIACION<\/span><\/p>\n<\/p>\n<p><span class=\"text1noticias\">ROGELIO POLESELLO  (ARGENTINA)<\/span><\/p>\n<p><span class=\"text1noticias\">Estudi\u00f3 en la Escuela Nacional de Bellas Artes Manuel Belgrano, se gradu\u00f3 como profesor de grabado, dibujo e ilustraci\u00f3n en la Escuela Nacional de Bellas Artes, Prililiano Pueyrredon en 1958. Exposiciones individuales: 2000: Museo Nacional de Bellas Artes, Argentina. 1997: Elite Fine Art, Jos\u00e9 Mart\u00ednez Gallery, Miami. 1993: Museo Municipal de Arte Moderno, Mendoza, Argentina. 1992: Museum Galer\u00eda de Arte, Panam\u00e1. Jacob Karpio y Adriana Rosemberg, Costa Rica, Galer\u00eda Espacio, El Salvador. 1990: Galer\u00eda Luigi Marrosini, Obras Recientes, San Juan, Puerto Rico. 1989: Museo de Arte Moderno, Santo Domingo, Rep\u00fablica Dominicana. 1987: Pinturas y objetos, Ruth Benzacar, Galer\u00eda de Arte Buenos Aires, Argentina. 1986: Galer\u00eda de Arte Actual, Santiago, Chile. 1984: Quito, Ecuador, Galer\u00eda Arte Consult, Panam\u00e1, Centro Cultural de Buenos Aires, Argentina. 1983: Museo de Arte Moderno de Medell\u00edn, Colombia. Exposiciones colectivas: 2007 Adquisiciones, donaciones y comodatos, Obras MALBA, Fundaci\u00f3n Costantini, Argentina. 60\/80 Arte argentino, Obras de Colecci\u00f3n, Comodatos y Pr\u00e9stamos. Museo MALBA, Argentina. 11 Pavillon Tuleries Paris, Gallerie Jean Louis  Danat, Par\u00eds. 2006 Art Basel Miami. Feria de ARCO, Madrid. 2001 Colecciones de artistas, Fundaci\u00f3n PPROA, Buenos Aires, Argentina. Ha ganado muchos premios como: 2007 Premio a la trayectoria, Cultura de la Naci\u00f3n. Buenos Aires. 2006 Homenaje a Grandes Maestros, Arte BA, Buenos Aires. 2006 Mejor artista del a\u00f1o Asociaci\u00f3n de Cr\u00edticos de Arte, Argentina.  2003  Gran Premio de Honor, Fondo Nacional de la Artes, Argentina. Sus obras est\u00e1n en las colecciones de: Museo Solomon R. Guggenheim, Nueva York. The Bronx Museum of Arts, Nueva York. Museo Rufino Tamayo, M\u00e9xico, D.F. Museo de Arte Contempor\u00e1neo. Lowe Art Museum, Universidad de Miami, Estados Unidos. Museo CIFO, Cisneros Fontanals Art Foundation, Miami, Estados Unidos. <\/span><\/p>\n<\/p>\n<p><span class=\"text1noticias\">FERNANDO CASTRO (ESPA\u00d1A)<\/span><\/p>\n<p><span class=\"text1noticias\">Profesor Titular de Est\u00e9tica y Teor\u00eda de las Artes de la Universidad Aut\u00f3noma de Madrid. Profesor del Master de Teor\u00eda y Pr\u00e1ctica del Arte Contempor\u00e1neo de la Universidad Complutense de Madrid. Profesor del Master de Arte Contempor\u00e1neo de la Universidad Aut\u00f3noma de Madrid y el Museo Nacional Centro de Arte Reina Sof\u00eda. Ha sido Coordinador Acad\u00e9mico del Instituto de Est\u00e9tica y Teor\u00eda de las Artes. Co-director de los Encuentros Internacionales de Arte Contempor\u00e1neo de ARCO. Co-director del Simposium de Arte Latinoamericano del Consorcio de Museos de la Generalitat Valenciana. Ha impartido cursos de doctorado, clases y conferencias en numerosas universidades y museos nacionales e internacionales. Miembro del consejo de redacci\u00f3n de las revistas: Cimal, El Urogallo, La ruta del sentido, Sibila, Creaci\u00f3n, Sublime, Cuadernos del IVAM, Contrastes, Pasajes de Arquitectura y Cr\u00edtica  y UOVO. Ha escrito en los peri\u00f3dicos: EL PA\u00cdS, Diario 16, El Independiente, El Sol, El Mundo. Cr\u00edtico de Arte de ABCD las Artes y las Letras. Director de la revista Cuadernos del IVAM. Miembro del Consejo Editorial de la Biblioteca documenta UAM de Est\u00e9tica, Historia y Teor\u00eda del Arte. Miembro del Patronato del Museo Nacional Centro de Arte Reina Sof\u00eda, del Comit\u00e9 Asesor del Museo Extreme\u00f1o e Iberoamericano de Arte Contempor\u00e1neo, del Comit\u00e9 del Museo-Fundaci\u00f3n Nivola de Cerde\u00f1a, del Comit\u00e9 de Arte P\u00fablico de la ciudad de Gij\u00f3n, del Comit\u00e9 del Parque Escult\u00f3rico de la Ciudad de las Artes y las Ciencias de Valencia. <\/span><\/p>\n<p><span class=\"text1noticias\">Premio Espais de Cr\u00edtica de Arte y al mejor proyecto curatorial. Ha escrito los libros: ?Notas para una est\u00e9tica del cansancio?,  ?Escaramuzas. El arte en el tiempo de la demolici\u00f3n?, ?Fasten Seat Belt. Cuaderno de campo de un cr\u00edtico de arte?, ?Matadlos a todos, Dios reconocer\u00e1 a los suyos?, ?Fight Club. Consideraciones en torno al arte contempor\u00e1neo?, entre otros.<\/span><\/p>\n<\/p>\n<p><span class=\"text1noticias\">SARA HERMANN (REP\u00daBLICA DOMINICANA)<\/span><\/p>\n<p><span class=\"text1noticias\">Licenciada en Historia del Arte de la Universidad de la Habana, Cuba. Desde el 2005 hasta el presente se desempe\u00f1a como Asesora de Artes Visuales del Centro Cultural Eduardo Le\u00f3n Jimenes, en Santiago, Rep\u00fablica Dominicana. Fue Directora del Museo de Arte Moderno de la Rep\u00fablica Dominicana en el per\u00edodo 2000-2004. Ha presentado ponencias y disertaciones sobre arte contempor\u00e1neo del Caribe. Ha curado varias exposiciones tales como, Los c\u00f3digos visuales del merengue. Centro Le\u00f3n, Santiago, Rep\u00fablica Dominicana; El Museo del Barrio, New York, Art Museum of the Americas, Washington; Cuerpo del Delito. Museo de Arte Moderno, Santo Domingo, Rep\u00fablica  Dominicana. Es catedr\u00e1tica de Historia del Arte, Arte Latinoamericano del Siglo XX y Arte Contempor\u00e1neo. Ha sido jurado en eventos expositivos nacionales e  internacionales como: el IX Premio de Arte Joven, El Salvador; la Bienal del Caribe, Rep\u00fablica Dominicana; Concurso de Arte Eduardo Le\u00f3n Jimenes, Santiago, Rep\u00fablica Dominicana; el Sal\u00f3n Latinoamericano de Dibujo en Rep\u00fablica Dominicana, el Sal\u00f3n de Arte Contempor\u00e1neo de Aragua, Venezuela y el Premio del Museo de Arte Contempor\u00e1neo de Puerto Rico. Ha publicado en El Caribe, el Longwood Arts Journal, la revista ArtNews, y cat\u00e1logos para artistas. Es miembro de la Asociaci\u00f3n Internacional de Cr\u00edticos de Arte, y del ICOM (International Council of Museums).<\/span><\/p>\n<\/p>\n<p><span class=\"text1noticias\">ODALYS P\u00c9REZ (REP\u00daBLICA DOMINICANA)<\/span><\/p>\n<p><span class=\"text1noticias\">Es un reconocido investigador y educador en el \u00e1rea de las Humanidades. Es Doctor en Filolog\u00eda y Semi\u00f3tica graduado en la Universidad de Bucarest, Rumania.  Ha contribuido con publicaciones especializadas sobre semi\u00f3tica de la cultura y del arte, particularmente oralidad po\u00e9tica y narrativa, oralidades culturales, cultura alternativa del Caribe; arte, literatura y pensamiento. Como promotor y animador cultural, se ha ocupado de conformar equipos de estudio, investigaci\u00f3n y difusi\u00f3n de la literatura, filosof\u00eda, ling\u00fc\u00edstica e historia en la Rep\u00fablica Dominicana y los Estados Unidos. Es profesor de Filosof\u00eda, Educaci\u00f3n Art\u00edstica y Letras Dominicanas en el Colegio Calazans, y Catedr\u00e1tico de la Facultad de Artes de la Universidad Aut\u00f3noma de Santo Domingo. Tambi\u00e9n ha trabajado como profesor en programas de Maestr\u00eda en la UASD y en el INTEC, en los Departamentos de Comunicaci\u00f3n, Letras y Filosof\u00eda. Dentro de sus  publicaciones m\u00e1s recientes se pueden mencionar: S\u00f3crates Barinas Coiscou: El tiempo de la poes\u00eda y la memoria (2007). Literatura Dominicana y Memoria Cultural (2005). Rep\u00fablica Dominicana: El mito de las palabras (2004). Nacionalismo y Cultura en Republica Dominicana (2003). Su producci\u00f3n intelectual incluye m\u00e1s de un centenar de ensayos en prestigiosos diarios y revistas del pa\u00eds, sobre diversos aspectos de historia intelectual y cultural de la Rep\u00fablica Dominicana, el Caribe y Latinoam\u00e9rica.  Recientemente fue galardonado con el m\u00e1ximo galard\u00f3n de los Premios Arte y Cultura Fradique Lizardo de San Crist\u00f3bal.<\/span><\/p>\n<\/p>\n<p><span class=\"text1noticias\">ALONSO CUEVAS (REP\u00daBLICA DOMINICANA)<\/span><\/p>\n<p><span class=\"text1noticias\">Estudi\u00f3 en la Escuela Nacional de Bellas Artes en Santo Domingo; en la Escuela de San Fernando de Madrid, as\u00ed como en la Escuela de Arte y Arquitectura de Marsella y en la Escuela Superior de Bellas Artes de Paris. Como artista ha proyectado su arte en el campo internacional, logrando incluso en Espa\u00f1a, el premio ?La Paleta de Oro? uno de los galardones m\u00e1s distinguidos por los artistas espa\u00f1oles. Desde el a\u00f1o 1973 ha estado exponiendo de manera individual y en colectivas: 2008 C\u00edrculo de Bellas Artes. Madrid. Expresi\u00f3n de grupo Sala Antonio Palacios. Madrid. Arte Independiente. Palacio de Congresos,  Madrid, Espa\u00f1a. 2007  Centro Cultural  Fuente del Berro. Madrid, Espa\u00f1a. 2006  ?Blanco y Negro? Varelli Art  Gallery, La  Romana. ?Blanco y Negro? ART District  Santo Domingo.    2005  Escuela de Cer\u00e1mica de la Moncloa. Madrid. 2004 Trienal de Tile Cer\u00e1mico,  Museo de Arte Moderno de Santo Domingo. 2002 Museo del Dibujo Contempor\u00e1neo Santo Domingo R.D. 2001 Galer\u00eda Arawuak Objetos de artistas (esculturas metal). 1999   Invitados XX Bienal Nacional de Bellas Artes. Museo de Arte Moderno Santo Domingo R.D.  1998  Arte Latino Americano Providence  Rhode Island USA. 1997 Exposici\u00f3n de Dibujos en La Galer\u00eda, Santo Domingo, R.D. 1993  Trienal de Maubeuge, Francia. 1994 V Bienal de La Habana. 1992  Arte de Am\u00e9rica Latina, Museo de Nagoya, Jap\u00f3n.  Bienal del Deporte, Barcelona, Espa\u00f1a. 1991 Feria de Arte de Miami, USA y en el Sal\u00f3n de Marzo, Par\u00eds, Francia.  1990    ?Noviembre en Vitry. Veinte a\u00f1os despu\u00e9s? Galer\u00eda Municipal Vitry-sur. Seine, Francia. <\/span><\/p>\n<h6> 2009-06-30 16:23:34 <\/h6>\n<p><!--\n<link rel=\"stylesheet\" href=\"css\/bootstrap.min.css\">\n\n\n<ul class=\"pagination\">\n\t    \n\t\n\n<li >\n\t<a href='?page_no=21550'>Previous<\/a>\n\t<\/li>\n\n\n       \n    \n\n<li><a href='?page_no=1'>1<\/a><\/li>\n\n\n\n<li><a href='?page_no=2'>2<\/a><\/li>\n\n\n\n<li><a>...<\/a><\/li>\n\n\n\n<li><a href='?page_no=21549'>21549<\/a><\/li>\n\n\n\n<li><a href='?page_no=21550'>21550<\/a><\/li>\n\n\n\n<li class='active'><a>21551<\/a><\/li>\n\n\n\n<li><a href='?page_no=21552'>21552<\/a><\/li>\n\n\n\n<li><a href='?page_no=21553'>21553<\/a><\/li>\n\n\n\n<li><a>...<\/a><\/li>\n\n\n\n<li><a href='?page_no=22911'>22911<\/a><\/li>\n\n\n\n<li><a href='?page_no=22912'>22912<\/a><\/li>\n\n    \n\t\n\n<li >\n\t<a href='?page_no=21552'>Next<\/a>\n\t<\/li>\n\n\n    \n\n<li><a href='?page_no=22912'>Last &rsaquo;&rsaquo;<\/a><\/li>\n\n<\/ul>\n\n\n--><br \/>\n<\/body><\/p>\n","protected":false},"excerpt":{"rendered":"<p>La Secretar\u00eda de Estado de Cultura, el Museo de Arte Moderno y el Comit\u00e9 Organizador de la 25 Bienal Nacional de Artes Visuales dieron a conocer los nombres de los miembros de los jurados de Selecci\u00f3n y Premiaci\u00f3n del magno evento de la pl\u00e1stica nacional y ofrecieron detalles de la inauguraci\u00f3n. La 25 Bienal Nacional [&hellip;]<\/p>\n","protected":false},"author":3,"featured_media":0,"comment_status":"open","ping_status":"open","sticky":false,"template":"","format":"standard","meta":{"footnotes":""},"categories":[21],"tags":[],"class_list":["post-69873","post","type-post","status-publish","format-standard","hentry","category-cultura"],"_links":{"self":[{"href":"https:\/\/diariodominicano.com\/index.php?rest_route=\/wp\/v2\/posts\/69873","targetHints":{"allow":["GET"]}}],"collection":[{"href":"https:\/\/diariodominicano.com\/index.php?rest_route=\/wp\/v2\/posts"}],"about":[{"href":"https:\/\/diariodominicano.com\/index.php?rest_route=\/wp\/v2\/types\/post"}],"author":[{"embeddable":true,"href":"https:\/\/diariodominicano.com\/index.php?rest_route=\/wp\/v2\/users\/3"}],"replies":[{"embeddable":true,"href":"https:\/\/diariodominicano.com\/index.php?rest_route=%2Fwp%2Fv2%2Fcomments&post=69873"}],"version-history":[{"count":0,"href":"https:\/\/diariodominicano.com\/index.php?rest_route=\/wp\/v2\/posts\/69873\/revisions"}],"wp:attachment":[{"href":"https:\/\/diariodominicano.com\/index.php?rest_route=%2Fwp%2Fv2%2Fmedia&parent=69873"}],"wp:term":[{"taxonomy":"category","embeddable":true,"href":"https:\/\/diariodominicano.com\/index.php?rest_route=%2Fwp%2Fv2%2Fcategories&post=69873"},{"taxonomy":"post_tag","embeddable":true,"href":"https:\/\/diariodominicano.com\/index.php?rest_route=%2Fwp%2Fv2%2Ftags&post=69873"}],"curies":[{"name":"wp","href":"https:\/\/api.w.org\/{rel}","templated":true}]}}