{"id":69872,"date":"2009-06-30T16:24:52","date_gmt":"2009-06-30T16:24:52","guid":{"rendered":"http:\/\/diariodominicano.ddns.net\/?p=69872"},"modified":"2009-06-30T16:24:52","modified_gmt":"2009-06-30T16:24:52","slug":"rinden-homenaje-a-juan-bosch-con-exposicion-de-pintura-y-escultura-en-aduanas","status":"publish","type":"post","link":"https:\/\/diariodominicano.com\/?p=69872","title":{"rendered":"Rinden homenaje a Juan Bosch con exposici\u00f3n de pintura y escultura en Aduanas"},"content":{"rendered":"<p><body><\/p>\n<p><img decoding=\"async\" src=\"http:\/\/localhost:8080\/img3\/boch.jpg\" \/>  <\/p>\n<p><span class=\"text1noticias\">Con la asistencia de un nutrido grupo de artistas, diplom\u00e1ticos, funcionarios y p\u00fablico en general fue inaugurada este lunes la Exposici\u00f3n Homenaje al profesor Juan Bosch, por la Fundaci\u00f3n de Patrimonio Cultural de la Direcci\u00f3n General de Aduanas, con motivo de conmemorarse este a\u00f1o el centenario del natalicio del celebrado escritor y dirigente pol\u00edtico.<\/span><\/p>\n<p><span class=\"text1noticias\"> <\/span><\/p>\n<p><span class=\"text1noticias\">El doctor Pedro Luciano Verg\u00e9 Cim\u00e1n, presidente de la Fundaci\u00f3n, expres\u00f3 en el acto inaugural que la muestra expuesta es una representaci\u00f3n de lo  mejor de lo mejor de las obras con que cuenta Aduanas.<\/span><\/p>\n<p><span class=\"text1noticias\"> <\/span><\/p>\n<p><span class=\"text1noticias\">Destac\u00f3 el que en las paredes de una instituci\u00f3n en la que es normal ver papeles, documentos y personas en gestiones de servicios aduanales ahora se puede apreciar obras de mucho valor art\u00edstico. ?Esto es expresi\u00f3n de lo que podr\u00eda significar la unidad de lo est\u00e9tico con lo pol\u00edtico?, refiri\u00f3.<\/span><\/p>\n<p><span class=\"text1noticias\"> <\/span><\/p>\n<p><span class=\"text1noticias\">El director de Aduanas, licenciado Rafael Camilo, por su parte,  expres\u00f3 que con este homenaje Aduanas se pone presente en las actividades conmemorativas del centenario del  natalicio de Juan  Bosch, al que calific\u00f3 de extraordinario dominicano.<\/span><\/p>\n<p><span class=\"text1noticias\"> <\/span><\/p>\n<p><span class=\"text1noticias\">En opini\u00f3n de Camilo la mejor forma de recordar a Juan Bosch es manteniendo su visi\u00f3n sobre el compromiso \u00e9tico y moral y la responsabilidad social.  ?Y con algo que \u00e9l, don Juan, mantuvo siempre: su lucha por la justicia social?.<\/span><\/p>\n<p><span class=\"text1noticias\"> <\/span><\/p>\n<p><span class=\"text1noticias\">Camilo destac\u00f3 la preocupaci\u00f3n de Juan  Bosch por institucionalizar al  pa\u00eds, haciendo que las leyes se apliquen y las que la realidad impidan su aplicaci\u00f3n, cambi\u00e1ndolas.<\/span><\/p>\n<p><span class=\"text1noticias\"> <\/span><\/p>\n<p><span class=\"text1noticias\">El director de Aduanas puso de relieve la similitud que ve entre  esas preocupaciones que Bosch mantuvo durante toda su vida y las de Miguel Cocco. ?Esos fueron sus ideales?, reiter\u00f3.<\/span><\/p>\n<p><span class=\"text1noticias\"> <\/span><\/p>\n<p><span class=\"text1noticias\">Esta exposici\u00f3n marca el inicio de un conjunto de actividades que la Fundaci\u00f3n del Patrimonio Cultural de la Direcci\u00f3n General de Aduanas tiene programado para este a\u00f1o.<\/span><\/p>\n<p><span class=\"text1noticias\"> <\/span><\/p>\n<p><span class=\"text1noticias\">Adem\u00e1s del doctor Verg\u00e9s Cim\u00e1n, integran la Fundaci\u00f3n la licenciada Eridania Mir Mendoza, vicepresidenta; el arquitecto V\u00edctor Gustavo Bison\u00f3 Pichardo, quien en calidad de comisario desempe\u00f1a la funci\u00f3n de tesorero; Rosa Mar\u00eda Vicioso Tuero, Secretaria; y el cr\u00edtico de arte C\u00e1ndido Ara\u00fajo Ger\u00f3n, Mar\u00eda del Carmen Ossaye Tejera y Virginia Elisa Franco Hern\u00e1ndez, como vocales.<\/span><\/p>\n<p><span class=\"text1noticias\"> <\/span><\/p>\n<p><span class=\"text1noticias\">En el acto inaugural de la exposici\u00f3n, instalada en el vest\u00edbulo de la Direcci\u00f3n  General de Aduanas, estuvieron presentes, entre otros, los artistas Elsa N\u00fa\u00f1ez, Ram\u00f3n Oviedo, Domingo Liz, Freddy Javier, Antonio Guadalupe, C\u00e1ndido Bid\u00f3, Amable L\u00f3pez, presidente de la Asociaci\u00f3n de Cr\u00edtico de Arte,  y Rosa Tav\u00e1rez; en tanto que entre los diplom\u00e1ticos  se destacan Natacha S\u00e1nchez, Ana Silvia Reynoso y Eduardo Selman.<\/span><\/p>\n<p><span class=\"text1noticias\"> <\/span><\/p>\n<p><span class=\"text1noticias\">La exposici\u00f3n muestra obras de Ada Balc\u00e1cer, Domingo Liz, Eligio  Pichardo, Fernando Pe\u00f1a Defill\u00f3, Gaspar Mario Cruz, Gilberto Hern\u00e1ndez Ortega, Elsa N\u00fa\u00f1ez, Clara Ledesma, Jaime Colson, Yoryi Morel, Iv\u00e1n Tovar, Ram\u00f3n Oviedo, Rosa Tav\u00e1rez y Jos\u00e9 Rinc\u00f3n Mora, entre otros.<\/span><\/p>\n<h6> 2009-06-30 16:24:52 <\/h6>\n<p><!--\n<link rel=\"stylesheet\" href=\"css\/bootstrap.min.css\">\n\n\n<ul class=\"pagination\">\n\t    \n\t\n\n<li >\n\t<a href='?page_no=21549'>Previous<\/a>\n\t<\/li>\n\n\n       \n    \n\n<li><a href='?page_no=1'>1<\/a><\/li>\n\n\n\n<li><a href='?page_no=2'>2<\/a><\/li>\n\n\n\n<li><a>...<\/a><\/li>\n\n\n\n<li><a href='?page_no=21548'>21548<\/a><\/li>\n\n\n\n<li><a href='?page_no=21549'>21549<\/a><\/li>\n\n\n\n<li class='active'><a>21550<\/a><\/li>\n\n\n\n<li><a href='?page_no=21551'>21551<\/a><\/li>\n\n\n\n<li><a href='?page_no=21552'>21552<\/a><\/li>\n\n\n\n<li><a>...<\/a><\/li>\n\n\n\n<li><a href='?page_no=22911'>22911<\/a><\/li>\n\n\n\n<li><a href='?page_no=22912'>22912<\/a><\/li>\n\n    \n\t\n\n<li >\n\t<a href='?page_no=21551'>Next<\/a>\n\t<\/li>\n\n\n    \n\n<li><a href='?page_no=22912'>Last &rsaquo;&rsaquo;<\/a><\/li>\n\n<\/ul>\n\n\n--><br \/>\n<\/body><\/p>\n","protected":false},"excerpt":{"rendered":"<p>Con la asistencia de un nutrido grupo de artistas, diplom\u00e1ticos, funcionarios y p\u00fablico en general fue inaugurada este lunes la Exposici\u00f3n Homenaje al profesor Juan Bosch, por la Fundaci\u00f3n de Patrimonio Cultural de la Direcci\u00f3n General de Aduanas, con motivo de conmemorarse este a\u00f1o el centenario del natalicio del celebrado escritor y dirigente pol\u00edtico. El [&hellip;]<\/p>\n","protected":false},"author":3,"featured_media":0,"comment_status":"open","ping_status":"open","sticky":false,"template":"","format":"standard","meta":{"footnotes":""},"categories":[21],"tags":[],"class_list":["post-69872","post","type-post","status-publish","format-standard","hentry","category-cultura"],"_links":{"self":[{"href":"https:\/\/diariodominicano.com\/index.php?rest_route=\/wp\/v2\/posts\/69872","targetHints":{"allow":["GET"]}}],"collection":[{"href":"https:\/\/diariodominicano.com\/index.php?rest_route=\/wp\/v2\/posts"}],"about":[{"href":"https:\/\/diariodominicano.com\/index.php?rest_route=\/wp\/v2\/types\/post"}],"author":[{"embeddable":true,"href":"https:\/\/diariodominicano.com\/index.php?rest_route=\/wp\/v2\/users\/3"}],"replies":[{"embeddable":true,"href":"https:\/\/diariodominicano.com\/index.php?rest_route=%2Fwp%2Fv2%2Fcomments&post=69872"}],"version-history":[{"count":0,"href":"https:\/\/diariodominicano.com\/index.php?rest_route=\/wp\/v2\/posts\/69872\/revisions"}],"wp:attachment":[{"href":"https:\/\/diariodominicano.com\/index.php?rest_route=%2Fwp%2Fv2%2Fmedia&parent=69872"}],"wp:term":[{"taxonomy":"category","embeddable":true,"href":"https:\/\/diariodominicano.com\/index.php?rest_route=%2Fwp%2Fv2%2Fcategories&post=69872"},{"taxonomy":"post_tag","embeddable":true,"href":"https:\/\/diariodominicano.com\/index.php?rest_route=%2Fwp%2Fv2%2Ftags&post=69872"}],"curies":[{"name":"wp","href":"https:\/\/api.w.org\/{rel}","templated":true}]}}