{"id":69871,"date":"2009-06-30T19:31:24","date_gmt":"2009-06-30T19:31:24","guid":{"rendered":"http:\/\/diariodominicano.ddns.net\/?p=69871"},"modified":"2009-06-30T19:31:24","modified_gmt":"2009-06-30T19:31:24","slug":"un-obispo-prohibe-una-obra-de-dario-fo-que-cuestiona-a-giotto","status":"publish","type":"post","link":"https:\/\/diariodominicano.com\/?p=69871","title":{"rendered":"Un obispo proh\u00edbe una obra de Dario Fo que cuestiona a Giotto"},"content":{"rendered":"<p><body><\/p>\n<p><img decoding=\"async\" src=\"img3\/obra.jpg\" \/>  <\/p>\n<p><span class=\"text1noticias\">El prelado de As\u00eds veta que se represente una pieza que duda de que el pintor italiano sea el autor de los frescos de la bas\u00edlica de San Francisco <\/span><\/p>\n<\/p>\n<p><span class=\"text1noticias\">EFE &#8211; Roma &#8211; 30\/06\/2009 <\/span><\/p>\n<p><span class=\"text1noticias\"> <\/span><\/p>\n<p><span class=\"text1noticias\">El obispo de As\u00eds, Domenico Sorrentino, ha prohibido la puesta en escena de la obra Giotto o non Giotto?, del dramaturgo y premio Nobel italiano Dar\u00edo Fo, en la plaza de la bas\u00edlica de San Francisco debido a que el espect\u00e1culo pone en duda la autor\u00eda de los frescos que se encuentran en este templo.<\/span><\/p>\n<\/p>\n<p><span class=\"text1noticias\">Seg\u00fan publica hoy el diario italiano \u00abLa Stampa\u00bb, la obra teatral -un mon\u00f3logo de cinco horas que se representa en dos noches- sostiene que el pintor italiano medieval Giotto no pudo haber pintado los frescos de la bas\u00edlica de As\u00eds porque era \u00abdemasiado joven para tener un encargo tan importante\u00bb en este lugar.<\/span><\/p>\n<\/p>\n<p><span class=\"text1noticias\">Seg\u00fan los organizadores de la obra, el Obispado de As\u00eds les transmiti\u00f3 que no se llevar\u00edan a cabo m\u00e1s espect\u00e1culos frente a la fachada de la iglesia, a pesar de que el pasado 12 de junio los cantantes Renato Zero, Tiziano Ferro y Raf ofrecieron un concierto en este mismo lugar.<\/span><\/p>\n<\/p>\n<p><span class=\"text1noticias\">\u00abEst\u00e1n bien las canciones frente a la bas\u00edlica de San Francisco, est\u00e1n bien las bailarinas e incluso los n\u00fameros de cabar\u00e9 pero, por favor, nada de historia del arte\u00bb, ha ironizado el hijo de Dar\u00edo Fo, Jacopo, sobre la decisi\u00f3n del obispo, y ha puntualizado que \u00abde nuevo un mal entendido sentido de lo sagrado lleva a las jerarqu\u00edas eclesi\u00e1sticas a practicar la censura\u00bb. En el mismo sentido se ha expresado el Nobel de Literatura, para quien se trata de una \u00abcensura preventiva\u00bb.<\/span><\/p>\n<\/p>\n<p><span class=\"text1noticias\">\u00abEste es el signo de los tiempos. Es verdaderamente una expresi\u00f3n de ese retr\u00f3grado conservadurismo cultural para el cual toda alteraci\u00f3n del &#8216;status quo&#8217; se convierte en un acto de blasfemia\u00bb ha a\u00f1adido Fo. Antes del literato italiano, otros estudiosos han puesto en duda que los frescos de la nave central de la bas\u00edlica sean de Giotto, como el restaurador Bruno Zanardi, quien en 1996 apunt\u00f3 la posibilidad de que \u00abla mayor parte\u00bb de los 28 recuadros del ciclo franciscano fueran pintados en realidad por Pietro Cavallini. Tambi\u00e9n el reputado cr\u00edtico de arte italiano Federico Zeri corrobor\u00f3 la tesis de Zanardi.<\/span><\/p>\n<h6> 2009-06-30 19:31:24 <\/h6>\n<p><!--\n<link rel=\"stylesheet\" href=\"css\/bootstrap.min.css\">\n\n\n<ul class=\"pagination\">\n\t    \n\t\n\n<li >\n\t<a href='?page_no=21548'>Previous<\/a>\n\t<\/li>\n\n\n       \n    \n\n<li><a href='?page_no=1'>1<\/a><\/li>\n\n\n\n<li><a href='?page_no=2'>2<\/a><\/li>\n\n\n\n<li><a>...<\/a><\/li>\n\n\n\n<li><a href='?page_no=21547'>21547<\/a><\/li>\n\n\n\n<li><a href='?page_no=21548'>21548<\/a><\/li>\n\n\n\n<li class='active'><a>21549<\/a><\/li>\n\n\n\n<li><a href='?page_no=21550'>21550<\/a><\/li>\n\n\n\n<li><a href='?page_no=21551'>21551<\/a><\/li>\n\n\n\n<li><a>...<\/a><\/li>\n\n\n\n<li><a href='?page_no=22911'>22911<\/a><\/li>\n\n\n\n<li><a href='?page_no=22912'>22912<\/a><\/li>\n\n    \n\t\n\n<li >\n\t<a href='?page_no=21550'>Next<\/a>\n\t<\/li>\n\n\n    \n\n<li><a href='?page_no=22912'>Last &rsaquo;&rsaquo;<\/a><\/li>\n\n<\/ul>\n\n\n--><br \/>\n<\/body><\/p>\n","protected":false},"excerpt":{"rendered":"<p>El prelado de As\u00eds veta que se represente una pieza que duda de que el pintor italiano sea el autor de los frescos de la bas\u00edlica de San Francisco EFE &#8211; Roma &#8211; 30\/06\/2009 El obispo de As\u00eds, Domenico Sorrentino, ha prohibido la puesta en escena de la obra Giotto o non Giotto?, del dramaturgo [&hellip;]<\/p>\n","protected":false},"author":3,"featured_media":0,"comment_status":"open","ping_status":"open","sticky":false,"template":"","format":"standard","meta":{"footnotes":""},"categories":[21],"tags":[],"class_list":["post-69871","post","type-post","status-publish","format-standard","hentry","category-cultura"],"_links":{"self":[{"href":"https:\/\/diariodominicano.com\/index.php?rest_route=\/wp\/v2\/posts\/69871","targetHints":{"allow":["GET"]}}],"collection":[{"href":"https:\/\/diariodominicano.com\/index.php?rest_route=\/wp\/v2\/posts"}],"about":[{"href":"https:\/\/diariodominicano.com\/index.php?rest_route=\/wp\/v2\/types\/post"}],"author":[{"embeddable":true,"href":"https:\/\/diariodominicano.com\/index.php?rest_route=\/wp\/v2\/users\/3"}],"replies":[{"embeddable":true,"href":"https:\/\/diariodominicano.com\/index.php?rest_route=%2Fwp%2Fv2%2Fcomments&post=69871"}],"version-history":[{"count":0,"href":"https:\/\/diariodominicano.com\/index.php?rest_route=\/wp\/v2\/posts\/69871\/revisions"}],"wp:attachment":[{"href":"https:\/\/diariodominicano.com\/index.php?rest_route=%2Fwp%2Fv2%2Fmedia&parent=69871"}],"wp:term":[{"taxonomy":"category","embeddable":true,"href":"https:\/\/diariodominicano.com\/index.php?rest_route=%2Fwp%2Fv2%2Fcategories&post=69871"},{"taxonomy":"post_tag","embeddable":true,"href":"https:\/\/diariodominicano.com\/index.php?rest_route=%2Fwp%2Fv2%2Ftags&post=69871"}],"curies":[{"name":"wp","href":"https:\/\/api.w.org\/{rel}","templated":true}]}}