{"id":69870,"date":"2009-06-30T19:33:56","date_gmt":"2009-06-30T19:33:56","guid":{"rendered":"http:\/\/diariodominicano.ddns.net\/?p=69870"},"modified":"2009-06-30T19:33:56","modified_gmt":"2009-06-30T19:33:56","slug":"u2-arranca-en-barcelona-su-gira-mundial","status":"publish","type":"post","link":"https:\/\/diariodominicano.com\/?p=69870","title":{"rendered":"U2 arranca en Barcelona su gira mundial"},"content":{"rendered":"<p><body><\/p>\n<p><img decoding=\"async\" src=\"img3\/u2.jpg\" \/>  <\/p>\n<p><span class=\"text1noticias\">Los irlandeses causan enorme expectaci\u00f3n en su primer concierto del tour &#8216;360\u00ba&#8217; <\/span><\/p>\n<\/p>\n<p><span class=\"text1noticias\">AGENCIAS &#8211; Barcelona &#8211; 30\/06\/2009 <\/span><\/p>\n<p><span class=\"text1noticias\"> <\/span><\/p>\n<p><span class=\"text1noticias\">Centenares de personas hacen cola desde ayer en la calle para ver a U2 esta noche en el Camp Nou de Barcelona, en el primer concierto de su gira 360\u00ba, que debe su nombre al nuevo escenario giratorio y con visibilidad por los cuatro costados. Los irlandeses desplegar\u00e1n esta noche un espect\u00e1culo musical ante 90.000 personas.<\/span><\/p>\n<\/p>\n<p><span class=\"text1noticias\">Las puertas del estadio se abrieron a las 17 horas, pero algunos de los presentes como Santi de Madrid han explicado que llevan m\u00e1s de \u00ab30 horas esperando en la puerta con mucho calor y hambre\u00bb. \u00abEso no quita que espere ansioso\u00bb el inicio de la gira en Barcelona en la que no dud\u00f3 que habr\u00e1 \u00abbuena m\u00fasica\u00bb, a\u00f1adi\u00f3 en declaraciones a Europa Press.<\/span><\/p>\n<\/p>\n<p><span class=\"text1noticias\">Por su parte, una valenciana que espera en la puerta desde ayer por la tarde ha dicho que \u00abeste inicio de gira ser\u00e1 \u00fanico\u00bb y mostr\u00f3 sus enseres fundamentales, \u00abuna sombrilla, comida y mucha agua\u00bb, para pasar mejor las horas. Otro seguidor del grupo, V\u00edctor, mencion\u00f3 c\u00f3mo fue el concierto de ayer por la <\/span><\/p>\n<p><span class=\"text1noticias\">noche y afirm\u00f3 que \u00absonaba muy bien\u00bb.<\/span><\/p>\n<\/p>\n<p><span class=\"text1noticias\">Tanto la estructura del escenario como las pantallas giran 360 grados y disponen de varias estructuras m\u00f3viles que consiguen m\u00e1s capacidad de p\u00fablico y, por lo tanto, m\u00e1s variedad en los precios de las entradas.<\/span><\/p>\n<\/p>\n<p><span class=\"text1noticias\">Con las 90.000 entradas agotadas para hoy, U2 dar\u00e1 un segundo concierto en la capital catalana el 2 de julio en el mismo recinto -a\u00fan hay entradas a la venta-. En el &#8216;show&#8217;, que durar\u00e1 algo m\u00e1s de dos horas, U2 tocar\u00e1 entre 20 y 22 canciones, entre ellas no faltar\u00e1n las de su nuevo disco, &#8216;No line on the horizon&#8217;. Con un coste de m\u00e1s de 70 millones de euros, el tour est\u00e1 considerado como el m\u00e1s caro del grupo hasta la fecha.<\/span><\/p>\n<h6> 2009-06-30 19:33:56 <\/h6>\n<p><!--\n<link rel=\"stylesheet\" href=\"css\/bootstrap.min.css\">\n\n\n<ul class=\"pagination\">\n\t    \n\t\n\n<li >\n\t<a href='?page_no=21547'>Previous<\/a>\n\t<\/li>\n\n\n       \n    \n\n<li><a href='?page_no=1'>1<\/a><\/li>\n\n\n\n<li><a href='?page_no=2'>2<\/a><\/li>\n\n\n\n<li><a>...<\/a><\/li>\n\n\n\n<li><a href='?page_no=21546'>21546<\/a><\/li>\n\n\n\n<li><a href='?page_no=21547'>21547<\/a><\/li>\n\n\n\n<li class='active'><a>21548<\/a><\/li>\n\n\n\n<li><a href='?page_no=21549'>21549<\/a><\/li>\n\n\n\n<li><a href='?page_no=21550'>21550<\/a><\/li>\n\n\n\n<li><a>...<\/a><\/li>\n\n\n\n<li><a href='?page_no=22911'>22911<\/a><\/li>\n\n\n\n<li><a href='?page_no=22912'>22912<\/a><\/li>\n\n    \n\t\n\n<li >\n\t<a href='?page_no=21549'>Next<\/a>\n\t<\/li>\n\n\n    \n\n<li><a href='?page_no=22912'>Last &rsaquo;&rsaquo;<\/a><\/li>\n\n<\/ul>\n\n\n--><br \/>\n<\/body><\/p>\n","protected":false},"excerpt":{"rendered":"<p>Los irlandeses causan enorme expectaci\u00f3n en su primer concierto del tour &#8216;360\u00ba&#8217; AGENCIAS &#8211; Barcelona &#8211; 30\/06\/2009 Centenares de personas hacen cola desde ayer en la calle para ver a U2 esta noche en el Camp Nou de Barcelona, en el primer concierto de su gira 360\u00ba, que debe su nombre al nuevo escenario giratorio [&hellip;]<\/p>\n","protected":false},"author":3,"featured_media":0,"comment_status":"open","ping_status":"open","sticky":false,"template":"","format":"standard","meta":{"footnotes":""},"categories":[21],"tags":[],"class_list":["post-69870","post","type-post","status-publish","format-standard","hentry","category-cultura"],"_links":{"self":[{"href":"https:\/\/diariodominicano.com\/index.php?rest_route=\/wp\/v2\/posts\/69870","targetHints":{"allow":["GET"]}}],"collection":[{"href":"https:\/\/diariodominicano.com\/index.php?rest_route=\/wp\/v2\/posts"}],"about":[{"href":"https:\/\/diariodominicano.com\/index.php?rest_route=\/wp\/v2\/types\/post"}],"author":[{"embeddable":true,"href":"https:\/\/diariodominicano.com\/index.php?rest_route=\/wp\/v2\/users\/3"}],"replies":[{"embeddable":true,"href":"https:\/\/diariodominicano.com\/index.php?rest_route=%2Fwp%2Fv2%2Fcomments&post=69870"}],"version-history":[{"count":0,"href":"https:\/\/diariodominicano.com\/index.php?rest_route=\/wp\/v2\/posts\/69870\/revisions"}],"wp:attachment":[{"href":"https:\/\/diariodominicano.com\/index.php?rest_route=%2Fwp%2Fv2%2Fmedia&parent=69870"}],"wp:term":[{"taxonomy":"category","embeddable":true,"href":"https:\/\/diariodominicano.com\/index.php?rest_route=%2Fwp%2Fv2%2Fcategories&post=69870"},{"taxonomy":"post_tag","embeddable":true,"href":"https:\/\/diariodominicano.com\/index.php?rest_route=%2Fwp%2Fv2%2Ftags&post=69870"}],"curies":[{"name":"wp","href":"https:\/\/api.w.org\/{rel}","templated":true}]}}