{"id":69869,"date":"2009-06-30T20:32:30","date_gmt":"2009-06-30T20:32:30","guid":{"rendered":"http:\/\/diariodominicano.ddns.net\/?p=69869"},"modified":"2009-06-30T20:32:30","modified_gmt":"2009-06-30T20:32:30","slug":"la-seic-celebra-con-varias-actividades-43-aniversario-de-su-fundacion","status":"publish","type":"post","link":"https:\/\/diariodominicano.com\/?p=69869","title":{"rendered":"LA SEIC CELEBRA CON VARIAS ACTIVIDADES 43 ANIVERSARIO DE SU FUNDACI\u00d3N"},"content":{"rendered":"<p><body><\/p>\n<p><img decoding=\"async\" src=\"img3\/patri.jpg\" \/>  <\/p>\n<p><span class=\"text1noticias\">En la ocasi\u00f3n de celebrarse el 43 aniversario de su fundaci\u00f3n, la Secretar\u00eda de Estado de Industria y Comercio (SEIC) celebr\u00f3 este martes una misa en acci\u00f3n de gracia y deposit\u00f3 una ofrenda floral en el Altar de la Patria, como tributo a los forjadores de la naci\u00f3n dominicana.<\/span><\/p>\n<\/p>\n<p><span class=\"text1noticias\">La misa tuvo lugar en la Iglesia el Buen Pastor, del sector Evaristo Morales, y fue oficiada por el padre Manuel Garc\u00eda, vicario parroquial.<\/span><\/p>\n<\/p>\n<p><span class=\"text1noticias\">Tanto el oficio religioso como la Ofrenda Floral, contaron con la asistencia de altos funcionarios de la SEIC, entre los que se destacan los subsecretarios Marcelo Puello, Anina del Castillo, Ram\u00f3n de Le\u00f3n Acosta, el director administrativo y financiero, \u00c9lcido Amarante y la directora de Recursos Humanos, Jackeline Monegro. <\/span><\/p>\n<\/p>\n<p><span class=\"text1noticias\">El subsecretario Marcelo Puello, quien ostent\u00f3 la representaci\u00f3n del ministro de Industria y Comercio, licenciado Jos\u00e9 Ram\u00f3n Fadul, destac\u00f3 que ?nuestro aniversario debe servirnos siempre de impulso para renovar y fortalecer nuestro inter\u00e9s de ofrecer  a la sociedad los mejores servicios institucionales.<\/span><\/p>\n<\/p>\n<p><span class=\"text1noticias\">Puello destac\u00f3 que el aniversario de la SEIC reviste una mayor connotaci\u00f3n porque coincide con la celebraci\u00f3n del centenario del natalicio del profesor Juan Bosch, fundador del Partido de la Liberaci\u00f3n Dominicana, a quien defini\u00f3 como ?uno de los dominicanos m\u00e1s ilustres de nuestra historia?.<\/span><\/p>\n<\/p>\n<p><span class=\"text1noticias\">La Secretar\u00eda de Estado de Industria y Comercio tiene sus or\u00edgenes con la fundaci\u00f3n misma de la Rep\u00fablica Dominicana, ya que en la primera Carta Magna de la Naci\u00f3n, en el a\u00f1o 1844, el  Poder Ejecutivo se estructur\u00f3 con cuatro ministerios y uno de ellos fue el ?Ministerio de Hacienda y Comercio?.<\/span><\/p>\n<\/p>\n<p><span class=\"text1noticias\">Seg\u00fan una explicaci\u00f3n de la Direcci\u00f3n de Comunicaciones, la SEIC  ha experimentado desde su creaci\u00f3n varios cambios, entre los cuales se destacan que en el a\u00f1o 1934, por disposici\u00f3n contenida en la Ley de Secretar\u00edas de Estado n\u00famero 786, se le denomina ?Secretar\u00eda de Estado de Trabajo, Agricultura e Industria y Comercio.<\/span><\/p>\n<\/p>\n<p><span class=\"text1noticias\">?El 31 de mayo de 1935, mediante la Ley 914, se divide en dos nuevas secretar\u00edas de Estado: ?Secretar\u00eda de Agricultura y Trabajo? y ?Secretar\u00eda de Estado de Comercio e Industria?, indica.<\/span><\/p>\n<\/p>\n<p><span class=\"text1noticias\">Agrega que el 4 de marzo de 1936, mediante la Ley Num. 1074, que modifica la Ley de Secretar\u00edas de Estado, se establece la ?Secretar\u00eda de Estado de Agricultura? y la ?Secretar\u00eda de Estado de Comercio, Industria y Trabajo? y en los art\u00edculos 2 y 3 de dicha Ley se transfieren las funciones relativas al trabajo a la Secretar\u00eda de Comercio, Industria y Trabajo.<\/span><\/p>\n<\/p>\n<p><span class=\"text1noticias\">En los a\u00f1os siguientes, destaca,  la SEIC  continu\u00f3 siendo objeto de nuevos cambios de denominaci\u00f3n. El 15 de diciembre de 1956 se emite el Decreto 2306 que, entre otros cambios, en su estructura la denomina como ?Secretar\u00eda de Estado de<\/span><\/p>\n<p><span class=\"text1noticias\">Industria y Comercio?.<\/span><\/p>\n<\/p>\n<p><span class=\"text1noticias\">El 11 de septiembre de 1959, con el Decreto N\u00fam. 5137 se refunden las secretar\u00edas de Estado de Agricultura y la de Industria y Comercio en una sola, con la denominaci\u00f3n de ?Secretar\u00eda de Estado de Agricultura y Comercio?.<\/span><\/p>\n<\/p>\n<p><span class=\"text1noticias\"> Asimismo, a la ?Secretar\u00eda de Estado de Trabajo?, mediante el mismo decreto, se le denomina ?Secretar\u00eda de Estado de Trabajo e Industria?, separando en dos secretar\u00edas diferentes las funciones relativas al comercio y la industria, que en ese entonces estaban bajo la jurisdicci\u00f3n de una sola secretar\u00eda. Posteriormente, estas actividades vuelven a estar juntas<\/span><\/p>\n<\/p>\n<p><span class=\"text1noticias\">El 11 de abril de 1961, mediante el Decreto 6603, se separa la regulaci\u00f3n de las actividades comerciales e industriales de las secretar\u00edas enunciadas en el p\u00e1rrafo anterior y crea el Ministerio de Industria y Comercio, lo que adquiere fuerza de Ley el 30 de junio del a\u00f1o 1966, con la promulgaci\u00f3n de la Ley Org\u00e1nica N\u00fam. 290-66. <\/span><\/p>\n<\/p>\n<p><span class=\"text1noticias\">El 12 de agosto de 1966 se dicta su Reglamento Org\u00e1nico y Funcional N\u00fam. 186, que establece la organizaci\u00f3n interna y las atribuciones espec\u00edficas de cada unidad org\u00e1nica del Ministerio de Industria y Comercio.<\/span><\/p>\n<h6> 2009-06-30 20:32:30 <\/h6>\n<p><!--\n<link rel=\"stylesheet\" href=\"css\/bootstrap.min.css\">\n\n\n<ul class=\"pagination\">\n\t    \n\t\n\n<li >\n\t<a href='?page_no=21546'>Previous<\/a>\n\t<\/li>\n\n\n       \n    \n\n<li><a href='?page_no=1'>1<\/a><\/li>\n\n\n\n<li><a href='?page_no=2'>2<\/a><\/li>\n\n\n\n<li><a>...<\/a><\/li>\n\n\n\n<li><a href='?page_no=21545'>21545<\/a><\/li>\n\n\n\n<li><a href='?page_no=21546'>21546<\/a><\/li>\n\n\n\n<li class='active'><a>21547<\/a><\/li>\n\n\n\n<li><a href='?page_no=21548'>21548<\/a><\/li>\n\n\n\n<li><a href='?page_no=21549'>21549<\/a><\/li>\n\n\n\n<li><a>...<\/a><\/li>\n\n\n\n<li><a href='?page_no=22911'>22911<\/a><\/li>\n\n\n\n<li><a href='?page_no=22912'>22912<\/a><\/li>\n\n    \n\t\n\n<li >\n\t<a href='?page_no=21548'>Next<\/a>\n\t<\/li>\n\n\n    \n\n<li><a href='?page_no=22912'>Last &rsaquo;&rsaquo;<\/a><\/li>\n\n<\/ul>\n\n\n--><br \/>\n<\/body><\/p>\n","protected":false},"excerpt":{"rendered":"<p>En la ocasi\u00f3n de celebrarse el 43 aniversario de su fundaci\u00f3n, la Secretar\u00eda de Estado de Industria y Comercio (SEIC) celebr\u00f3 este martes una misa en acci\u00f3n de gracia y deposit\u00f3 una ofrenda floral en el Altar de la Patria, como tributo a los forjadores de la naci\u00f3n dominicana. La misa tuvo lugar en la [&hellip;]<\/p>\n","protected":false},"author":3,"featured_media":0,"comment_status":"open","ping_status":"open","sticky":false,"template":"","format":"standard","meta":{"footnotes":""},"categories":[21],"tags":[],"class_list":["post-69869","post","type-post","status-publish","format-standard","hentry","category-cultura"],"_links":{"self":[{"href":"https:\/\/diariodominicano.com\/index.php?rest_route=\/wp\/v2\/posts\/69869","targetHints":{"allow":["GET"]}}],"collection":[{"href":"https:\/\/diariodominicano.com\/index.php?rest_route=\/wp\/v2\/posts"}],"about":[{"href":"https:\/\/diariodominicano.com\/index.php?rest_route=\/wp\/v2\/types\/post"}],"author":[{"embeddable":true,"href":"https:\/\/diariodominicano.com\/index.php?rest_route=\/wp\/v2\/users\/3"}],"replies":[{"embeddable":true,"href":"https:\/\/diariodominicano.com\/index.php?rest_route=%2Fwp%2Fv2%2Fcomments&post=69869"}],"version-history":[{"count":0,"href":"https:\/\/diariodominicano.com\/index.php?rest_route=\/wp\/v2\/posts\/69869\/revisions"}],"wp:attachment":[{"href":"https:\/\/diariodominicano.com\/index.php?rest_route=%2Fwp%2Fv2%2Fmedia&parent=69869"}],"wp:term":[{"taxonomy":"category","embeddable":true,"href":"https:\/\/diariodominicano.com\/index.php?rest_route=%2Fwp%2Fv2%2Fcategories&post=69869"},{"taxonomy":"post_tag","embeddable":true,"href":"https:\/\/diariodominicano.com\/index.php?rest_route=%2Fwp%2Fv2%2Ftags&post=69869"}],"curies":[{"name":"wp","href":"https:\/\/api.w.org\/{rel}","templated":true}]}}