{"id":69868,"date":"2009-07-01T15:29:18","date_gmt":"2009-07-01T15:29:18","guid":{"rendered":"http:\/\/diariodominicano.ddns.net\/?p=69868"},"modified":"2009-07-01T15:29:18","modified_gmt":"2009-07-01T15:29:18","slug":"rodriguez-soriano-sigue-contagiando-el-mal-del-tiempo-ahora-viaja-a-santo-domingo-san-cristobal-santiago-y-constanza-en-republica-dominicana-del-2-al-10-de-julio","status":"publish","type":"post","link":"https:\/\/diariodominicano.com\/?p=69868","title":{"rendered":"Rodr\u00edguez Soriano sigue contagiando ?El mal del tiempo? AHORA VIAJA A SANTO DOMINGO, SAN CRIST\u00d3BAL, SANTIAGO Y CONSTANZA EN REP\u00daBLICA DOMINICANA [DEL 2 AL 10 DE JULIO]&#13;"},"content":{"rendered":"<p><body><\/p>\n<p><img decoding=\"async\" src=\"img3\/culto.jpg\" \/>  <\/p>\n<p><span class=\"text1noticias\">Miami, FL. ? Luego de una exitosa jornada de presentaciones por el noreste de Estados Unidos, Ren\u00e9 Rodr\u00edguez Soriano viaja esta semana a la Rep\u00fablica Dominicana a presentar El mal del tiempo y a participar en una serie de lecturas, firmas y encuentros con estudiantes y profesores universitarios que han trabajado con su novela ganadora del Premio UCE 2007.<\/span><\/p>\n<p><span class=\"text1noticias\"> <\/span><\/p>\n<p><span class=\"text1noticias\">La primera actividad de Rodr\u00edguez Soriano en Santo Domingo ser\u00e1 el mi\u00e9rcoles 2 de julio en la Fundaci\u00f3n Juan May\u00ed de la Calle Arzobispo Portes #120 de la Zona Colonial. All\u00ed , adem\u00e1s de la lectura de su exitosa novela, el autor firmar\u00e1 libros y sostendr\u00e1 un di\u00e1logo con el p\u00fablico. El encuentro est\u00e1 fijado para las 7:30 PM.<\/span><\/p>\n<p><span class=\"text1noticias\"> <\/span><\/p>\n<p><span class=\"text1noticias\">El mal del tiempo es una especie de mosaico que descompone y recompone un oscuro per\u00edodo de la historia dominicana, ?un extra\u00f1o diario que da cuenta de c\u00f3mo un personaje, inmerso en una sociedad ahogada por la represi\u00f3n y la desinformaci\u00f3n, se transforma y radicaliza casi hasta la enajenaci\u00f3n?. La novela, ganadora del importante Premio de la Universidad Central del Este ha sido tambi\u00e9n objeto de estudio en centros acad\u00e9micos de Puerto Rico y Estados Unidos.<\/span><\/p>\n<p><span class=\"text1noticias\"> <\/span><\/p>\n<p><span class=\"text1noticias\">El viernes 3 de julio el autor dominicano sostendr\u00e1 un amplio di\u00e1logo con m\u00e1s de un centenar de estudiantes de letras de la Universidad Apec , a quienes durante el presente cuatrimestre les fue asignado el texto dentro del programa ?El autor y su obra?. El encuentro est\u00e1 fijado para las 5 de la tarde en el Sal\u00f3n Rodr\u00edguez Rib de la importante instituci\u00f3n acad\u00e9mica.<\/span><\/p>\n<p><span class=\"text1noticias\"> <\/span><\/p>\n<p><span class=\"text1noticias\">Para el martes 7 de julio, como parte de las actividades de la Fundaci\u00f3n Literaria An\u00edbal Monta\u00f1o de San Crist\u00f3bal, tendr\u00e1 lugar la presentaci\u00f3n de la novela, as\u00ed como un encuentro de Rodr\u00edguez Soriano con los Escritores de la Fundaci\u00f3n. La presentaci\u00f3n se llevar\u00e1 a cabo en el local del Colegio de Periodistas, en el segundo piso de la Gobernaci\u00f3n Provincial.  <\/span><\/p>\n<p><span class=\"text1noticias\"> <\/span><\/p>\n<p><span class=\"text1noticias\">Como en una especie de diario, compuesto por 13 cuadernos, El mal del tiempo recrea ese sentimiento de generaci\u00f3n reprimida que vivieron los dominicanos durante los repetidos gobiernos del Dr. Joaqu\u00edn Balaguer y narra de una forma muy particular los m\u00e1s sonados asesinatos pol\u00edticos, desapariciones y persecuciones patrocinados por el opresivo gobierno.<\/span><\/p>\n<p><span class=\"text1noticias\"> <\/span><\/p>\n<p><span class=\"text1noticias\">En Santiago de los caballeros, la presentaci\u00f3n de la novela de Ren\u00e9 Rodr\u00edguez Soriano est\u00e1 pautada para el mi\u00e9rcoles 8 de julio, a las 6:30 PM en la Mediateca A\u00edda Cartagena Portalat\u00edn, del Centro de la Cultura, en la calle Del Sol a esquina Antonio Guzm\u00e1n. Para el viernes 10 de julio, la presentaci\u00f3n de El mal del tiempo tendr\u00e1 lugar en la tierra natal del autor, Constanza, en un acto a celebrarse a las 6 de la tarde en el Multiuso Cultural de la calle Matilde Vi\u00f1as de la ciudad donde siempre es primavera.<\/span><\/p>\n<p><span class=\"text1noticias\"> <\/span><\/p>\n<p><span class=\"text1noticias\">Adem\u00e1s del lanzamiento en el legendario Tower Theater de Miami, en febrero de este a\u00f1o, Rodr\u00edguez Soriano y El mal del tiempohan tenido un vertiginoso recorrido que cubre las ciudades San Juan y Cayey, en Puerto Rico, y Lawrence, Boston y Nueva York en los Estados Unidos, donde la obra ha bien recibida por la cr\u00edtica y considerada como un documento que invita \u00aba repensar la dominicanidad\u00bb para no seguir tropezando continuamente con la misma piedra.<\/span><\/p>\n<p><span class=\"text1noticias\"> <\/span><\/p>\n<p><span class=\"text1noticias\">Dos veces ganador de los Premios UCE de literatura (Novela 2007 y Poes\u00eda 2008), Ren\u00e9 Rodr\u00edguez Soriano est\u00e1 considerado entre los principales autores dominicanos residentes en el extranjero desde que emigr\u00f3 hacia Estados Unidos donde desarrolla una amplia labor de promoci\u00f3n del arte y la literatura dominicana desde hace m\u00e1s de una d\u00e9cada. Entre sus t\u00edtulos destacan Su nombre Julia, La radio y otros boleros, Canciones rosa para una ni\u00f1a gris metal, No les guardo rencor, pap\u00e1 y  Todos los juegos el juego. Entre otros, ha sido merecedor del Premio de Cuento de Casa de Teatro 1996; Premio Nacional de Cuentos Jos\u00e9 Ram\u00f3n L\u00f3pez 1997; Premio de Novela UCE 2007 y Premio de Poes\u00eda UCE 2008. [www.rodriguesoriano.net]<\/span><\/p>\n<p><span class=\"text1noticias\">Presentaci\u00f3n en Santo Domingo: Jueves 2 de julio a las 7:30 PM. Fundaci\u00f3n Juan May\u00ed. Arzobispo Portes #120, Ciudad Colonial, Santo Domingo, RD. Contacto: 809 688 7038.<\/span><\/p>\n<p><span class=\"text1noticias\">Presentaci\u00f3n en San Crist\u00f3bal: Martes 7 de julio a las 7:00 PM. Colegio de Periodistas, Segundo piso de la Gobernaci\u00f3n Provincial de San Crist\u00f3bal. Contacto 809 703 3812 \/ 809 961 6513.<\/span><\/p>\n<p><span class=\"text1noticias\">Presentaci\u00f3n en Santiago: Mi\u00e9rcoles 8 de julio a las 6:30. Mediateca A\u00edda Cartagena Portalat\u00edn, Centro de la Cultura de Santiago. Calle Del Sol a esquina Antonio Guzm\u00e1n. Contacto 809 226 5222.<\/span><\/p>\n<p><span class=\"text1noticias\">Presentaci\u00f3n en Constanza: Viernes 10 de julio a las 6:00 PM. Multiuso Cultural, Calle Matilde Vi\u00f1as, Constanza. Contacto: 809 791 2755<\/span><\/p>\n<h6> 2009-07-01 15:29:18 <\/h6>\n<p><!--\n<link rel=\"stylesheet\" href=\"css\/bootstrap.min.css\">\n\n\n<ul class=\"pagination\">\n\t    \n\t\n\n<li >\n\t<a href='?page_no=21545'>Previous<\/a>\n\t<\/li>\n\n\n       \n    \n\n<li><a href='?page_no=1'>1<\/a><\/li>\n\n\n\n<li><a href='?page_no=2'>2<\/a><\/li>\n\n\n\n<li><a>...<\/a><\/li>\n\n\n\n<li><a href='?page_no=21544'>21544<\/a><\/li>\n\n\n\n<li><a href='?page_no=21545'>21545<\/a><\/li>\n\n\n\n<li class='active'><a>21546<\/a><\/li>\n\n\n\n<li><a href='?page_no=21547'>21547<\/a><\/li>\n\n\n\n<li><a href='?page_no=21548'>21548<\/a><\/li>\n\n\n\n<li><a>...<\/a><\/li>\n\n\n\n<li><a href='?page_no=22911'>22911<\/a><\/li>\n\n\n\n<li><a href='?page_no=22912'>22912<\/a><\/li>\n\n    \n\t\n\n<li >\n\t<a href='?page_no=21547'>Next<\/a>\n\t<\/li>\n\n\n    \n\n<li><a href='?page_no=22912'>Last &rsaquo;&rsaquo;<\/a><\/li>\n\n<\/ul>\n\n\n--><br \/>\n<\/body><\/p>\n","protected":false},"excerpt":{"rendered":"<p>Miami, FL. ? Luego de una exitosa jornada de presentaciones por el noreste de Estados Unidos, Ren\u00e9 Rodr\u00edguez Soriano viaja esta semana a la Rep\u00fablica Dominicana a presentar El mal del tiempo y a participar en una serie de lecturas, firmas y encuentros con estudiantes y profesores universitarios que han trabajado con su novela ganadora [&hellip;]<\/p>\n","protected":false},"author":3,"featured_media":0,"comment_status":"open","ping_status":"open","sticky":false,"template":"","format":"standard","meta":{"footnotes":""},"categories":[21],"tags":[],"class_list":["post-69868","post","type-post","status-publish","format-standard","hentry","category-cultura"],"_links":{"self":[{"href":"https:\/\/diariodominicano.com\/index.php?rest_route=\/wp\/v2\/posts\/69868","targetHints":{"allow":["GET"]}}],"collection":[{"href":"https:\/\/diariodominicano.com\/index.php?rest_route=\/wp\/v2\/posts"}],"about":[{"href":"https:\/\/diariodominicano.com\/index.php?rest_route=\/wp\/v2\/types\/post"}],"author":[{"embeddable":true,"href":"https:\/\/diariodominicano.com\/index.php?rest_route=\/wp\/v2\/users\/3"}],"replies":[{"embeddable":true,"href":"https:\/\/diariodominicano.com\/index.php?rest_route=%2Fwp%2Fv2%2Fcomments&post=69868"}],"version-history":[{"count":0,"href":"https:\/\/diariodominicano.com\/index.php?rest_route=\/wp\/v2\/posts\/69868\/revisions"}],"wp:attachment":[{"href":"https:\/\/diariodominicano.com\/index.php?rest_route=%2Fwp%2Fv2%2Fmedia&parent=69868"}],"wp:term":[{"taxonomy":"category","embeddable":true,"href":"https:\/\/diariodominicano.com\/index.php?rest_route=%2Fwp%2Fv2%2Fcategories&post=69868"},{"taxonomy":"post_tag","embeddable":true,"href":"https:\/\/diariodominicano.com\/index.php?rest_route=%2Fwp%2Fv2%2Ftags&post=69868"}],"curies":[{"name":"wp","href":"https:\/\/api.w.org\/{rel}","templated":true}]}}