{"id":69865,"date":"2009-07-01T20:42:40","date_gmt":"2009-07-01T20:42:40","guid":{"rendered":"http:\/\/diariodominicano.ddns.net\/?p=69865"},"modified":"2009-07-01T20:42:40","modified_gmt":"2009-07-01T20:42:40","slug":"cultura-somete-a-ayuntamiento-dn-proyecto-cambio-de-nombres-el-millon","status":"publish","type":"post","link":"https:\/\/diariodominicano.com\/?p=69865","title":{"rendered":"Cultura somete a Ayuntamiento DN Proyecto cambio de nombres El Mill\u00f3n"},"content":{"rendered":"<p><body><\/p>\n<p><img decoding=\"async\" src=\"http:\/\/localhost:8080\/img3\/millo.jpg\" \/>  <\/p>\n<p><span class=\"text1noticias\">La conocida urbanizaci\u00f3n modificar\u00eda los nombres actuales de sus calles para llevar los de conocidos escritores y artistas.<\/span><\/p>\n<\/p>\n<p><span class=\"text1noticias\">La Secretar\u00eda de Estado de Cultura propuso formalmente al Ayuntamiento del Distrito Nacional designar con nombres de reconocidas personalidades las calles del residencial El Mill\u00f3n.<\/span><\/p>\n<\/p>\n<p><span class=\"text1noticias\">En un proyecto presentado al S\u00edndico del Distrito Nacional, Roberto Salcedo, la cartera cultural se\u00f1ala que el referido residencial ?se caracteriza por ser un sector capitalino cuyas calles poseen nombres de entidades, de edificaciones f\u00edsicas o de proyectos ?incluso algunos ya desaparecidos- que no tiene ning\u00fan sentido seguir manteniendo?, por lo que considera que este sector ?se oferta como espacio residencial id\u00f3neo para colocar en sus v\u00edas los nombres de personalidades culturales que esperan hace rato por el reconocimiento nacional?.<\/span><\/p>\n<\/p>\n<p><span class=\"text1noticias\">?No tiene ning\u00fan sentido seguir manteniendo los nombres de edificaciones o proyectos en las v\u00edas de ese sector, cuando se pueden colocar en su lugar nombres de personalidades de primera categor\u00eda de nuestra historia cultural, honrando de esta manera sus respectivas trayectorias y otorgando un nuevo valor a las calles que reciban estos nombres ilustres?, enfatiza el proyecto remitido por el licenciado Jos\u00e9 Rafael Lantigua, Secretario de Estado de Cultura, a las autoridades edilicias.<\/span><\/p>\n<\/p>\n<p><span class=\"text1noticias\">En virtud de este proyecto, se honrar\u00eda, con los cambios de nombres de las calles del referido sector, a un total de 11 poetas, 5 escritores, dos representantes de la danza, 4 reconocidos m\u00fasicos, 4 artistas pl\u00e1sticos, un prelado cat\u00f3lico y 4 representativos del folklore, el patrimonio cultural, el teatro y la promoci\u00f3n cultural.<\/span><\/p>\n<\/p>\n<p><span class=\"text1noticias\">Las calles cuyos nombres ser\u00edan modificados ser\u00edan las denominadas Plaza La Trinitaria, Plaza de la Independencia, Paseo de los Indios, Palacios Escolares, Acueductos Rurales, Cruzada de Amor, Pidagro, Cl\u00ednicas Rurales, Obras Viales y Doce Juegos.<\/span><\/p>\n<\/p>\n<p><span class=\"text1noticias\">Adem\u00e1s, Prolongaci\u00f3n Hatuey, Reforma Agraria, Plaza de la Cultura, Presa de Tavera, Biblioteca Nacional, Ca\u00f1a Dulce, Centro Ol\u00edmpico, Museo del Hombre Dominicano, Teatro Nacional, Bellas Artes y Repoblaci\u00f3n Forestal.<\/span><\/p>\n<\/p>\n<p><span class=\"text1noticias\">Finalmente, la Respaldo Bellas Artes, Interior A, calles 2, 4 y 8, Interior 8, Interior, calle Este, calle Sur, y Guarocuya o calle 10.<\/span><\/p>\n<\/p>\n<p><span class=\"text1noticias\">En su lugar se designar\u00edan las v\u00edas citadas con los nombres de los poetas Miguel Alfonseca, Rafael Valera Ben\u00edtez, Abelardo Vicioso, Ren\u00e9 del Risco Berm\u00fadez, Enriquillo S\u00e1nchez, Manuel del Cabral, Antonio Fern\u00e1ndez Spencer, Rub\u00e9n Suro, Juan S\u00e1nchez Lamouth, Franklin Mieses Burgos y Abel Fern\u00e1ndez Mej\u00eda.<\/span><\/p>\n<\/p>\n<p><span class=\"text1noticias\">Adem\u00e1s, las calle del Mill\u00f3n llevar\u00edan los nombres de los escritores Alberto Baeza Flores, Ram\u00f3n Francisco, Julio Jaime Julia, Virgilio D\u00edaz Grull\u00f3n y Andr\u00e9s Francisco Requena.<\/span><\/p>\n<\/p>\n<p><span class=\"text1noticias\">Otros nombres que se dar\u00edan a las v\u00edas citadas ser\u00edan los de las fundadoras de la danza en el pa\u00eds, Magda Corbett y Clara Elena Ram\u00edrez; los de los reconocidos m\u00fasicos y cantantes Manuel Sim\u00f3, Rafael Col\u00f3n, Bienvenido Brens y Juan Lockward; y lo de los afamados artistas pl\u00e1sticos Jos\u00e9 Vela Zanetti, Silvano Lora, Gilberto Hern\u00e1ndez Ortega y Yoryi Morel.<\/span><\/p>\n<\/p>\n<p><span class=\"text1noticias\">Se incluir\u00eda en esta lista de nuevos nombres para las calles del Mill\u00f3n el de Mons. Hugo Eduardo Polanco Brito, prelado de la Iglesia Cat\u00f3lica que fuera escritor y fundador de la Pontificia Universidad Cat\u00f3lica Madre y Maestra, a m\u00e1s de reconocido mediador eclesial entre los a\u00f1os sesentas y setentas.<\/span><\/p>\n<\/p>\n<p><span class=\"text1noticias\">Finalmente, Cultura sugiere designar otras calles del referido sector con los nombres del folklorista Fradique Lizardo, Fray Vicente Rubio, a quien califica de pionero en la valoraci\u00f3n del patrimonio cultural dominicano; el promotor cultural Narciso Gonz\u00e1lez, y la actriz Antonia Blanco Montes.<\/span><\/p>\n<\/p>\n<p><span class=\"text1noticias\">Lantigua inform\u00f3 que no se incluyeron nombres de otras figuras femeninas, espec\u00edficamente del \u00e1rea literaria, porque ya estas personalidades fueron distinguidas hace varios a\u00f1os con sus nombres en el sector de La Castellana, pr\u00f3ximo al Mill\u00f3n.<\/span><\/p>\n<\/p>\n<p><span class=\"text1noticias\">La Secretar\u00eda de Cultura en su proyecto, cubrir\u00eda el costo de los pilares iluminados donde se colocar\u00edan las efigies, en bajo relieve, de las personalidades a honrar, y la se\u00f1alizaci\u00f3n de las calles, si as\u00ed lo aceptase el Ayuntamiento.<\/span><\/p>\n<\/p>\n<p><span class=\"text1noticias\">?Estamos seguros que contaremos con el respaldo del S\u00edndico Roberto Salcedo y de los integrantes de la Sala de Regidores en un proyecto que enaltecer\u00e1 a estas grandes figuras de la cultura dominicana, en vista de que se hace necesario retirar ya las designaciones actuales del residencial El Mill\u00f3n, que cumplieron el cometido propagand\u00edstico que se les asign\u00f3 en su momento?, dijo Lantigua.<\/span><\/p>\n<\/p>\n<p><span class=\"text1noticias\">La Secretar\u00eda de Estado de Cultura incluy\u00f3 en el proyecto entregado hace varias semanas al cabildo del Distrito Nacional, un resum\u00e9 biogr\u00e1fico de cada una de las personalidades propuestas.<\/span><\/p>\n<\/p>\n<p><span class=\"text1noticias\">?En caso de contar con el visto bueno de los asamble\u00edstas municipales, esperamos que estos cambios se puedan inaugurar formalmente para el mes de septiembre, convirtiendo esa actividad en una gran celebraci\u00f3n de los grandes valores literarios y art\u00edsticos que estas eximias figuras de las letras y las artes representan para nuestra historia cultural?, afirm\u00f3 el Secretario de Cultura.<\/span><\/p>\n<\/p>\n<p><span class=\"text1noticias\">Agreg\u00f3 que, de esta manera, la cartera cultural hace uso del convenio que realizara con el Ayuntamiento del Distrito Nacional para formalizar acciones de com\u00fan acuerdo, en provecho de la comunidad capitalina,  ?donde siempre hemos contado con el respaldo abierto y sincero de nuestro s\u00edndico, Roberto Salcedo?.<\/span><\/p>\n<h6> 2009-07-01 20:42:40 <\/h6>\n<p><!--\n<link rel=\"stylesheet\" href=\"css\/bootstrap.min.css\">\n\n\n<ul class=\"pagination\">\n\t    \n\t\n\n<li >\n\t<a href='?page_no=21542'>Previous<\/a>\n\t<\/li>\n\n\n       \n    \n\n<li><a href='?page_no=1'>1<\/a><\/li>\n\n\n\n<li><a href='?page_no=2'>2<\/a><\/li>\n\n\n\n<li><a>...<\/a><\/li>\n\n\n\n<li><a href='?page_no=21541'>21541<\/a><\/li>\n\n\n\n<li><a href='?page_no=21542'>21542<\/a><\/li>\n\n\n\n<li class='active'><a>21543<\/a><\/li>\n\n\n\n<li><a href='?page_no=21544'>21544<\/a><\/li>\n\n\n\n<li><a href='?page_no=21545'>21545<\/a><\/li>\n\n\n\n<li><a>...<\/a><\/li>\n\n\n\n<li><a href='?page_no=22911'>22911<\/a><\/li>\n\n\n\n<li><a href='?page_no=22912'>22912<\/a><\/li>\n\n    \n\t\n\n<li >\n\t<a href='?page_no=21544'>Next<\/a>\n\t<\/li>\n\n\n    \n\n<li><a href='?page_no=22912'>Last &rsaquo;&rsaquo;<\/a><\/li>\n\n<\/ul>\n\n\n--><br \/>\n<\/body><\/p>\n","protected":false},"excerpt":{"rendered":"<p>La conocida urbanizaci\u00f3n modificar\u00eda los nombres actuales de sus calles para llevar los de conocidos escritores y artistas. La Secretar\u00eda de Estado de Cultura propuso formalmente al Ayuntamiento del Distrito Nacional designar con nombres de reconocidas personalidades las calles del residencial El Mill\u00f3n. En un proyecto presentado al S\u00edndico del Distrito Nacional, Roberto Salcedo, la [&hellip;]<\/p>\n","protected":false},"author":3,"featured_media":0,"comment_status":"open","ping_status":"open","sticky":false,"template":"","format":"standard","meta":{"footnotes":""},"categories":[21],"tags":[],"class_list":["post-69865","post","type-post","status-publish","format-standard","hentry","category-cultura"],"_links":{"self":[{"href":"https:\/\/diariodominicano.com\/index.php?rest_route=\/wp\/v2\/posts\/69865","targetHints":{"allow":["GET"]}}],"collection":[{"href":"https:\/\/diariodominicano.com\/index.php?rest_route=\/wp\/v2\/posts"}],"about":[{"href":"https:\/\/diariodominicano.com\/index.php?rest_route=\/wp\/v2\/types\/post"}],"author":[{"embeddable":true,"href":"https:\/\/diariodominicano.com\/index.php?rest_route=\/wp\/v2\/users\/3"}],"replies":[{"embeddable":true,"href":"https:\/\/diariodominicano.com\/index.php?rest_route=%2Fwp%2Fv2%2Fcomments&post=69865"}],"version-history":[{"count":0,"href":"https:\/\/diariodominicano.com\/index.php?rest_route=\/wp\/v2\/posts\/69865\/revisions"}],"wp:attachment":[{"href":"https:\/\/diariodominicano.com\/index.php?rest_route=%2Fwp%2Fv2%2Fmedia&parent=69865"}],"wp:term":[{"taxonomy":"category","embeddable":true,"href":"https:\/\/diariodominicano.com\/index.php?rest_route=%2Fwp%2Fv2%2Fcategories&post=69865"},{"taxonomy":"post_tag","embeddable":true,"href":"https:\/\/diariodominicano.com\/index.php?rest_route=%2Fwp%2Fv2%2Ftags&post=69865"}],"curies":[{"name":"wp","href":"https:\/\/api.w.org\/{rel}","templated":true}]}}