{"id":69863,"date":"2009-07-02T15:54:00","date_gmt":"2009-07-02T15:54:00","guid":{"rendered":"http:\/\/diariodominicano.ddns.net\/?p=69863"},"modified":"2009-07-02T15:54:00","modified_gmt":"2009-07-02T15:54:00","slug":"delegacion-dominicana-participara-en-conferencia-unesco","status":"publish","type":"post","link":"https:\/\/diariodominicano.com\/?p=69863","title":{"rendered":"Delegaci\u00f3n Dominicana participar\u00e1 en Conferencia UNESCO"},"content":{"rendered":"<p><body><\/p>\n<p><span class=\"text1noticias\">La Secretaria de Estado de Educaci\u00f3n Superior, Ciencia y Tecnolog\u00eda, licenciada Ligia Amada Melo de Cardona, presidir\u00e1 la delegaci\u00f3n Dominicana que participar\u00e1 en la Conferencia Mundial de la Organizaci\u00f3n de las Naciones Unidas para la Educaci\u00f3n, la Ciencia y la Cultura (UNESCO),  que se efectuar\u00e1 del 4 al 8 de julio en la sede de esta entidad en Par\u00eds, Francia.<\/span><\/p>\n<\/p>\n<p><span class=\"text1noticias\">El encuentro que reunir\u00e1 educadores de los pa\u00edses afiliados a la UNESCO tiene como tema ?Las Nuevas Din\u00e1micas de la Educaci\u00f3n Superior y la Investigaci\u00f3n para el cambio Social y Desarrollo?.<\/span><\/p>\n<\/p>\n<p><span class=\"text1noticias\">El encuentro de educadores buscar\u00e1 respuestas a las siguientes interrogantes: \u00bfEn qu\u00e9 medida la educaci\u00f3n superior ha sido el motor del desarrollo sostenible dentro de los planes nacionales e internacionales? \u00bfHa estado el sector a la altura de las expectativas puestas en \u00e9l para inducir al cambio y el progreso en la sociedad, y para actuar como factor principal en la construcci\u00f3n de futuras sociedades del conocimiento? <\/span><\/p>\n<\/p>\n<p><span class=\"text1noticias\">\u00bfC\u00f3mo puede la educaci\u00f3n superior contribuir al desarrollo del sistema educativo en general? \u00bfCu\u00e1les son las tendencias m\u00e1s significativas que moldear\u00e1n la nueva educaci\u00f3n superior y los espacios de investigaci\u00f3n? \u00bfDe qu\u00e9 manera el aprendizaje y los aprendices est\u00e1n cambiando? \u00bfCu\u00e1les son los nuevos retos para la ?calidad? y la ?equidad??.<\/span><\/p>\n<\/p>\n<p><span class=\"text1noticias\">La actividad que se desarrolla anualmente buscar\u00e1 adem\u00e1s realizar un balance de los cambios acaecidos en la educaci\u00f3n superior desde la Conferencia mundial del 1998 y, estudiar\u00e1 las nuevas din\u00e1micas susceptibles de establecer, en un futuro previsible.<\/span><\/p>\n<\/p>\n<p><span class=\"text1noticias\">Otros de los prop\u00f3sitos de la conferencia de la UNESCO es el establecimiento de una agenda estrat\u00e9gica de desarrollo de las pol\u00edticas e instituciones de educaci\u00f3n superior.<\/span><\/p>\n<\/p>\n<p><span class=\"text1noticias\">Los debates organizados en el marco de esta Conferencia se focalizar\u00e1n en an\u00e1lisis del rol que juega la educaci\u00f3n superior en el abordaje de los grandes desaf\u00edos globales,  el compromiso de la sociedad hacia la educaci\u00f3n superior y la responsabilidad social.<\/span><\/p>\n<\/p>\n<p><span class=\"text1noticias\">Los educadores de los pa\u00edses que integran la UNESCO reunidos en Paris abordar\u00e1n el tema de la revitalizaci\u00f3n de la educaci\u00f3n superior, la internacionalizaci\u00f3n, regionalizaci\u00f3n y globalizaci\u00f3n.<\/span><\/p>\n<\/p>\n<p><span class=\"text1noticias\">Al evento acudir\u00e1n del pa\u00eds, adem\u00e1s de Melo de Cardona, el rector de la Universidad Aut\u00f3noma de Santo Domingo, (UASD), doctor Franklin Garc\u00eda Ferm\u00edn, el subsecretario de Educaci\u00f3n Superior de la SEESCyT, doctor V\u00edctor Hugo Delancer y el doctor Miguel Escala, rector del Instituto Tecnol\u00f3gico de Santo Domingo (INTEC),  en representaci\u00f3n de las universidades privadas del pa\u00eds. <\/span><\/p>\n<h6> 2009-07-02 15:54:00 <\/h6>\n<p><!--\n<link rel=\"stylesheet\" href=\"css\/bootstrap.min.css\">\n\n\n<ul class=\"pagination\">\n\t    \n\t\n\n<li >\n\t<a href='?page_no=21540'>Previous<\/a>\n\t<\/li>\n\n\n       \n    \n\n<li><a href='?page_no=1'>1<\/a><\/li>\n\n\n\n<li><a href='?page_no=2'>2<\/a><\/li>\n\n\n\n<li><a>...<\/a><\/li>\n\n\n\n<li><a href='?page_no=21539'>21539<\/a><\/li>\n\n\n\n<li><a href='?page_no=21540'>21540<\/a><\/li>\n\n\n\n<li class='active'><a>21541<\/a><\/li>\n\n\n\n<li><a href='?page_no=21542'>21542<\/a><\/li>\n\n\n\n<li><a href='?page_no=21543'>21543<\/a><\/li>\n\n\n\n<li><a>...<\/a><\/li>\n\n\n\n<li><a href='?page_no=22911'>22911<\/a><\/li>\n\n\n\n<li><a href='?page_no=22912'>22912<\/a><\/li>\n\n    \n\t\n\n<li >\n\t<a href='?page_no=21542'>Next<\/a>\n\t<\/li>\n\n\n    \n\n<li><a href='?page_no=22912'>Last &rsaquo;&rsaquo;<\/a><\/li>\n\n<\/ul>\n\n\n--><br \/>\n<\/body><\/p>\n","protected":false},"excerpt":{"rendered":"<p>La Secretaria de Estado de Educaci\u00f3n Superior, Ciencia y Tecnolog\u00eda, licenciada Ligia Amada Melo de Cardona, presidir\u00e1 la delegaci\u00f3n Dominicana que participar\u00e1 en la Conferencia Mundial de la Organizaci\u00f3n de las Naciones Unidas para la Educaci\u00f3n, la Ciencia y la Cultura (UNESCO), que se efectuar\u00e1 del 4 al 8 de julio en la sede de [&hellip;]<\/p>\n","protected":false},"author":3,"featured_media":0,"comment_status":"open","ping_status":"open","sticky":false,"template":"","format":"standard","meta":{"footnotes":""},"categories":[21],"tags":[],"class_list":["post-69863","post","type-post","status-publish","format-standard","hentry","category-cultura"],"_links":{"self":[{"href":"https:\/\/diariodominicano.com\/index.php?rest_route=\/wp\/v2\/posts\/69863","targetHints":{"allow":["GET"]}}],"collection":[{"href":"https:\/\/diariodominicano.com\/index.php?rest_route=\/wp\/v2\/posts"}],"about":[{"href":"https:\/\/diariodominicano.com\/index.php?rest_route=\/wp\/v2\/types\/post"}],"author":[{"embeddable":true,"href":"https:\/\/diariodominicano.com\/index.php?rest_route=\/wp\/v2\/users\/3"}],"replies":[{"embeddable":true,"href":"https:\/\/diariodominicano.com\/index.php?rest_route=%2Fwp%2Fv2%2Fcomments&post=69863"}],"version-history":[{"count":0,"href":"https:\/\/diariodominicano.com\/index.php?rest_route=\/wp\/v2\/posts\/69863\/revisions"}],"wp:attachment":[{"href":"https:\/\/diariodominicano.com\/index.php?rest_route=%2Fwp%2Fv2%2Fmedia&parent=69863"}],"wp:term":[{"taxonomy":"category","embeddable":true,"href":"https:\/\/diariodominicano.com\/index.php?rest_route=%2Fwp%2Fv2%2Fcategories&post=69863"},{"taxonomy":"post_tag","embeddable":true,"href":"https:\/\/diariodominicano.com\/index.php?rest_route=%2Fwp%2Fv2%2Ftags&post=69863"}],"curies":[{"name":"wp","href":"https:\/\/api.w.org\/{rel}","templated":true}]}}