{"id":69862,"date":"2009-07-02T15:55:24","date_gmt":"2009-07-02T15:55:24","guid":{"rendered":"http:\/\/diariodominicano.ddns.net\/?p=69862"},"modified":"2009-07-02T15:55:24","modified_gmt":"2009-07-02T15:55:24","slug":"seescyt-anuncia-concurso-ensayos","status":"publish","type":"post","link":"https:\/\/diariodominicano.com\/?p=69862","title":{"rendered":"SEESCyT Anuncia Concurso Ensayos"},"content":{"rendered":"<p><body><\/p>\n<p><img decoding=\"async\" src=\"http:\/\/localhost:8080\/img3\/boche.jpg\" \/>  <\/p>\n<p><span class=\"text1noticias\">La Secretaria de Educaci\u00f3n Superior, Ciencia y Tecnolog\u00eda, licenciada Ligia Amada de Cardona anuncio hoy, en la sede de la SEESCyT, el Concurso Nacional de Ensayos, sobre Juan Bosch, su pensamiento Pol\u00edtico y su Obra Literaria, para estudiantes universitarios, que con motivo del Centenario del natalicio del nacimiento de este ilustre hombre de letras y pol\u00edtico dominicano, convoca  la entidad reguladora del sistema de  educaci\u00f3n superior dominicana.<\/span><\/p>\n<\/p>\n<p><span class=\"text1noticias\">?La Secretar\u00eda de Educaci\u00f3n Superior, Ciencia y Tecnolog\u00eda (SEESCyT) con este concurso rinde homenaje al educador de siempre, orientador y formador de multitudes, idealista visionario y prol\u00edfico escritor, conocedor de la idiosincrasia del pueblo dominicano?, dijo Melo de Cardona.<\/span><\/p>\n<\/p>\n<p><span class=\"text1noticias\">El concurso de ensayos en honor al Profesor Juan Bosch se divide en dos \u00e1reas, la primera trata del pensamiento pol\u00edtico del fundador de los partidos de la Liberaci\u00f3n Dominicana y Revolucionario Dominicano. Donde los participantes  podr\u00e1n interpretar el proceso hist\u00f3rico dominicano y su composici\u00f3n social en el siglo XX, as\u00ed como los personajes que de una forma u otra incidieron en esa etapa hist\u00f3rica.<\/span><\/p>\n<\/p>\n<p><span class=\"text1noticias\">La otra \u00e1rea en que podr\u00e1n presentar  trabajos en el concurso es en lo relativo a la obra literaria del Profesor Juan Bosch, analizando (los concursantes) una obra representativa entre los cuentos y novelas del escritor vegano.<\/span><\/p>\n<\/p>\n<p><span class=\"text1noticias\">Los trabajos  presentados ser\u00e1n evaluados por un reputado jurado, integrado por intelectuales de renombre nacional, los cuales evaluar\u00e1n minuciosamente cada uno de los trabajos concursantes.<\/span><\/p>\n<p><span class=\"text1noticias\">Los participantes optar\u00e1n por un premio en met\u00e1lico en cada uno de los renglones de 200 mil pesos para el primer lugar, 100 para el segundo y 50 mil para el tercer lugar.<\/span><\/p>\n<\/p>\n<p><span class=\"text1noticias\">A cada uno de los ganadores se le obsequiar\u00e1 una colecci\u00f3n de los libros escritos por el Profesor Juan Bosch. <\/span><\/p>\n<\/p>\n<p><span class=\"text1noticias\">Como requisitos b\u00e1sicos para participar en el concurso est\u00e1n el que los postulantes presenten trabajos de su autor\u00eda en original, tanto en el rengl\u00f3n del an\u00e1lisis del pensamiento pol\u00edtico como el de las obras literarias.<\/span><\/p>\n<\/p>\n<p><span class=\"text1noticias\">La presentaci\u00f3n de los trabajos concursantes deber\u00e1 ser antes del 15 de noviembre, para el 15 de diciembre del presente a\u00f1o dar a conocer los ganadores.<\/span><\/p>\n<\/p>\n<p><span class=\"text1noticias\">Los trabajos deber\u00e1n ser depositados en el cuarto piso de la sede de la SEESCyT, M\u00e1ximo G\u00f3mez No.31, en la oficina de la licenciada Luz Alm\u00e1nzar Rodr\u00edguez, directora del Departamento de Publicaciones de la SEESCyT.<\/span><\/p>\n<h6> 2009-07-02 15:55:24 <\/h6>\n<p><!--\n<link rel=\"stylesheet\" href=\"css\/bootstrap.min.css\">\n\n\n<ul class=\"pagination\">\n\t    \n\t\n\n<li >\n\t<a href='?page_no=21539'>Previous<\/a>\n\t<\/li>\n\n\n       \n    \n\n<li><a href='?page_no=1'>1<\/a><\/li>\n\n\n\n<li><a href='?page_no=2'>2<\/a><\/li>\n\n\n\n<li><a>...<\/a><\/li>\n\n\n\n<li><a href='?page_no=21538'>21538<\/a><\/li>\n\n\n\n<li><a href='?page_no=21539'>21539<\/a><\/li>\n\n\n\n<li class='active'><a>21540<\/a><\/li>\n\n\n\n<li><a href='?page_no=21541'>21541<\/a><\/li>\n\n\n\n<li><a href='?page_no=21542'>21542<\/a><\/li>\n\n\n\n<li><a>...<\/a><\/li>\n\n\n\n<li><a href='?page_no=22911'>22911<\/a><\/li>\n\n\n\n<li><a href='?page_no=22912'>22912<\/a><\/li>\n\n    \n\t\n\n<li >\n\t<a href='?page_no=21541'>Next<\/a>\n\t<\/li>\n\n\n    \n\n<li><a href='?page_no=22912'>Last &rsaquo;&rsaquo;<\/a><\/li>\n\n<\/ul>\n\n\n--><br \/>\n<\/body><\/p>\n","protected":false},"excerpt":{"rendered":"<p>La Secretaria de Educaci\u00f3n Superior, Ciencia y Tecnolog\u00eda, licenciada Ligia Amada de Cardona anuncio hoy, en la sede de la SEESCyT, el Concurso Nacional de Ensayos, sobre Juan Bosch, su pensamiento Pol\u00edtico y su Obra Literaria, para estudiantes universitarios, que con motivo del Centenario del natalicio del nacimiento de este ilustre hombre de letras y [&hellip;]<\/p>\n","protected":false},"author":3,"featured_media":0,"comment_status":"open","ping_status":"open","sticky":false,"template":"","format":"standard","meta":{"footnotes":""},"categories":[21],"tags":[],"class_list":["post-69862","post","type-post","status-publish","format-standard","hentry","category-cultura"],"_links":{"self":[{"href":"https:\/\/diariodominicano.com\/index.php?rest_route=\/wp\/v2\/posts\/69862","targetHints":{"allow":["GET"]}}],"collection":[{"href":"https:\/\/diariodominicano.com\/index.php?rest_route=\/wp\/v2\/posts"}],"about":[{"href":"https:\/\/diariodominicano.com\/index.php?rest_route=\/wp\/v2\/types\/post"}],"author":[{"embeddable":true,"href":"https:\/\/diariodominicano.com\/index.php?rest_route=\/wp\/v2\/users\/3"}],"replies":[{"embeddable":true,"href":"https:\/\/diariodominicano.com\/index.php?rest_route=%2Fwp%2Fv2%2Fcomments&post=69862"}],"version-history":[{"count":0,"href":"https:\/\/diariodominicano.com\/index.php?rest_route=\/wp\/v2\/posts\/69862\/revisions"}],"wp:attachment":[{"href":"https:\/\/diariodominicano.com\/index.php?rest_route=%2Fwp%2Fv2%2Fmedia&parent=69862"}],"wp:term":[{"taxonomy":"category","embeddable":true,"href":"https:\/\/diariodominicano.com\/index.php?rest_route=%2Fwp%2Fv2%2Fcategories&post=69862"},{"taxonomy":"post_tag","embeddable":true,"href":"https:\/\/diariodominicano.com\/index.php?rest_route=%2Fwp%2Fv2%2Ftags&post=69862"}],"curies":[{"name":"wp","href":"https:\/\/api.w.org\/{rel}","templated":true}]}}