{"id":69860,"date":"2009-07-02T23:19:44","date_gmt":"2009-07-02T23:19:44","guid":{"rendered":"http:\/\/diariodominicano.ddns.net\/?p=69860"},"modified":"2009-07-02T23:19:44","modified_gmt":"2009-07-02T23:19:44","slug":"cultura-declara-gloria-nacional-de-la-musica-y-valor-cultural-dominicano-a-pianista-floraba-del-monte","status":"publish","type":"post","link":"https:\/\/diariodominicano.com\/?p=69860","title":{"rendered":"Cultura declara ?Gloria Nacional de la M\u00fasica? y ?Valor Cultural Dominicano? a pianista Floraba Del Monte"},"content":{"rendered":"<p><body><\/p>\n<p><img decoding=\"async\" src=\"http:\/\/localhost:8080\/img3\/gory.jpg\" \/>  <\/p>\n<p><span class=\"text1noticias\">La Secretar\u00eda de Estado de Cultura declar\u00f3 \u00abGloria Nacional de la M\u00fasica? y ?Valor Cultural Dominicano? a la destacada pianista Floraba Del Monte,  en ocasi\u00f3n de celebrarse el 80\u00ba aniversario de su natalicio.<\/span><\/p>\n<p><span class=\"text1noticias\"> <\/span><\/p>\n<p><span class=\"text1noticias\">Con palabras emotivas, el Ministro de Cultura, Jos\u00e9 Rafael Lantigua presidi\u00f3 el homenaje efectuado en la Sala de Arte Ram\u00f3n Oviedo y entreg\u00f3 a Floraba Del Monte el diploma de honor en el cual se expresa su trayectoria musical y su rol en la proyecci\u00f3n de la m\u00fasica dominicana.<\/span><\/p>\n<p><span class=\"text1noticias\"> <\/span><\/p>\n<p><span class=\"text1noticias\">Igualmente el reconocimiento destaca los aportes de Floral Del Monte a la ense\u00f1anza de la m\u00fasica dominicana, lo cual constituye un ejemplo de entrega al ejercicio pedag\u00f3gico, creando una legi\u00f3n de artistas que valoran y exaltan su estilo educativo.<\/span><\/p>\n<p><span class=\"text1noticias\"> <\/span><\/p>\n<p><span class=\"text1noticias\">En el diploma, al cual dio lectura el Secretario de Estado de Cultura, tambi\u00e9n se destaca que ?Floraba Del Monte es sin duda alguna, una leyenda viviente, por su desempe\u00f1o en la interpretaci\u00f3n de la m\u00fasica cl\u00e1sica dominicana, durante toda su gran vida art\u00edstica?.<\/span><\/p>\n<p><span class=\"text1noticias\"> <\/span><\/p>\n<p><span class=\"text1noticias\">En la entrega del reconocimiento, acompa\u00f1\u00f3 al Secretario de Estado de Cultura la profesora Bernarda Jorge, Subsecretaria de Creatividad y Participaci\u00f3n Popular.  Adem\u00e1s estuvieron presentes en el acto Mateo Morrison, Subsecretario de Desarrollo Institucional y Franklin Dom\u00ednguez, Director General de Bellas Artes.<\/span><\/p>\n<p><span class=\"text1noticias\"> <\/span><\/p>\n<p><span class=\"text1noticias\">La semblanza de la artista fue le\u00edda por el locutor JM Hidalgo, seguida por  las palabras de la profesora Bernarda Jorge, quien expres\u00f3 que ?es para m\u00ed un elevado honor la dedicatoria de este homenaje a la eximia artista dominicana Floralba Del Monte, en la ocasi\u00f3n de su octog\u00e9simo cumplea\u00f1os, aniversario que le ha permitido a la Secretaria de Estado de Cultura promover la celebraci\u00f3n de importantes actividades para exaltar su figura e invaluable obra cultural, pedag\u00f3gica, art\u00edstica y pian\u00edstica?..<\/span><\/p>\n<p><span class=\"text1noticias\"> <\/span><\/p>\n<p><span class=\"text1noticias\">?Durante sus largos a\u00f1os de presencia en las salas de conciertos nacionales e internacionales, Floralba Del Monte dio a la sociedad dominicana elevadas muestras de su amor hacia la m\u00fasica nacional?, exclam\u00f3 emocionada La Subsecretaria de Cultura.<\/span><\/p>\n<p><span class=\"text1noticias\"> <\/span><\/p>\n<p><span class=\"text1noticias\">De su lado, la homenajeada Floralba del Monte adem\u00e1s, de agradecer el reconocimiento a la Secretar\u00eda de Estado de Cultura, con la humildad propia de su grandeza en el arte, expres\u00f3 ?mi vida es la m\u00fasica, todo en esta vida terrenal es m\u00fasica?.  <\/span><\/p>\n<p><span class=\"text1noticias\">         <\/span><\/p>\n<\/p>\n<p><span class=\"text1noticias\">Al encuentro amenizado por el pianista Samuel Cabrera, ganador del Premio Nacional de M\u00fasica 2009, g\u00e9nero popular,  asistieron reconocidos artistas y figuras de la m\u00fasica dominicana.<\/span><\/p>\n<h6> 2009-07-02 23:19:44 <\/h6>\n<p><!--\n<link rel=\"stylesheet\" href=\"css\/bootstrap.min.css\">\n\n\n<ul class=\"pagination\">\n\t    \n\t\n\n<li >\n\t<a href='?page_no=21537'>Previous<\/a>\n\t<\/li>\n\n\n       \n    \n\n<li><a href='?page_no=1'>1<\/a><\/li>\n\n\n\n<li><a href='?page_no=2'>2<\/a><\/li>\n\n\n\n<li><a>...<\/a><\/li>\n\n\n\n<li><a href='?page_no=21536'>21536<\/a><\/li>\n\n\n\n<li><a href='?page_no=21537'>21537<\/a><\/li>\n\n\n\n<li class='active'><a>21538<\/a><\/li>\n\n\n\n<li><a href='?page_no=21539'>21539<\/a><\/li>\n\n\n\n<li><a href='?page_no=21540'>21540<\/a><\/li>\n\n\n\n<li><a>...<\/a><\/li>\n\n\n\n<li><a href='?page_no=22911'>22911<\/a><\/li>\n\n\n\n<li><a href='?page_no=22912'>22912<\/a><\/li>\n\n    \n\t\n\n<li >\n\t<a href='?page_no=21539'>Next<\/a>\n\t<\/li>\n\n\n    \n\n<li><a href='?page_no=22912'>Last &rsaquo;&rsaquo;<\/a><\/li>\n\n<\/ul>\n\n\n--><br \/>\n<\/body><\/p>\n","protected":false},"excerpt":{"rendered":"<p>La Secretar\u00eda de Estado de Cultura declar\u00f3 \u00abGloria Nacional de la M\u00fasica? y ?Valor Cultural Dominicano? a la destacada pianista Floraba Del Monte, en ocasi\u00f3n de celebrarse el 80\u00ba aniversario de su natalicio. Con palabras emotivas, el Ministro de Cultura, Jos\u00e9 Rafael Lantigua presidi\u00f3 el homenaje efectuado en la Sala de Arte Ram\u00f3n Oviedo y [&hellip;]<\/p>\n","protected":false},"author":3,"featured_media":0,"comment_status":"open","ping_status":"open","sticky":false,"template":"","format":"standard","meta":{"footnotes":""},"categories":[21],"tags":[],"class_list":["post-69860","post","type-post","status-publish","format-standard","hentry","category-cultura"],"_links":{"self":[{"href":"https:\/\/diariodominicano.com\/index.php?rest_route=\/wp\/v2\/posts\/69860","targetHints":{"allow":["GET"]}}],"collection":[{"href":"https:\/\/diariodominicano.com\/index.php?rest_route=\/wp\/v2\/posts"}],"about":[{"href":"https:\/\/diariodominicano.com\/index.php?rest_route=\/wp\/v2\/types\/post"}],"author":[{"embeddable":true,"href":"https:\/\/diariodominicano.com\/index.php?rest_route=\/wp\/v2\/users\/3"}],"replies":[{"embeddable":true,"href":"https:\/\/diariodominicano.com\/index.php?rest_route=%2Fwp%2Fv2%2Fcomments&post=69860"}],"version-history":[{"count":0,"href":"https:\/\/diariodominicano.com\/index.php?rest_route=\/wp\/v2\/posts\/69860\/revisions"}],"wp:attachment":[{"href":"https:\/\/diariodominicano.com\/index.php?rest_route=%2Fwp%2Fv2%2Fmedia&parent=69860"}],"wp:term":[{"taxonomy":"category","embeddable":true,"href":"https:\/\/diariodominicano.com\/index.php?rest_route=%2Fwp%2Fv2%2Fcategories&post=69860"},{"taxonomy":"post_tag","embeddable":true,"href":"https:\/\/diariodominicano.com\/index.php?rest_route=%2Fwp%2Fv2%2Ftags&post=69860"}],"curies":[{"name":"wp","href":"https:\/\/api.w.org\/{rel}","templated":true}]}}