{"id":69856,"date":"2009-07-03T14:00:09","date_gmt":"2009-07-03T14:00:09","guid":{"rendered":"http:\/\/diariodominicano.ddns.net\/?p=69856"},"modified":"2009-07-03T14:00:09","modified_gmt":"2009-07-03T14:00:09","slug":"abren-restaurante-de-cocina-tradicional-espanola","status":"publish","type":"post","link":"https:\/\/diariodominicano.com\/?p=69856","title":{"rendered":"Abren restaurante de cocina tradicional espa\u00f1ola"},"content":{"rendered":"<p><body><\/p>\n<p><img decoding=\"async\" src=\"http:\/\/localhost:8080\/img3\/resta.jpg\" \/>  <\/p>\n<p><span class=\"text1noticias\">Santo Domingo.- En el transcurso de un almuerzo ofrecido a la prensa local, fue presentado a la consideraci\u00f3n del p\u00fablico dominicano, una nueva oferta gastron\u00f3mica, con la cual, la ciudad de Santo Domingo ampl\u00eda y fortalece la calidad de sus restaurantes.<\/span><\/p>\n<\/p>\n<p><span class=\"text1noticias\">Al efecto, el Restaurant Olivo, de car\u00e1cter aut\u00e9nticamente espa\u00f1ol, con unas instalaciones \u00fanicas en este tipo de negocios, y una estrat\u00e9gica ubicaci\u00f3n, est\u00e1 llamado a colmar las expectativas del exigente p\u00fablico dominicano.<\/span><\/p>\n<\/p>\n<p><span class=\"text1noticias\">Situado en La Esperilla, en la calle Madame Curie no. 19-P, entre las avenidas Tiradentes y Abraham Lincoln, y las avenidas Pedro Henr\u00edquez Ure\u00f1a y Bol\u00edvar, est\u00e1 ambientado con una decoraci\u00f3n elegante, y sus colores tranquilos integrados en el entorno, consiguen un ambiente c\u00e1lido y acogedor que invita a disfrutar de su gastronom\u00eda. <\/span><\/p>\n<\/p>\n<p><span class=\"text1noticias\">Una gastronom\u00eda que ha sido pensada para ofrecer a la ciudad de Santo Domingo lo mejor de la cocina espa\u00f1ola, elaborada por el prestigioso Chef Juan Pablo Huete, extreme\u00f1o de nacimiento y con una trayectoria profesional por algunos de los m\u00e1s conocidos restaurantes de tapas y cocina espa\u00f1ola de Madrid, desde donde  lleg\u00f3 para hacerse cargo de los fogones del OLIVO, y para lo que cuenta con la ayuda de un equipo de profesionales  entre los cuales est\u00e1n los sub-chefs Rafael Melendo y David Ballabrigas.<\/span><\/p>\n<\/p>\n<p><span class=\"text1noticias\">La carta del OLIVO ofrece platos tan conocidos y populares como los guisos de garbanzos y lentejas,  sus carnes de cochinillo, cordero y cabrito entre otras, elaboradas en su horno de le\u00f1a tradicional. Tambi\u00e9n est\u00e1n muy presentes los pescados y mariscos, tan importantes en la cocina espa\u00f1ola y  los famosos arroces, de los cuales su carta incluye  unas diez variedades.<\/span><\/p>\n<\/p>\n<p><span class=\"text1noticias\">Menci\u00f3n especial merecen sus ampl\u00edsimas instalaciones ya que estamos hablando de cerca de 1,000 metros cuadrados de construcci\u00f3n repartidos en dos plantas. La planta baja alberga el RESTAURANTE propiamente dicho, con 126 plazas y un bar jard\u00edn privado de 250 metros cuadrados, un sal\u00f3n privado para 12 personas y una Cava de vinos con un comedor privado, para 6 personas. Adem\u00e1s, el OLIVO BAR, especializado en tapas espa\u00f1olas, y un porche anexo al mismo, pensado para los fumadores -conocedores del placer que da poder  disfrutar  de un buen vino y un buen puro, despu\u00e9s de una excelente  comida. <\/span><\/p>\n<\/p>\n<p><span class=\"text1noticias\">La planta alta aloja los cinco salones privados restantes, con capacidades entre 10 y  24 personas, perfectos para reuniones y almuerzos privados, as\u00ed como con un bar interior y otro exterior de 110 metros cuadrados, que cumplir\u00e1n con el mismo objetivo que el OLIVO BAR.<\/span><\/p>\n<\/p>\n<p><span class=\"text1noticias\">El restaurante es propiedad del reconocido empresario F\u00e9lix Felipe, con una amplia trayectoria en el campo hotelero internacional. Estar\u00e1 abierto al p\u00fablico todos los d\u00edas, con un horario de 12 m. a 12 de la noche para el \u00e1rea de tapas y para el restaurante formal de 12 m. a 4 de la tarde y de 8 p.m a 12 m. Las reservaciones pueden ser realizadas al tel\u00e9fono.<\/span><\/p>\n<h6> 2009-07-03 14:00:09 <\/h6>\n<p><!--\n<link rel=\"stylesheet\" href=\"css\/bootstrap.min.css\">\n\n\n<ul class=\"pagination\">\n\t    \n\t\n\n<li >\n\t<a href='?page_no=21533'>Previous<\/a>\n\t<\/li>\n\n\n       \n    \n\n<li><a href='?page_no=1'>1<\/a><\/li>\n\n\n\n<li><a href='?page_no=2'>2<\/a><\/li>\n\n\n\n<li><a>...<\/a><\/li>\n\n\n\n<li><a href='?page_no=21532'>21532<\/a><\/li>\n\n\n\n<li><a href='?page_no=21533'>21533<\/a><\/li>\n\n\n\n<li class='active'><a>21534<\/a><\/li>\n\n\n\n<li><a href='?page_no=21535'>21535<\/a><\/li>\n\n\n\n<li><a href='?page_no=21536'>21536<\/a><\/li>\n\n\n\n<li><a>...<\/a><\/li>\n\n\n\n<li><a href='?page_no=22911'>22911<\/a><\/li>\n\n\n\n<li><a href='?page_no=22912'>22912<\/a><\/li>\n\n    \n\t\n\n<li >\n\t<a href='?page_no=21535'>Next<\/a>\n\t<\/li>\n\n\n    \n\n<li><a href='?page_no=22912'>Last &rsaquo;&rsaquo;<\/a><\/li>\n\n<\/ul>\n\n\n--><br \/>\n<\/body><\/p>\n","protected":false},"excerpt":{"rendered":"<p>Santo Domingo.- En el transcurso de un almuerzo ofrecido a la prensa local, fue presentado a la consideraci\u00f3n del p\u00fablico dominicano, una nueva oferta gastron\u00f3mica, con la cual, la ciudad de Santo Domingo ampl\u00eda y fortalece la calidad de sus restaurantes. Al efecto, el Restaurant Olivo, de car\u00e1cter aut\u00e9nticamente espa\u00f1ol, con unas instalaciones \u00fanicas en [&hellip;]<\/p>\n","protected":false},"author":3,"featured_media":0,"comment_status":"open","ping_status":"open","sticky":false,"template":"","format":"standard","meta":{"footnotes":""},"categories":[21],"tags":[],"class_list":["post-69856","post","type-post","status-publish","format-standard","hentry","category-cultura"],"_links":{"self":[{"href":"https:\/\/diariodominicano.com\/index.php?rest_route=\/wp\/v2\/posts\/69856","targetHints":{"allow":["GET"]}}],"collection":[{"href":"https:\/\/diariodominicano.com\/index.php?rest_route=\/wp\/v2\/posts"}],"about":[{"href":"https:\/\/diariodominicano.com\/index.php?rest_route=\/wp\/v2\/types\/post"}],"author":[{"embeddable":true,"href":"https:\/\/diariodominicano.com\/index.php?rest_route=\/wp\/v2\/users\/3"}],"replies":[{"embeddable":true,"href":"https:\/\/diariodominicano.com\/index.php?rest_route=%2Fwp%2Fv2%2Fcomments&post=69856"}],"version-history":[{"count":0,"href":"https:\/\/diariodominicano.com\/index.php?rest_route=\/wp\/v2\/posts\/69856\/revisions"}],"wp:attachment":[{"href":"https:\/\/diariodominicano.com\/index.php?rest_route=%2Fwp%2Fv2%2Fmedia&parent=69856"}],"wp:term":[{"taxonomy":"category","embeddable":true,"href":"https:\/\/diariodominicano.com\/index.php?rest_route=%2Fwp%2Fv2%2Fcategories&post=69856"},{"taxonomy":"post_tag","embeddable":true,"href":"https:\/\/diariodominicano.com\/index.php?rest_route=%2Fwp%2Fv2%2Ftags&post=69856"}],"curies":[{"name":"wp","href":"https:\/\/api.w.org\/{rel}","templated":true}]}}