{"id":69855,"date":"2009-07-03T18:32:51","date_gmt":"2009-07-03T18:32:51","guid":{"rendered":"http:\/\/diariodominicano.ddns.net\/?p=69855"},"modified":"2009-07-03T18:32:51","modified_gmt":"2009-07-03T18:32:51","slug":"el-merengue-de-cherito-el-pedazo-camina-con-pasos-firmes-para-convertirse-en-el-mas-grande-exito-del-2009","status":"publish","type":"post","link":"https:\/\/diariodominicano.com\/?p=69855","title":{"rendered":"El merengue de Cherito \u00abEL PEDAZO\u00bb camina con pasos firmes para convertirse en el m\u00e1s grande \u00e9xito del 2009."},"content":{"rendered":"<p><body><\/p>\n<p><span class=\"text1noticias\">Cherito, El Mega Artista, p\u00fablicamente le da las gracias a los medios de comunicaci\u00f3n y a toda su fanaticada por hacer de el tema \u00abEl Pedazo\u00bb el n\u00famero 1 en todo el pa\u00eds en solo 2 meses.<\/span><\/p>\n<\/p>\n<p><span class=\"text1noticias\">Tambi\u00e9n aprovecha para agradecer el bonito gesto de una de sus m\u00e1s files admiradoras, Alicia Ferrer de la provincia de Higuey, por realizar la animaci\u00f3n de \u00abEl Pedazo\u00bb.<\/span><\/p>\n<\/p>\n<p><span class=\"text1noticias\">\u00abEste es uno de los m\u00e1s lindos regalos que he recibido de mis fans en toda mi carrera\u00bb, dice Cherito.<\/span><\/p>\n<\/p>\n<p><span class=\"text1noticias\">Vea la animaci\u00f3n de \u00abEl Pedazo\u00bb aqu\u00ed:<\/span><\/p>\n<p><span class=\"text1noticias\">http:\/\/www.cherito.com\/elpedazo.html<\/span><\/p>\n<h6> 2009-07-03 18:32:51 <\/h6>\n<p><!--\n<link rel=\"stylesheet\" href=\"css\/bootstrap.min.css\">\n\n\n<ul class=\"pagination\">\n\t    \n\t\n\n<li >\n\t<a href='?page_no=21532'>Previous<\/a>\n\t<\/li>\n\n\n       \n    \n\n<li><a href='?page_no=1'>1<\/a><\/li>\n\n\n\n<li><a href='?page_no=2'>2<\/a><\/li>\n\n\n\n<li><a>...<\/a><\/li>\n\n\n\n<li><a href='?page_no=21531'>21531<\/a><\/li>\n\n\n\n<li><a href='?page_no=21532'>21532<\/a><\/li>\n\n\n\n<li class='active'><a>21533<\/a><\/li>\n\n\n\n<li><a href='?page_no=21534'>21534<\/a><\/li>\n\n\n\n<li><a href='?page_no=21535'>21535<\/a><\/li>\n\n\n\n<li><a>...<\/a><\/li>\n\n\n\n<li><a href='?page_no=22911'>22911<\/a><\/li>\n\n\n\n<li><a href='?page_no=22912'>22912<\/a><\/li>\n\n    \n\t\n\n<li >\n\t<a href='?page_no=21534'>Next<\/a>\n\t<\/li>\n\n\n    \n\n<li><a href='?page_no=22912'>Last &rsaquo;&rsaquo;<\/a><\/li>\n\n<\/ul>\n\n\n--><br \/>\n<\/body><\/p>\n","protected":false},"excerpt":{"rendered":"<p>Cherito, El Mega Artista, p\u00fablicamente le da las gracias a los medios de comunicaci\u00f3n y a toda su fanaticada por hacer de el tema \u00abEl Pedazo\u00bb el n\u00famero 1 en todo el pa\u00eds en solo 2 meses. Tambi\u00e9n aprovecha para agradecer el bonito gesto de una de sus m\u00e1s files admiradoras, Alicia Ferrer de la [&hellip;]<\/p>\n","protected":false},"author":3,"featured_media":0,"comment_status":"open","ping_status":"open","sticky":false,"template":"","format":"standard","meta":{"footnotes":""},"categories":[21],"tags":[],"class_list":["post-69855","post","type-post","status-publish","format-standard","hentry","category-cultura"],"_links":{"self":[{"href":"https:\/\/diariodominicano.com\/index.php?rest_route=\/wp\/v2\/posts\/69855","targetHints":{"allow":["GET"]}}],"collection":[{"href":"https:\/\/diariodominicano.com\/index.php?rest_route=\/wp\/v2\/posts"}],"about":[{"href":"https:\/\/diariodominicano.com\/index.php?rest_route=\/wp\/v2\/types\/post"}],"author":[{"embeddable":true,"href":"https:\/\/diariodominicano.com\/index.php?rest_route=\/wp\/v2\/users\/3"}],"replies":[{"embeddable":true,"href":"https:\/\/diariodominicano.com\/index.php?rest_route=%2Fwp%2Fv2%2Fcomments&post=69855"}],"version-history":[{"count":0,"href":"https:\/\/diariodominicano.com\/index.php?rest_route=\/wp\/v2\/posts\/69855\/revisions"}],"wp:attachment":[{"href":"https:\/\/diariodominicano.com\/index.php?rest_route=%2Fwp%2Fv2%2Fmedia&parent=69855"}],"wp:term":[{"taxonomy":"category","embeddable":true,"href":"https:\/\/diariodominicano.com\/index.php?rest_route=%2Fwp%2Fv2%2Fcategories&post=69855"},{"taxonomy":"post_tag","embeddable":true,"href":"https:\/\/diariodominicano.com\/index.php?rest_route=%2Fwp%2Fv2%2Ftags&post=69855"}],"curies":[{"name":"wp","href":"https:\/\/api.w.org\/{rel}","templated":true}]}}