{"id":69854,"date":"2009-07-03T20:03:34","date_gmt":"2009-07-03T20:03:34","guid":{"rendered":"http:\/\/diariodominicano.ddns.net\/?p=69854"},"modified":"2009-07-03T20:03:34","modified_gmt":"2009-07-03T20:03:34","slug":"tertulia-en-cultura-sobre-historia-de-la-musica-brasilena","status":"publish","type":"post","link":"https:\/\/diariodominicano.com\/?p=69854","title":{"rendered":"Tertulia en Cultura sobre historia de la m\u00fasica brasile\u00f1a"},"content":{"rendered":"<p><body><\/p>\n<p><img decoding=\"async\" src=\"http:\/\/localhost:8080\/img3\/balo.jpg\" \/>  <\/p>\n<p><span class=\"text1noticias\">Con la participaci\u00f3n del antrop\u00f3logo dominicano Jos\u00e9 Guerrero, la Secretar\u00eda de Estado de Cultura, a trav\u00e9s de la Direcci\u00f3n del Plan Quinquenal del Libro y la Lectura, realiz\u00f3 la ?Tertulia Jueves de la Rep\u00fablica?, con el tema: ?Y cont\u00e1ndonos la historia de la m\u00fasica de Brasil?.<\/span><\/p>\n<\/p>\n<p><span class=\"text1noticias\">El tradicional encuentro se realiz\u00f3 en la Sala de Arte Ram\u00f3n Oviedo, donde Guerrero hizo un recuento de los aspectos culturales, sociales y religiosos que encierra la m\u00fasica brasile\u00f1a.<\/span><\/p>\n<\/p>\n<p><span class=\"text1noticias\">Destac\u00f3 los aportes a la m\u00fasica a trav\u00e9s de los diferentes instrumentos musicales como la tambora, atabales, la pandereta y otros.<\/span><\/p>\n<\/p>\n<p><span class=\"text1noticias\">As\u00ed como la combinaci\u00f3n de instrumentos con los rituales a los famosos Orisha o semidioses que forman parte de los legados ancestrales de la cultura brasileira.<\/span><\/p>\n<\/p>\n<p><span class=\"text1noticias\">Resalt\u00f3 la importancia que tiene la influencia, no solo en Brasil sino en otros pa\u00edses como Hait\u00ed, Rep\u00fablica Dominicana y Cuba, de los negros africanos que poblaron el Caribe en determinado momento de la historia.<\/span><\/p>\n<p><span class=\"text1noticias\">    <\/span><\/p>\n<p><span class=\"text1noticias\">Durante la actividad fue proyectado un v\u00eddeo con las presentaciones art\u00edsticas de los grupos brasile\u00f1os Nego Gato Music &amp; Dance Ensemble y el Capoeira, quienes deleitaron al p\u00fablico de la Tertulia de los Jueves con varias piezas de baile al ritmo de samba. <\/span><\/p>\n<h6> 2009-07-03 20:03:34 <\/h6>\n<p><!--\n<link rel=\"stylesheet\" href=\"css\/bootstrap.min.css\">\n\n\n<ul class=\"pagination\">\n\t    \n\t\n\n<li >\n\t<a href='?page_no=21531'>Previous<\/a>\n\t<\/li>\n\n\n       \n    \n\n<li><a href='?page_no=1'>1<\/a><\/li>\n\n\n\n<li><a href='?page_no=2'>2<\/a><\/li>\n\n\n\n<li><a>...<\/a><\/li>\n\n\n\n<li><a href='?page_no=21530'>21530<\/a><\/li>\n\n\n\n<li><a href='?page_no=21531'>21531<\/a><\/li>\n\n\n\n<li class='active'><a>21532<\/a><\/li>\n\n\n\n<li><a href='?page_no=21533'>21533<\/a><\/li>\n\n\n\n<li><a href='?page_no=21534'>21534<\/a><\/li>\n\n\n\n<li><a>...<\/a><\/li>\n\n\n\n<li><a href='?page_no=22911'>22911<\/a><\/li>\n\n\n\n<li><a href='?page_no=22912'>22912<\/a><\/li>\n\n    \n\t\n\n<li >\n\t<a href='?page_no=21533'>Next<\/a>\n\t<\/li>\n\n\n    \n\n<li><a href='?page_no=22912'>Last &rsaquo;&rsaquo;<\/a><\/li>\n\n<\/ul>\n\n\n--><br \/>\n<\/body><\/p>\n","protected":false},"excerpt":{"rendered":"<p>Con la participaci\u00f3n del antrop\u00f3logo dominicano Jos\u00e9 Guerrero, la Secretar\u00eda de Estado de Cultura, a trav\u00e9s de la Direcci\u00f3n del Plan Quinquenal del Libro y la Lectura, realiz\u00f3 la ?Tertulia Jueves de la Rep\u00fablica?, con el tema: ?Y cont\u00e1ndonos la historia de la m\u00fasica de Brasil?. El tradicional encuentro se realiz\u00f3 en la Sala de [&hellip;]<\/p>\n","protected":false},"author":3,"featured_media":0,"comment_status":"open","ping_status":"open","sticky":false,"template":"","format":"standard","meta":{"footnotes":""},"categories":[21],"tags":[],"class_list":["post-69854","post","type-post","status-publish","format-standard","hentry","category-cultura"],"_links":{"self":[{"href":"https:\/\/diariodominicano.com\/index.php?rest_route=\/wp\/v2\/posts\/69854","targetHints":{"allow":["GET"]}}],"collection":[{"href":"https:\/\/diariodominicano.com\/index.php?rest_route=\/wp\/v2\/posts"}],"about":[{"href":"https:\/\/diariodominicano.com\/index.php?rest_route=\/wp\/v2\/types\/post"}],"author":[{"embeddable":true,"href":"https:\/\/diariodominicano.com\/index.php?rest_route=\/wp\/v2\/users\/3"}],"replies":[{"embeddable":true,"href":"https:\/\/diariodominicano.com\/index.php?rest_route=%2Fwp%2Fv2%2Fcomments&post=69854"}],"version-history":[{"count":0,"href":"https:\/\/diariodominicano.com\/index.php?rest_route=\/wp\/v2\/posts\/69854\/revisions"}],"wp:attachment":[{"href":"https:\/\/diariodominicano.com\/index.php?rest_route=%2Fwp%2Fv2%2Fmedia&parent=69854"}],"wp:term":[{"taxonomy":"category","embeddable":true,"href":"https:\/\/diariodominicano.com\/index.php?rest_route=%2Fwp%2Fv2%2Fcategories&post=69854"},{"taxonomy":"post_tag","embeddable":true,"href":"https:\/\/diariodominicano.com\/index.php?rest_route=%2Fwp%2Fv2%2Ftags&post=69854"}],"curies":[{"name":"wp","href":"https:\/\/api.w.org\/{rel}","templated":true}]}}