{"id":69853,"date":"2009-07-03T21:49:23","date_gmt":"2009-07-03T21:49:23","guid":{"rendered":"http:\/\/diariodominicano.ddns.net\/?p=69853"},"modified":"2009-07-03T21:49:23","modified_gmt":"2009-07-03T21:49:23","slug":"celebran-batalla-de-la-barranquita","status":"publish","type":"post","link":"https:\/\/diariodominicano.com\/?p=69853","title":{"rendered":"celebran batalla de la barranquita"},"content":{"rendered":"<p><body><\/p>\n<p><img decoding=\"async\" src=\"http:\/\/localhost:8080\/img3\/bata.jpg\" \/>  <\/p>\n<p><span class=\"text1noticias\">Roberto Rosario<\/span><\/p>\n<\/p>\n<p><span class=\"text1noticias\">MAO.- con diversas actividades en el d\u00eda de hoy se conmemora en esta ciudad de Mao el 93 aniversario de La Batalla de la Barranquita, donde un pu\u00f1ado de  dominicano se enfrentaron a las tropas  norte americana, que no invadieron en el 1916.<\/span><\/p>\n<\/p>\n<p><span class=\"text1noticias\">Los actos conmemorativos que fueron encabezado por las autoridades civiles y militares de Valverde, se iniciaron con el izamiento de las banderas Nacional y Municipal en el Monumento a los h\u00e9roes de La Barranquita, en el distrito municipal de Guayacanes; y luego una misa en la Catedral Santa Cruz de Mao.<\/span><\/p>\n<\/p>\n<p><span class=\"text1noticias\">Seguido por un desfile de autoridades e instituciones esta culmin\u00f3 en el Parquecito Duarte, donde las diversas instituciones p\u00fablicas y privadas la Gobernaci\u00f3n de Valverde, el ayuntamiento de Mao, INDENOR, el Comit\u00e9 La Barranquita, Efem\u00e9rides Patria y la Secretar\u00eda de la Mujer depositaron ofrendas florales.<\/span><\/p>\n<\/p>\n<p><span class=\"text1noticias\">En plaza de diversi\u00f3n  se realiz\u00f3 un solemne acto encabezado por el Gobernador Provincial Manuel G\u00fcichardo, el s\u00edndico Odal\u00eds Rodr\u00edguez, Los generales Rub\u00e9n Paulino Sem y Felipe Alberto Henr\u00edquez Molina del Ej\u00e9rcito Nacional, as\u00ed como los tambi\u00e9n generales Fracisco Abreu Montes de Oca y Miguel de la Cruz Reyna de la Polic\u00eda Nacional<\/span><\/p>\n<\/p>\n<p><span class=\"text1noticias\">Manuel Rodr\u00edguez Bonilla, del Comit\u00e9 La Barranquita, habl\u00f3 sobre este hecho hist\u00f3rico en que un pu\u00f1ado de valientes enfrentaron a las tropas invasoras norteamericanas en loma que lleva el mismo nombre en la comunidad de Guayacanes.<\/span><\/p>\n<\/p>\n<p><span class=\"text1noticias\">En el acto conmemorativo del 93 aniversario de la Batalla de la Barranquita tambi\u00e9n hizo uso de la palabra el Gobernador Manuel G\u00fcichardo y diferencia de otros a\u00f1os, en esta ocasi\u00f3n, s\u00f3lo el ayuntamiento de Mao ley\u00f3 la resoluci\u00f3n 16-2009 que declar\u00f3 este 3 de Julio como d\u00eda de Regocijo Municipal<\/span><\/p>\n<\/p>\n<p><span class=\"text1noticias\">En la misma se declara el 3 de Julio como D\u00eda de Regocijo  Municipal y se exhort\u00f3 a la poblaci\u00f3n a participar de los actos conmemorativos de La Batalla de La Barranquita, en la que un grupo de valientes patriotas decidieron enfrentar en 1916 las tropas invasoras norteamericanas que atentaban contra la soberan\u00eda del pueblo dominicano<\/span><\/p>\n<h6> 2009-07-03 21:49:23 <\/h6>\n<p><!--\n<link rel=\"stylesheet\" href=\"css\/bootstrap.min.css\">\n\n\n<ul class=\"pagination\">\n\t    \n\t\n\n<li >\n\t<a href='?page_no=21530'>Previous<\/a>\n\t<\/li>\n\n\n       \n    \n\n<li><a href='?page_no=1'>1<\/a><\/li>\n\n\n\n<li><a href='?page_no=2'>2<\/a><\/li>\n\n\n\n<li><a>...<\/a><\/li>\n\n\n\n<li><a href='?page_no=21529'>21529<\/a><\/li>\n\n\n\n<li><a href='?page_no=21530'>21530<\/a><\/li>\n\n\n\n<li class='active'><a>21531<\/a><\/li>\n\n\n\n<li><a href='?page_no=21532'>21532<\/a><\/li>\n\n\n\n<li><a href='?page_no=21533'>21533<\/a><\/li>\n\n\n\n<li><a>...<\/a><\/li>\n\n\n\n<li><a href='?page_no=22911'>22911<\/a><\/li>\n\n\n\n<li><a href='?page_no=22912'>22912<\/a><\/li>\n\n    \n\t\n\n<li >\n\t<a href='?page_no=21532'>Next<\/a>\n\t<\/li>\n\n\n    \n\n<li><a href='?page_no=22912'>Last &rsaquo;&rsaquo;<\/a><\/li>\n\n<\/ul>\n\n\n--><br \/>\n<\/body><\/p>\n","protected":false},"excerpt":{"rendered":"<p>Roberto Rosario MAO.- con diversas actividades en el d\u00eda de hoy se conmemora en esta ciudad de Mao el 93 aniversario de La Batalla de la Barranquita, donde un pu\u00f1ado de dominicano se enfrentaron a las tropas norte americana, que no invadieron en el 1916. Los actos conmemorativos que fueron encabezado por las autoridades civiles [&hellip;]<\/p>\n","protected":false},"author":3,"featured_media":0,"comment_status":"open","ping_status":"open","sticky":false,"template":"","format":"standard","meta":{"footnotes":""},"categories":[21],"tags":[],"class_list":["post-69853","post","type-post","status-publish","format-standard","hentry","category-cultura"],"_links":{"self":[{"href":"https:\/\/diariodominicano.com\/index.php?rest_route=\/wp\/v2\/posts\/69853","targetHints":{"allow":["GET"]}}],"collection":[{"href":"https:\/\/diariodominicano.com\/index.php?rest_route=\/wp\/v2\/posts"}],"about":[{"href":"https:\/\/diariodominicano.com\/index.php?rest_route=\/wp\/v2\/types\/post"}],"author":[{"embeddable":true,"href":"https:\/\/diariodominicano.com\/index.php?rest_route=\/wp\/v2\/users\/3"}],"replies":[{"embeddable":true,"href":"https:\/\/diariodominicano.com\/index.php?rest_route=%2Fwp%2Fv2%2Fcomments&post=69853"}],"version-history":[{"count":0,"href":"https:\/\/diariodominicano.com\/index.php?rest_route=\/wp\/v2\/posts\/69853\/revisions"}],"wp:attachment":[{"href":"https:\/\/diariodominicano.com\/index.php?rest_route=%2Fwp%2Fv2%2Fmedia&parent=69853"}],"wp:term":[{"taxonomy":"category","embeddable":true,"href":"https:\/\/diariodominicano.com\/index.php?rest_route=%2Fwp%2Fv2%2Fcategories&post=69853"},{"taxonomy":"post_tag","embeddable":true,"href":"https:\/\/diariodominicano.com\/index.php?rest_route=%2Fwp%2Fv2%2Ftags&post=69853"}],"curies":[{"name":"wp","href":"https:\/\/api.w.org\/{rel}","templated":true}]}}