{"id":69848,"date":"2009-07-07T14:29:25","date_gmt":"2009-07-07T14:29:25","guid":{"rendered":"http:\/\/diariodominicano.ddns.net\/?p=69848"},"modified":"2009-07-07T14:29:25","modified_gmt":"2009-07-07T14:29:25","slug":"juan-daniel-balcacer-destaca-trayectoria-humanistica-de-juan-bosch","status":"publish","type":"post","link":"https:\/\/diariodominicano.com\/?p=69848","title":{"rendered":"Juan Daniel Balc\u00e1cer destaca trayectoria human\u00edstica de Juan Bosch"},"content":{"rendered":"<p><body><\/p>\n<p><img decoding=\"async\" src=\"img3\/itla.jpg\" \/>  <\/p>\n<p><span class=\"text1noticias\">Con motivo de la celebraci\u00f3n del Centenario del Nacimiento de Juan Bosch,  el Instituto Tecnol\u00f3gico de Las Am\u00e9ricas (ITLA), organiz\u00f3 la conferencia  ?Vida y obra de Juan Bosch? dictada  por el historiador Juan Daniel Balc\u00e1cer<\/span><\/p>\n<\/p>\n<p><span class=\"text1noticias\">El encuentro con los estudiantes de tecnolog\u00eda y dise\u00f1o de esta entidad fue organizado por el Comit\u00e9 de Conmemoraci\u00f3n del Primer Centenario del Profesor Juan Bosch en Coordinaci\u00f3n con el Instituto Tecnol\u00f3gico de las Am\u00e9ricas.<\/span><\/p>\n<\/p>\n<p><span class=\"text1noticias\">El licenciado Juan Daniel Balc\u00e1cer es en la actualidad presidente de la Comisi\u00f3n Permanente de Efem\u00e9rides Patrias, entidad integrante junto a otras instituciones p\u00fablicas y privadas de la recordaci\u00f3n y proyecci\u00f3n de los ideales del expresidente de la Rep\u00fablica y destacado literato.<\/span><\/p>\n<\/p>\n<p><span class=\"text1noticias\">La actividad estuvo encabezada por el director ejecutivo del ITLA, ingeniero Jos\u00e9 Armando Tav\u00e1rez, quien destac\u00f3 la trayectoria de Balc\u00e1cer ?como uno de los m\u00e1s  prestigiosos historiadores de la Rep\u00fablica Dominicana. <\/span><\/p>\n<\/p>\n<p><span class=\"text1noticias\">Balc\u00e1cer habl\u00f3 de la vida y obra de Juan Bosch, ante un auditorio repleto de j\u00f3venes, \u00e1vidos por conocer m\u00e1s a fondo la trayectoria de uno de los dominicanos m\u00e1s ilustres de todos los tiempos. <\/span><\/p>\n<p><span class=\"text1noticias\">En su intervenci\u00f3n, Balc\u00e1cer dijo que desde muy joven Juan Bosch se inici\u00f3  en la vida literaria y laboral, publicando poemas y romances y que su primer texto narrativo, fue el libro de cuentos \u00abCamino Real\u00bb en el a\u00f1o 1933, lo que lo convirti\u00f3 en  toda una revelaci\u00f3n cultural.<\/span><\/p>\n<\/p>\n<p><span class=\"text1noticias\">El historiador afirm\u00f3 que  la figura de Juan Bosch es de dimensi\u00f3n continental, y aunque incursion\u00f3 en diferentes facetas de la literatura, es en el cuento en la  que se alcanz\u00f3 m\u00e1s altos vuelos. <\/span><\/p>\n<\/p>\n<p><span class=\"text1noticias\">Bosch public\u00f3 los libros de cuentos  ?Camino real?,   ?El algarrobo??, ?Cuentos escritos antes del exilio?, ?Cuentos escritos en el exilio??, ?M\u00e1s cuentos escritos en el exilio?, ?Cuentos M\u00e1s que Completos?, entre otros.<\/span><\/p>\n<\/p>\n<p><span class=\"text1noticias\">Tambi\u00e9n escribi\u00f3 las novelas ?El oro y la paz? y   ?La Ma\u00f1osa?, esta \u00faltima,  una cr\u00edtica a las malas costumbres que arrastraba el pueblo dominicano desde sus inicios y hasta entonces. <\/span><\/p>\n<\/p>\n<p><span class=\"text1noticias\">Sus escritos literarios, producidos en su mayor\u00eda durante sus a\u00f1os de exilio, y sus textos pol\u00edticos e hist\u00f3ricos abarcan m\u00e1s de cincuenta t\u00edtulos, algunos de los cuales han sido traducidos al franc\u00e9s, ingl\u00e9s, portugu\u00e9s, alem\u00e1n, italiano y holand\u00e9s. Bosch es el m\u00e1s importante cuentista dominicano y una de las grandes voces del cuento latinoamericano contempor\u00e1neo. Figura entre los m\u00e1s notables precursores del criollismo y del sociorealismo literarios hispanoamericano. Juan Bosch naci\u00f3 el 30 de junio del 1909 en La  Vega. <\/span><\/p>\n<\/p>\n<p><span class=\"text1noticias\">Juan Bosch fue el primer presidente Constitucional de la Rep\u00fablica Dominicana elegido democr\u00e1ticamente luego de la muerte del dictador Rafael Leonidas Trujillo Molina en 1961. Fruto de la confianza que deposit\u00f3 el pueblo en \u00e9l, gan\u00f3 las elecciones celebradas el 20 de diciembre de 1962. <\/span><\/p>\n<\/p>\n<p><span class=\"text1noticias\">El 27 de febrero de 1963 tom\u00f3 posesi\u00f3n como Presidente de la Rep\u00fablica, pero siete meses despu\u00e9s, debido a su pol\u00edtica de apertura hacia el pueblo, fue derrocado por un golpe militar que lo oblig\u00f3 a  exiliarse en Puerto Rico.<\/span><\/p>\n<\/p>\n<p><span class=\"text1noticias\">La conferencia celebrada en el auditorio I estuvo muy concurrida con la presencia de empleados, profesores y estudiantes.<\/span><\/p>\n<h6> 2009-07-07 14:29:25 <\/h6>\n<p><!--\n<link rel=\"stylesheet\" href=\"css\/bootstrap.min.css\">\n\n\n<ul class=\"pagination\">\n\t    \n\t\n\n<li >\n\t<a href='?page_no=21525'>Previous<\/a>\n\t<\/li>\n\n\n       \n    \n\n<li><a href='?page_no=1'>1<\/a><\/li>\n\n\n\n<li><a href='?page_no=2'>2<\/a><\/li>\n\n\n\n<li><a>...<\/a><\/li>\n\n\n\n<li><a href='?page_no=21524'>21524<\/a><\/li>\n\n\n\n<li><a href='?page_no=21525'>21525<\/a><\/li>\n\n\n\n<li class='active'><a>21526<\/a><\/li>\n\n\n\n<li><a href='?page_no=21527'>21527<\/a><\/li>\n\n\n\n<li><a href='?page_no=21528'>21528<\/a><\/li>\n\n\n\n<li><a>...<\/a><\/li>\n\n\n\n<li><a href='?page_no=22911'>22911<\/a><\/li>\n\n\n\n<li><a href='?page_no=22912'>22912<\/a><\/li>\n\n    \n\t\n\n<li >\n\t<a href='?page_no=21527'>Next<\/a>\n\t<\/li>\n\n\n    \n\n<li><a href='?page_no=22912'>Last &rsaquo;&rsaquo;<\/a><\/li>\n\n<\/ul>\n\n\n--><br \/>\n<\/body><\/p>\n","protected":false},"excerpt":{"rendered":"<p>Con motivo de la celebraci\u00f3n del Centenario del Nacimiento de Juan Bosch, el Instituto Tecnol\u00f3gico de Las Am\u00e9ricas (ITLA), organiz\u00f3 la conferencia ?Vida y obra de Juan Bosch? dictada por el historiador Juan Daniel Balc\u00e1cer El encuentro con los estudiantes de tecnolog\u00eda y dise\u00f1o de esta entidad fue organizado por el Comit\u00e9 de Conmemoraci\u00f3n del [&hellip;]<\/p>\n","protected":false},"author":3,"featured_media":0,"comment_status":"open","ping_status":"open","sticky":false,"template":"","format":"standard","meta":{"footnotes":""},"categories":[21],"tags":[],"class_list":["post-69848","post","type-post","status-publish","format-standard","hentry","category-cultura"],"_links":{"self":[{"href":"https:\/\/diariodominicano.com\/index.php?rest_route=\/wp\/v2\/posts\/69848","targetHints":{"allow":["GET"]}}],"collection":[{"href":"https:\/\/diariodominicano.com\/index.php?rest_route=\/wp\/v2\/posts"}],"about":[{"href":"https:\/\/diariodominicano.com\/index.php?rest_route=\/wp\/v2\/types\/post"}],"author":[{"embeddable":true,"href":"https:\/\/diariodominicano.com\/index.php?rest_route=\/wp\/v2\/users\/3"}],"replies":[{"embeddable":true,"href":"https:\/\/diariodominicano.com\/index.php?rest_route=%2Fwp%2Fv2%2Fcomments&post=69848"}],"version-history":[{"count":0,"href":"https:\/\/diariodominicano.com\/index.php?rest_route=\/wp\/v2\/posts\/69848\/revisions"}],"wp:attachment":[{"href":"https:\/\/diariodominicano.com\/index.php?rest_route=%2Fwp%2Fv2%2Fmedia&parent=69848"}],"wp:term":[{"taxonomy":"category","embeddable":true,"href":"https:\/\/diariodominicano.com\/index.php?rest_route=%2Fwp%2Fv2%2Fcategories&post=69848"},{"taxonomy":"post_tag","embeddable":true,"href":"https:\/\/diariodominicano.com\/index.php?rest_route=%2Fwp%2Fv2%2Ftags&post=69848"}],"curies":[{"name":"wp","href":"https:\/\/api.w.org\/{rel}","templated":true}]}}