{"id":69846,"date":"2009-07-07T16:07:41","date_gmt":"2009-07-07T16:07:41","guid":{"rendered":"http:\/\/diariodominicano.ddns.net\/?p=69846"},"modified":"2009-07-07T16:07:41","modified_gmt":"2009-07-07T16:07:41","slug":"embajada-de-peru-anuncia-festival-gastronomico","status":"publish","type":"post","link":"https:\/\/diariodominicano.com\/?p=69846","title":{"rendered":"Embajada de Per\u00fa anuncia Festival Gastron\u00f3mico"},"content":{"rendered":"<p><body><\/p>\n<p><img decoding=\"async\" src=\"img3\/peru.jpg\" \/>  <\/p>\n<p><span class=\"text1noticias\">Tendr\u00e1 lugar del 13 al 28 de julio en el Hotel Meli\u00e1 Santo Domingo<\/span><\/p>\n<p><span class=\"text1noticias\"> <\/span><\/p>\n<p><span class=\"text1noticias\">Santo Domingo, Rep\u00fablica Dominicana.- La embajada del Per\u00fa, Kola Real y el hotel Meli\u00e1 Santo Domingo anuncian el ?1er Festival Gastron\u00f3mico del Per\u00fa? a celebrarse del 13 al 28 de julio en el Caf\u00e9 Casabe.<\/span><\/p>\n<p><span class=\"text1noticias\"> <\/span><\/p>\n<p><span class=\"text1noticias\">Para la ocasi\u00f3n se ha tra\u00eddo desde Talara, Piura, al norte de Per\u00fa, al reconocido Chef internacional Adolfo Miguel Perret Berm\u00fadez, quien se especializa en la cocina de su pa\u00eds, considerada como un patrimonio intangible de la humanidad por ser due\u00f1a de m\u00e1s de tres mil platos distintos.<\/span><\/p>\n<p><span class=\"text1noticias\"> <\/span><\/p>\n<p><span class=\"text1noticias\">?La generosidad nos la ense\u00f1a la tierra poniendo manjares exquisitos e infinitos en nuestras manos desde hace siglos las cuales pondremos al alcance de los dominicanos con este festival?, expresa el Embajador del Per\u00fa, Sr.Vicente Azula de la Guerra.<\/span><\/p>\n<p><span class=\"text1noticias\"> <\/span><\/p>\n<p><span class=\"text1noticias\">Por su lado Roberto Henr\u00edquez, director de Meli\u00e1 Santo Domingo, prometi\u00f3 una amplia gama de platos durante \u00e9sta fiesta de la comida peruana, sustentados en la productividad de sus aguas tanto dulces como saladas, as\u00ed como sus tierras des\u00e9rticas y de monta\u00f1a.<\/span><\/p>\n<p><span class=\"text1noticias\"> <\/span><\/p>\n<p><span class=\"text1noticias\">?El Per\u00fa nos muestra su generosidad culinaria en un festival que resume lo mejor de su cocina y el cual nos veremos obligados a realizar cada a\u00f1o una vez el p\u00fablico descubra la confluencia de sabores resguardados en su cocina.?, expresa el ejecutivo.<\/span><\/p>\n<p><span class=\"text1noticias\"> <\/span><\/p>\n<p><span class=\"text1noticias\">Los c\u00f3cteles y platos disponibles al p\u00fablico son Pisco Sour en coctelera, C\u00f3ctel de algarrobina en licuadora, ceviche Peruano de pescado o mariscos y granizado de aj\u00ed amarillo, Rollitos de pollo a la oriental con pur\u00e9 meloso de manzana y arroz al coco, Suspiro a la lime\u00f1a, entre otras delicias.   <\/span><\/p>\n<p><span class=\"text1noticias\"> <\/span><\/p>\n<p><span class=\"text1noticias\">El chef Adolfo Miguel Perret Berm\u00fadez ha efectuado festivales gastron\u00f3micos en pa\u00edses como China, U.S.A, Suiza, Cuba, Rusia, Chile, Costa Rica, Venezuela, Ecuador, Bolivia, Argentina, Italia, Espa\u00f1a, Francia y Alemania, por lo que pondr\u00e1 de manifiesto toda su experiencia en esta actividad en el hotel Meli\u00e1 Santo Domingo<\/span><\/p>\n<p><span class=\"text1noticias\"> <\/span><\/p>\n<p><span class=\"text1noticias\">Su cadena de Restaurantes PUNTA SAL, fueron galardonados en el a\u00f1o 1994 con el Trofeo Internacional de Gastronom\u00eda, Hotelera y  Turismo en Madrid, Espa\u00f1a y con el Trofeo Aregala de la Asociaci\u00f3n de restauradores y escritores gastron\u00f3micos de Am\u00e9rica Latina y Espa\u00f1a, que lo convierte en una autoridad en la materia.<\/span><\/p>\n<p><span class=\"text1noticias\"> <\/span><\/p>\n<p><span class=\"text1noticias\">Adem\u00e1s Ostenta un diploma de record Guinness  por su  participaci\u00f3n en la coordinaci\u00f3n y preparaci\u00f3n del cebiche mas grande del mundo durante la campa\u00f1a de Teleamor en diciembre de 1996.<\/span><\/p>\n<p><span class=\"text1noticias\"> <\/span><\/p>\n<p><span class=\"text1noticias\">Tambi\u00e9n tendr\u00e1 una participaci\u00f3n especial el chef canadiense Pascal Messier quien har\u00e1 acopio de toda su trayectoria para hacer a\u00fan m\u00e1s especial el ambiente cada noche.<\/span><\/p>\n<p><span class=\"text1noticias\"> <\/span><\/p>\n<p><span class=\"text1noticias\">Este evento cuenta con el apoyo de la l\u00ednea a\u00e9rea Taca.<\/span><\/p>\n<h6> 2009-07-07 16:07:41 <\/h6>\n<p><!--\n<link rel=\"stylesheet\" href=\"css\/bootstrap.min.css\">\n\n\n<ul class=\"pagination\">\n\t    \n\t\n\n<li >\n\t<a href='?page_no=21523'>Previous<\/a>\n\t<\/li>\n\n\n       \n    \n\n<li><a href='?page_no=1'>1<\/a><\/li>\n\n\n\n<li><a href='?page_no=2'>2<\/a><\/li>\n\n\n\n<li><a>...<\/a><\/li>\n\n\n\n<li><a href='?page_no=21522'>21522<\/a><\/li>\n\n\n\n<li><a href='?page_no=21523'>21523<\/a><\/li>\n\n\n\n<li class='active'><a>21524<\/a><\/li>\n\n\n\n<li><a href='?page_no=21525'>21525<\/a><\/li>\n\n\n\n<li><a href='?page_no=21526'>21526<\/a><\/li>\n\n\n\n<li><a>...<\/a><\/li>\n\n\n\n<li><a href='?page_no=22911'>22911<\/a><\/li>\n\n\n\n<li><a href='?page_no=22912'>22912<\/a><\/li>\n\n    \n\t\n\n<li >\n\t<a href='?page_no=21525'>Next<\/a>\n\t<\/li>\n\n\n    \n\n<li><a href='?page_no=22912'>Last &rsaquo;&rsaquo;<\/a><\/li>\n\n<\/ul>\n\n\n--><br \/>\n<\/body><\/p>\n","protected":false},"excerpt":{"rendered":"<p>Tendr\u00e1 lugar del 13 al 28 de julio en el Hotel Meli\u00e1 Santo Domingo Santo Domingo, Rep\u00fablica Dominicana.- La embajada del Per\u00fa, Kola Real y el hotel Meli\u00e1 Santo Domingo anuncian el ?1er Festival Gastron\u00f3mico del Per\u00fa? a celebrarse del 13 al 28 de julio en el Caf\u00e9 Casabe. Para la ocasi\u00f3n se ha tra\u00eddo [&hellip;]<\/p>\n","protected":false},"author":3,"featured_media":0,"comment_status":"open","ping_status":"open","sticky":false,"template":"","format":"standard","meta":{"footnotes":""},"categories":[21],"tags":[],"class_list":["post-69846","post","type-post","status-publish","format-standard","hentry","category-cultura"],"_links":{"self":[{"href":"https:\/\/diariodominicano.com\/index.php?rest_route=\/wp\/v2\/posts\/69846","targetHints":{"allow":["GET"]}}],"collection":[{"href":"https:\/\/diariodominicano.com\/index.php?rest_route=\/wp\/v2\/posts"}],"about":[{"href":"https:\/\/diariodominicano.com\/index.php?rest_route=\/wp\/v2\/types\/post"}],"author":[{"embeddable":true,"href":"https:\/\/diariodominicano.com\/index.php?rest_route=\/wp\/v2\/users\/3"}],"replies":[{"embeddable":true,"href":"https:\/\/diariodominicano.com\/index.php?rest_route=%2Fwp%2Fv2%2Fcomments&post=69846"}],"version-history":[{"count":0,"href":"https:\/\/diariodominicano.com\/index.php?rest_route=\/wp\/v2\/posts\/69846\/revisions"}],"wp:attachment":[{"href":"https:\/\/diariodominicano.com\/index.php?rest_route=%2Fwp%2Fv2%2Fmedia&parent=69846"}],"wp:term":[{"taxonomy":"category","embeddable":true,"href":"https:\/\/diariodominicano.com\/index.php?rest_route=%2Fwp%2Fv2%2Fcategories&post=69846"},{"taxonomy":"post_tag","embeddable":true,"href":"https:\/\/diariodominicano.com\/index.php?rest_route=%2Fwp%2Fv2%2Ftags&post=69846"}],"curies":[{"name":"wp","href":"https:\/\/api.w.org\/{rel}","templated":true}]}}