{"id":69844,"date":"2009-07-07T18:19:16","date_gmt":"2009-07-07T18:19:16","guid":{"rendered":"http:\/\/diariodominicano.ddns.net\/?p=69844"},"modified":"2009-07-07T18:19:16","modified_gmt":"2009-07-07T18:19:16","slug":"el-ipgh-presentara-libro-sobre-efecto-de-la-migracion-internacional-en-las-comunidades-de-origen-del-suroeste-de-la-republica-dominicana","status":"publish","type":"post","link":"https:\/\/diariodominicano.com\/?p=69844","title":{"rendered":"El  IPGH   presentar\u00e1 libro sobre Efecto de la migraci\u00f3n internacional en las comunidades de origen del suroeste de la Rep\u00fablica Dominicana."},"content":{"rendered":"<p><body><\/p>\n<p><span class=\"text1noticias\">A tono con su car\u00e1cter acad\u00e9mico-cient\u00edfico, la Secci\u00f3n Nacional de Dominicana del Instituto Panamericano de Geograf\u00eda e Historia (IPGH), \u00d3rgano Especializado de la Organizaci\u00f3n de los Estados Americanos (OEA), en coordinaci\u00f3n con la Academia Dominicana de la Historia pondr\u00e1n  a disposici\u00f3n de la comunidad acad\u00e9mica del pa\u00eds, y muy especialmente de los amantes, estudiosos y protagonistas de las Ciencias sociales, el libro: Efectos de la migraci\u00f3n internacional en las comunidades de origen del suroeste de la Rep\u00fablica Dominicana, autor\u00eda del investigador espa\u00f1ol Gonzalo Ram\u00edrez de Haro y otros. Con la publicaci\u00f3n de esta obra, damos un paso de avance en el prop\u00f3sito de estimular el desarrollo de la investigaci\u00f3n en el pa\u00eds.<\/span><\/p>\n<p><span class=\"text1noticias\"> <\/span><\/p>\n<p><span class=\"text1noticias\">El acto de presentaci\u00f3n se llevar\u00e1 a cabo en el Sal\u00f3n de Conferencias de la Academia Dominicana de la Historia, el mi\u00e9rcoles 08 de julio de 2009, a las 7:00p.m. El programa incluye la participaci\u00f3n del Lic. Bol\u00edvar Troncoso Morales, en calidad de presidente de la Secci\u00f3n Nacional y H\u00e9ctor Luis Mart\u00ednez, de vicepresidente, el Dr. Emilio Cordero presidente de la Academia y por supuesto los autores Luis Escolano y Teresa Ca\u00f1edo.<\/span><\/p>\n<h6> 2009-07-07 18:19:16 <\/h6>\n<p><!--\n<link rel=\"stylesheet\" href=\"css\/bootstrap.min.css\">\n\n\n<ul class=\"pagination\">\n\t    \n\t\n\n<li >\n\t<a href='?page_no=21521'>Previous<\/a>\n\t<\/li>\n\n\n       \n    \n\n<li><a href='?page_no=1'>1<\/a><\/li>\n\n\n\n<li><a href='?page_no=2'>2<\/a><\/li>\n\n\n\n<li><a>...<\/a><\/li>\n\n\n\n<li><a href='?page_no=21520'>21520<\/a><\/li>\n\n\n\n<li><a href='?page_no=21521'>21521<\/a><\/li>\n\n\n\n<li class='active'><a>21522<\/a><\/li>\n\n\n\n<li><a href='?page_no=21523'>21523<\/a><\/li>\n\n\n\n<li><a href='?page_no=21524'>21524<\/a><\/li>\n\n\n\n<li><a>...<\/a><\/li>\n\n\n\n<li><a href='?page_no=22911'>22911<\/a><\/li>\n\n\n\n<li><a href='?page_no=22912'>22912<\/a><\/li>\n\n    \n\t\n\n<li >\n\t<a href='?page_no=21523'>Next<\/a>\n\t<\/li>\n\n\n    \n\n<li><a href='?page_no=22912'>Last &rsaquo;&rsaquo;<\/a><\/li>\n\n<\/ul>\n\n\n--><br \/>\n<\/body><\/p>\n","protected":false},"excerpt":{"rendered":"<p>A tono con su car\u00e1cter acad\u00e9mico-cient\u00edfico, la Secci\u00f3n Nacional de Dominicana del Instituto Panamericano de Geograf\u00eda e Historia (IPGH), \u00d3rgano Especializado de la Organizaci\u00f3n de los Estados Americanos (OEA), en coordinaci\u00f3n con la Academia Dominicana de la Historia pondr\u00e1n a disposici\u00f3n de la comunidad acad\u00e9mica del pa\u00eds, y muy especialmente de los amantes, estudiosos y [&hellip;]<\/p>\n","protected":false},"author":3,"featured_media":0,"comment_status":"open","ping_status":"open","sticky":false,"template":"","format":"standard","meta":{"footnotes":""},"categories":[21],"tags":[],"class_list":["post-69844","post","type-post","status-publish","format-standard","hentry","category-cultura"],"_links":{"self":[{"href":"https:\/\/diariodominicano.com\/index.php?rest_route=\/wp\/v2\/posts\/69844","targetHints":{"allow":["GET"]}}],"collection":[{"href":"https:\/\/diariodominicano.com\/index.php?rest_route=\/wp\/v2\/posts"}],"about":[{"href":"https:\/\/diariodominicano.com\/index.php?rest_route=\/wp\/v2\/types\/post"}],"author":[{"embeddable":true,"href":"https:\/\/diariodominicano.com\/index.php?rest_route=\/wp\/v2\/users\/3"}],"replies":[{"embeddable":true,"href":"https:\/\/diariodominicano.com\/index.php?rest_route=%2Fwp%2Fv2%2Fcomments&post=69844"}],"version-history":[{"count":0,"href":"https:\/\/diariodominicano.com\/index.php?rest_route=\/wp\/v2\/posts\/69844\/revisions"}],"wp:attachment":[{"href":"https:\/\/diariodominicano.com\/index.php?rest_route=%2Fwp%2Fv2%2Fmedia&parent=69844"}],"wp:term":[{"taxonomy":"category","embeddable":true,"href":"https:\/\/diariodominicano.com\/index.php?rest_route=%2Fwp%2Fv2%2Fcategories&post=69844"},{"taxonomy":"post_tag","embeddable":true,"href":"https:\/\/diariodominicano.com\/index.php?rest_route=%2Fwp%2Fv2%2Ftags&post=69844"}],"curies":[{"name":"wp","href":"https:\/\/api.w.org\/{rel}","templated":true}]}}