{"id":69843,"date":"2009-07-08T15:05:15","date_gmt":"2009-07-08T15:05:15","guid":{"rendered":"http:\/\/diariodominicano.ddns.net\/?p=69843"},"modified":"2009-07-08T15:05:15","modified_gmt":"2009-07-08T15:05:15","slug":"pavel-anuncia-edicion-especial-cd-dvd-big-band-nunez","status":"publish","type":"post","link":"https:\/\/diariodominicano.com\/?p=69843","title":{"rendered":"Pavel anuncia edici\u00f3n especial CD-DVD ?Big Band N\u00fa\u00f1ez?"},"content":{"rendered":"<p><body><\/p>\n<p><img decoding=\"async\" src=\"http:\/\/localhost:8080\/img3\/pave.jpg\" \/>  <\/p>\n<p><span class=\"text1noticias\">El lanzamiento incluye un concierto en vivo en Casa de Teatro el 24 de julio<\/span><\/p>\n<p><span class=\"text1noticias\"> <\/span><\/p>\n<p><span class=\"text1noticias\">Santo Domingo, Rep\u00fablica Dominicana.- Pavel N\u00fa\u00f1ez anuncia el lanzamiento de la edici\u00f3n especial del CD-DVD \u00abBig Band N\u00fa\u00f1ez\u00bb con un concierto en Casa de Teatro el pr\u00f3ximo 24 de julio a partir de las 9:00 de la noche.<\/span><\/p>\n<p><span class=\"text1noticias\"> <\/span><\/p>\n<p><span class=\"text1noticias\">Bajo el titulo ?Podrido de Latir?  y el eslogan ?Cuando el coraz\u00f3n se descompone las canciones nacen?, el joven cantautor llega a su primer concierto tras su exitosas presentaciones en Casa Las Am\u00e9ricas en Madrid, Espa\u00f1a y en Coral Gable, Miami.<\/span><\/p>\n<p><span class=\"text1noticias\"> <\/span><\/p>\n<p><span class=\"text1noticias\">Estos CDs recogen los momentos cumbres de su concierto Big Band N\u00fa\u00f1ez que en el 2007 hiciera en el hotel Jaragua y en febrero del a\u00f1o pasado en el Teatro Nacional donde se consagr\u00f3 como el solista m\u00e1s respetado del momento.<\/span><\/p>\n<p><span class=\"text1noticias\"> <\/span><\/p>\n<p><span class=\"text1noticias\">Con este concierto Pavel cierra un ciclo e inicia los preparativos de su s\u00e9ptima gira universitaria que este a\u00f1o ha titulado ?Dime si lo ves? y que est\u00e1 pautada para comenzar en el mes de septiembre.<\/span><\/p>\n<p><span class=\"text1noticias\"> <\/span><\/p>\n<p><span class=\"text1noticias\">Si bien N\u00fa\u00f1ez estar\u00e1 lanzando la edici\u00f3n especial de su Big Band en un estuche que incluye un CD y un DVD, durante el concierto escucharemos a Pavel con su banda, El Corredor, ejecutando las canciones con la calidad que le caracteriza y en sus versiones originales.<\/span><\/p>\n<p><span class=\"text1noticias\"> <\/span><\/p>\n<p><span class=\"text1noticias\">Como ya es costumbre en \u00e9l, nos trae un invitado especial, el trovador cubano Carlos Lu\u00eds, quien junto a su guitarra nos deleitar\u00e1 con las canciones que le han valido el respeto que ostenta en el circuito de bares y restaurantes de la zona colonial.<\/span><\/p>\n<p><span class=\"text1noticias\"> <\/span><\/p>\n<p><span class=\"text1noticias\">Pavel N\u00fa\u00f1ez, se prepara para lo que podr\u00eda ser el mayor reto de su diez a\u00f1os de carrera y es llevar su m\u00fasica a Altos de Chav\u00f3n el primer trimestre del a\u00f1o entrante, donde se consagrar\u00eda como el solista dominicano m\u00e1s exitoso de su generaci\u00f3n.<\/span><\/p>\n<p><span class=\"text1noticias\"> <\/span><\/p>\n<p><span class=\"text1noticias\">?Podrido de Latir?, el concierto, forma parte de las actividades conmemorativas del veinticinco aniversario de Casa de Teatro.<\/span><\/p>\n<p><span class=\"text1noticias\"> <\/span><\/p>\n<p><span class=\"text1noticias\">La entrada es de mil pesos por personas e incluye el estuche CD\/DVD Big Band N\u00fa\u00f1ez.<\/span><\/p>\n<p><span class=\"text1noticias\"> <\/span><\/p>\n<p><span class=\"text1noticias\">Ficha:<\/span><\/p>\n<p><span class=\"text1noticias\"> <\/span><\/p>\n<p><span class=\"text1noticias\">Concierto: Podrido de Latir<\/span><\/p>\n<p><span class=\"text1noticias\">Artista: Pavel N\u00fa\u00f1ez<\/span><\/p>\n<p><span class=\"text1noticias\">Fecha: S\u00e1bado 24 de julio 09<\/span><\/p>\n<p><span class=\"text1noticias\">Lugar: Casa de Teatro<\/span><\/p>\n<p><span class=\"text1noticias\">Hora: 9:00 PM<\/span><\/p>\n<p><span class=\"text1noticias\">Cover: RD $1,000 p\/p (Incluye CD\/DVD Big Band N\u00fa\u00f1ez) <\/span><\/p>\n<h6> 2009-07-08 15:05:15 <\/h6>\n<p><!--\n<link rel=\"stylesheet\" href=\"css\/bootstrap.min.css\">\n\n\n<ul class=\"pagination\">\n\t    \n\t\n\n<li >\n\t<a href='?page_no=21520'>Previous<\/a>\n\t<\/li>\n\n\n       \n    \n\n<li><a href='?page_no=1'>1<\/a><\/li>\n\n\n\n<li><a href='?page_no=2'>2<\/a><\/li>\n\n\n\n<li><a>...<\/a><\/li>\n\n\n\n<li><a href='?page_no=21519'>21519<\/a><\/li>\n\n\n\n<li><a href='?page_no=21520'>21520<\/a><\/li>\n\n\n\n<li class='active'><a>21521<\/a><\/li>\n\n\n\n<li><a href='?page_no=21522'>21522<\/a><\/li>\n\n\n\n<li><a href='?page_no=21523'>21523<\/a><\/li>\n\n\n\n<li><a>...<\/a><\/li>\n\n\n\n<li><a href='?page_no=22911'>22911<\/a><\/li>\n\n\n\n<li><a href='?page_no=22912'>22912<\/a><\/li>\n\n    \n\t\n\n<li >\n\t<a href='?page_no=21522'>Next<\/a>\n\t<\/li>\n\n\n    \n\n<li><a href='?page_no=22912'>Last &rsaquo;&rsaquo;<\/a><\/li>\n\n<\/ul>\n\n\n--><br \/>\n<\/body><\/p>\n","protected":false},"excerpt":{"rendered":"<p>El lanzamiento incluye un concierto en vivo en Casa de Teatro el 24 de julio Santo Domingo, Rep\u00fablica Dominicana.- Pavel N\u00fa\u00f1ez anuncia el lanzamiento de la edici\u00f3n especial del CD-DVD \u00abBig Band N\u00fa\u00f1ez\u00bb con un concierto en Casa de Teatro el pr\u00f3ximo 24 de julio a partir de las 9:00 de la noche. Bajo el [&hellip;]<\/p>\n","protected":false},"author":3,"featured_media":0,"comment_status":"open","ping_status":"open","sticky":false,"template":"","format":"standard","meta":{"footnotes":""},"categories":[21],"tags":[],"class_list":["post-69843","post","type-post","status-publish","format-standard","hentry","category-cultura"],"_links":{"self":[{"href":"https:\/\/diariodominicano.com\/index.php?rest_route=\/wp\/v2\/posts\/69843","targetHints":{"allow":["GET"]}}],"collection":[{"href":"https:\/\/diariodominicano.com\/index.php?rest_route=\/wp\/v2\/posts"}],"about":[{"href":"https:\/\/diariodominicano.com\/index.php?rest_route=\/wp\/v2\/types\/post"}],"author":[{"embeddable":true,"href":"https:\/\/diariodominicano.com\/index.php?rest_route=\/wp\/v2\/users\/3"}],"replies":[{"embeddable":true,"href":"https:\/\/diariodominicano.com\/index.php?rest_route=%2Fwp%2Fv2%2Fcomments&post=69843"}],"version-history":[{"count":0,"href":"https:\/\/diariodominicano.com\/index.php?rest_route=\/wp\/v2\/posts\/69843\/revisions"}],"wp:attachment":[{"href":"https:\/\/diariodominicano.com\/index.php?rest_route=%2Fwp%2Fv2%2Fmedia&parent=69843"}],"wp:term":[{"taxonomy":"category","embeddable":true,"href":"https:\/\/diariodominicano.com\/index.php?rest_route=%2Fwp%2Fv2%2Fcategories&post=69843"},{"taxonomy":"post_tag","embeddable":true,"href":"https:\/\/diariodominicano.com\/index.php?rest_route=%2Fwp%2Fv2%2Ftags&post=69843"}],"curies":[{"name":"wp","href":"https:\/\/api.w.org\/{rel}","templated":true}]}}