{"id":69840,"date":"2009-07-08T16:10:20","date_gmt":"2009-07-08T16:10:20","guid":{"rendered":"http:\/\/diariodominicano.ddns.net\/?p=69840"},"modified":"2009-07-08T16:10:20","modified_gmt":"2009-07-08T16:10:20","slug":"el-lugar-de-entierro-de-jackson-sigue-siendo-una-incognita","status":"publish","type":"post","link":"https:\/\/diariodominicano.com\/?p=69840","title":{"rendered":"El lugar de entierro de Jackson sigue siendo una inc\u00f3gnita"},"content":{"rendered":"<p><body><\/p>\n<p><img decoding=\"async\" src=\"http:\/\/localhost:8080\/img3\/jaso.jpg\" \/>  <\/p>\n<p><span class=\"text1noticias\">El cuerpo ser\u00e1 inhumado sin el cerebro completo.- El an\u00e1lisis a\u00fan pendiente del \u00f3rgano debe desvelar la causa de la muerte <\/span><\/p>\n<\/p>\n<p><span class=\"text1noticias\">EFE \/ ELPA\u00cdS.com &#8211; Los \u00c1ngeles \/ Madrid &#8211; 08\/07\/2009 <\/span><\/p>\n<p><span class=\"text1noticias\"> <\/span><\/p>\n<p><span class=\"text1noticias\">Consulta nuestro especial sobre la vida y muerte de Michael Jackson, el rey del pop<\/span><\/p>\n<p><span class=\"text1noticias\">El f\u00e9retro con el cuerpo del cantante Michael Jackson abandon\u00f3 el recinto del Staples Center, donde el martes se celebr\u00f3 un multitudinario homenaje, sin destino conocido, por lo que hoy se mantienen las dudas sobre el lugar donde el artista descansar\u00e1 eternamente. <\/span><\/p>\n<\/p>\n<p><span class=\"text1noticias\">La polic\u00eda de Los \u00c1ngeles dijo al canal FOX que el coche f\u00fanebre se dirigi\u00f3 a un cementerio sin identificar, pero todo apunta a que no es el de Forest Lawn, donde la familia llev\u00f3 a cabo un funeral privado antes del memorial que tuvo lugar horas despu\u00e9s en el pabell\u00f3n de los Lakers de la NBA. El cuerpo de Jackson ser\u00e1 enterrado, o incinerado, pero no estar\u00e1 completo: le faltar\u00e1 todo o parte del cerebro, \u00f3rgano de cuyos tejidos se extraen las muestras para los an\u00e1lisis toxicol\u00f3gicos, a\u00fan pendientes, que deben determinar las causas de la muerte del artista, informa el diario brit\u00e1nico The Guardian.<\/span><\/p>\n<\/p>\n<p><span class=\"text1noticias\">El cementerio Forest Lawn Memorial Park de Hollywood, destino obligado para los mit\u00f3manos, es el lugar donde reposan Bette Davis o David Carradine. Seg\u00fan coment\u00f3 a FOX la oficial de polic\u00eda April Harding, el cuerpo de Jackson no regresar\u00e1 a ese lugar. Los medios locales tambi\u00e9n pudieron saber que la familia Jackson, alojada en el hotel Beverly Wilshire, de Los \u00c1ngeles, se reuni\u00f3 despu\u00e9s del homenaje para una ceremonia privada.<\/span><\/p>\n<\/p>\n<p><span class=\"text1noticias\">Los Jackson sorprendieron tras decidir que el f\u00e9retro con el cuerpo del rey del pop aparecer\u00eda finalmente en el escenario del Staples Center, mientras varios artistas y famosos celebraban su legado sobre el escenario. Seg\u00fan la prensa local, la incertidumbre sobre los planes para el entierro de Jackson hace pensar en que a\u00fan cabe la posibilidad de que sus cenizas sean esparcidas por el Rancho Neverland, residencia del artista durante a\u00f1os, al noroeste de Los Angeles.<\/span><\/p>\n<\/p>\n<p><span class=\"text1noticias\">En una entrevista con el canal NBC, Jermaine Jackson, hermano del cantante, dijo que Neverland ser\u00eda el lugar ideal para ello. \u00abEste es su hogar, \u00e9l cre\u00f3 esto. \u00bfPor qu\u00e9 no iba a estar aqu\u00ed?\u00bb, dijo Jackson. \u00abSiento su presencia. Y me encanta eso, quiero que mi madre regrese aqu\u00ed y sienta lo que yo siento\u00bb, concluy\u00f3. Por otra parte, y a falta de la confirmaci\u00f3n de la audiencia universal que atrajo la ceremonia del martes, el portal de Internet del canal CNN inform\u00f3 que registr\u00f3 9,7 millones de conexiones a su p\u00e1gina web para seguir en vivo dicho evento.<\/span><\/p>\n<\/p>\n<p><span class=\"text1noticias\">El r\u00e9cord hist\u00f3rico para ese portal es de casi 27 millones de conexiones, durante la investidura en enero del actual presidente de Estados Unidos, Barack Obama. Adem\u00e1s, millones de personas siguieron el servicio funerario a trav\u00e9s de portales como Facebook y Twitter, donde los t\u00e9rminos m\u00e1s buscados durante las horas que dur\u00f3 el homenaje a Jackson fueron \u00abMJ Memorial\u00bb y \u00abMichael Jackson\u00bb.<\/span><\/p>\n<h6> 2009-07-08 16:10:20 <\/h6>\n<p><!--\n<link rel=\"stylesheet\" href=\"css\/bootstrap.min.css\">\n\n\n<ul class=\"pagination\">\n\t    \n\t\n\n<li >\n\t<a href='?page_no=21517'>Previous<\/a>\n\t<\/li>\n\n\n       \n    \n\n<li><a href='?page_no=1'>1<\/a><\/li>\n\n\n\n<li><a href='?page_no=2'>2<\/a><\/li>\n\n\n\n<li><a>...<\/a><\/li>\n\n\n\n<li><a href='?page_no=21516'>21516<\/a><\/li>\n\n\n\n<li><a href='?page_no=21517'>21517<\/a><\/li>\n\n\n\n<li class='active'><a>21518<\/a><\/li>\n\n\n\n<li><a href='?page_no=21519'>21519<\/a><\/li>\n\n\n\n<li><a href='?page_no=21520'>21520<\/a><\/li>\n\n\n\n<li><a>...<\/a><\/li>\n\n\n\n<li><a href='?page_no=22911'>22911<\/a><\/li>\n\n\n\n<li><a href='?page_no=22912'>22912<\/a><\/li>\n\n    \n\t\n\n<li >\n\t<a href='?page_no=21519'>Next<\/a>\n\t<\/li>\n\n\n    \n\n<li><a href='?page_no=22912'>Last &rsaquo;&rsaquo;<\/a><\/li>\n\n<\/ul>\n\n\n--><br \/>\n<\/body><\/p>\n","protected":false},"excerpt":{"rendered":"<p>El cuerpo ser\u00e1 inhumado sin el cerebro completo.- El an\u00e1lisis a\u00fan pendiente del \u00f3rgano debe desvelar la causa de la muerte EFE \/ ELPA\u00cdS.com &#8211; Los \u00c1ngeles \/ Madrid &#8211; 08\/07\/2009 Consulta nuestro especial sobre la vida y muerte de Michael Jackson, el rey del pop El f\u00e9retro con el cuerpo del cantante Michael Jackson [&hellip;]<\/p>\n","protected":false},"author":3,"featured_media":0,"comment_status":"open","ping_status":"open","sticky":false,"template":"","format":"standard","meta":{"footnotes":""},"categories":[21],"tags":[],"class_list":["post-69840","post","type-post","status-publish","format-standard","hentry","category-cultura"],"_links":{"self":[{"href":"https:\/\/diariodominicano.com\/index.php?rest_route=\/wp\/v2\/posts\/69840","targetHints":{"allow":["GET"]}}],"collection":[{"href":"https:\/\/diariodominicano.com\/index.php?rest_route=\/wp\/v2\/posts"}],"about":[{"href":"https:\/\/diariodominicano.com\/index.php?rest_route=\/wp\/v2\/types\/post"}],"author":[{"embeddable":true,"href":"https:\/\/diariodominicano.com\/index.php?rest_route=\/wp\/v2\/users\/3"}],"replies":[{"embeddable":true,"href":"https:\/\/diariodominicano.com\/index.php?rest_route=%2Fwp%2Fv2%2Fcomments&post=69840"}],"version-history":[{"count":0,"href":"https:\/\/diariodominicano.com\/index.php?rest_route=\/wp\/v2\/posts\/69840\/revisions"}],"wp:attachment":[{"href":"https:\/\/diariodominicano.com\/index.php?rest_route=%2Fwp%2Fv2%2Fmedia&parent=69840"}],"wp:term":[{"taxonomy":"category","embeddable":true,"href":"https:\/\/diariodominicano.com\/index.php?rest_route=%2Fwp%2Fv2%2Fcategories&post=69840"},{"taxonomy":"post_tag","embeddable":true,"href":"https:\/\/diariodominicano.com\/index.php?rest_route=%2Fwp%2Fv2%2Ftags&post=69840"}],"curies":[{"name":"wp","href":"https:\/\/api.w.org\/{rel}","templated":true}]}}