{"id":69838,"date":"2009-07-09T15:17:44","date_gmt":"2009-07-09T15:17:44","guid":{"rendered":"http:\/\/diariodominicano.ddns.net\/?p=69838"},"modified":"2009-07-09T15:17:44","modified_gmt":"2009-07-09T15:17:44","slug":"balcacer-pondera-libro-baez-sobre-suicidio-antonio-guzman","status":"publish","type":"post","link":"https:\/\/diariodominicano.com\/?p=69838","title":{"rendered":"Balc\u00e1cer pondera libro B\u00e1ez  sobre suicidio Antonio Guzm\u00e1n"},"content":{"rendered":"<p><body><\/p>\n<p><img decoding=\"async\" src=\"http:\/\/localhost:8080\/img3\/libo.jpg\" \/>  <\/p>\n<p><span class=\"text1noticias\">SANTO DOMINGO. El historiador Juan Daniel Balc\u00e1cer present\u00f3 el nuevo libro de Jos\u00e9 B\u00e1ez Guerrero, acerca del suicidio del Presidente Antonio Guzm\u00e1n, el pasado jueves en la Universidad Cat\u00f3lica Santo Domingo (UCSD) durante un concurrido acto. <\/span><\/p>\n<\/p>\n<p><span class=\"text1noticias\">Balc\u00e1cer, autor de varias obras laureadas y reconocido acad\u00e9mico, ponder\u00f3 el libro ?Guzm\u00e1n, su vida, gobierno y suicidio?, publicado por Editora Montalvo, recomendando su lectura ?por tratarse de una obra excelente, bien investigada y documentada, narrada con belleza y emoci\u00f3n, cuyo autor posee alt\u00edsima credibilidad? <\/span><\/p>\n<\/p>\n<p><span class=\"text1noticias\">Al acto asisti\u00f3 un numeroso p\u00fablico que llen\u00f3 el auditorio de la biblioteca de la UCSD, entre ellos el ex presidente Hip\u00f3lito Mej\u00eda, Jos\u00e9 Leonor Guzm\u00e1n Fern\u00e1ndez, hermano del Presidente Guzm\u00e1n, Miguel Hern\u00e1ndez Guzm\u00e1n, nieto del fallecido gobernante, Mart\u00edn Cantisano y Consuelo Majluta de Cantisano, hija de Jacobo Majluta, vicepresidente de Guzm\u00e1n quien asumi\u00f3 el poder tras el suicidio, y Rafael C\u00e1ceres Rodr\u00edguez, quien fuera consultor jur\u00eddico de Guzm\u00e1n. <\/span><\/p>\n<\/p>\n<p><span class=\"text1noticias\">Igualmente asistieron Ram\u00f3n Emilio Jim\u00e9nez Reyes, quien fuera Canciller del gobierno de Guzm\u00e1n, Andr\u00e9s Reyes, quien era secretario de Educaci\u00f3n, Jos\u00e9 Miguel Soto Jim\u00e9nez, Bernardo Vega y Soledad \u00c1lvarez, Jos\u00e9 Chez Checo, Ito Bison\u00f3, Roque Napole\u00f3n Mu\u00f1oz, Pelegr\u00edn Castillo, Leoncio Alm\u00e1nzar y Guillermo Caram. <\/span><\/p>\n<\/p>\n<p><span class=\"text1noticias\">Tambi\u00e9n estuvieron Francisco \u00c1lvarez Valdez, Mery Fern\u00e1ndez, Fabiola Medina, Bernardo Fern\u00e1ndez Pichardo, Roberto Frankenberg y Clara Emilia Reid, Marisol Vicens Bello, Maribel Gass\u00f3 y Rissig Licha, Andr\u00e9s E. Bobadilla, Jos\u00e9 de Jes\u00fas Berg\u00e9s Mart\u00edn, Luis Miguel Pereyra, Jos\u00e9 Isidro Fr\u00edas, Eunisis V\u00e1squez y El\u00edas Rodr\u00edguez. <\/span><\/p>\n<\/p>\n<p><span class=\"text1noticias\">Estaban tambi\u00e9n Bol\u00edvar Tapia Cunillera, subsecretario Administrativo de la Presidencia; en representaci\u00f3n del Canciller Carlos Morales Troncoso asisti\u00f3 el doctor Emilio Conde Rubio; Sa\u00fal Santana, Rafael Collado, Ram\u00f3n C\u00e9spedes, Alexis Payano, Caonabo Ortega, Ram\u00f3n Lantigua, Josefina de los Santos, Polibio D\u00edaz y Gerty Valerio. <\/span><\/p>\n<\/p>\n<p><span class=\"text1noticias\">Adem\u00e1s, los escritores Jos\u00e9 M\u00e1rmol, Fernando Ferr\u00e1n, Miguel Guerrero, Manuel N\u00fa\u00f1ez, Fabio Herrera Mini\u00f1o, Di\u00f3medes N\u00fa\u00f1ez Polanco, Rafael Molina Morillo, Herbert Stern, Bego\u00f1a M\u00ednguez y Ver\u00f3nica Senci\u00f3n.  <\/span><\/p>\n<\/p>\n<p><span class=\"text1noticias\">Asistieron por igual Elena Viyella de Paliza y Jos\u00e9 Manuel Paliza, Maria Gracia Viyella, Jaime Aristy Escuder, Wilfredo Alemany, Irving Redondo, Alberto Atallah e Ileana Montero de Atallah, Rafael Johnson, Julio Juli\u00e1n y Eveline Kourie de Juli\u00e1n, Javier Vargas y Linda Seijas de Vargas, Sara Guerrero de Victoria, Enrique Seijas Guerra y Cucho Borrell y Pila Vega de Borrell. <\/span><\/p>\n<\/p>\n<p><span class=\"text1noticias\">Tambi\u00e9n estaban Francisco Jos\u00e9 Castillo, Bienvenido Amado Delgado Billini, Laura Castellanos, Mario Ariza Mendoza, Olga Estrella, Alejandro Fern\u00e1ndez Whipple, Adolfo Gottschalk y muchas otras personas. <\/span><\/p>\n<\/p>\n<p><span class=\"text1noticias\">El acto comenz\u00f3 a las 7:30 con unas palabras de bienvenida del vicerrector de la UCSD, \u00c1ngel Mena, quien destac\u00f3 que el autor B\u00e1ez Guerrero fue de los fundadores de esa universidad y el primer director de su Escuela de Periodismo.  <\/span><\/p>\n<\/p>\n<p><span class=\"text1noticias\">Luego habl\u00f3 Rafael Montalvo, cuya Editora Montalvo public\u00f3 la obra, y quien destac\u00f3 la belleza y calidad del libro, que incluye 120 fotograf\u00edas, la mayor\u00eda in\u00e9ditas. <\/span><\/p>\n<\/p>\n<p><span class=\"text1noticias\">A seguidas Balc\u00e1cer dijo un discurso ponderando la obra y elogiando de manera especial c\u00f3mo B\u00e1ez Guerrero logra reconstruir los \u00faltimos d\u00edas del Presidente Guzm\u00e1n. <\/span><\/p>\n<\/p>\n<p><span class=\"text1noticias\">El propio autor habl\u00f3 brevemente para agradecer a los asistentes que lo acompa\u00f1aron durante la presentaci\u00f3n.  <\/span><\/p>\n<\/p>\n<p><span class=\"text1noticias\">Luego se ofreci\u00f3 un c\u00f3ctel y canap\u00e9s preparados por las se\u00f1oras Ingrid de Cabral y Altagracia Cabral, mientras el autor firmaba libros en el foyer del auditorio, adornado finamente con orqu\u00eddeas y palmas.  <\/span><\/p>\n<p><span class=\"text1noticias\">El libro ?Guzm\u00e1n, su vida, gobierno y suicidio? est\u00e1 a la venta en Cuesta, Thesaurus, Mateca, La Trinitaria, Librer\u00eda Arroyo Hondo y otras librer\u00edas. <\/span><\/p>\n<\/p>\n<p><span class=\"text1noticias\">Guzm\u00e1n se hizo un disparo a la cabeza poco antes de la medianoche del s\u00e1bado 3 de julio de 1982 y muri\u00f3 casi seis horas despu\u00e9s a las 5:00 de la ma\u00f1ana del domingo 4 de julio de 1982. Seg\u00fan varias encuestas es uno de los gobernantes dominicanos mejor recordados por la poblaci\u00f3n. <\/span><\/p>\n<\/p>\n<p><span class=\"text1noticias\">El autor, B\u00e1ez Guerrero, era reportero del diario El Caribe y cubr\u00eda el Palacio Nacional durante la presidencia de Guzm\u00e1n. Su nuevo libro contiene sorprendentes detalles del suceso, descubiertos durante la investigaci\u00f3n realizada para escribir la obra, de 408 p\u00e1ginas. <\/span><\/p>\n<h6> 2009-07-09 15:17:44 <\/h6>\n<p><!--\n<link rel=\"stylesheet\" href=\"css\/bootstrap.min.css\">\n\n\n<ul class=\"pagination\">\n\t    \n\t\n\n<li >\n\t<a href='?page_no=21515'>Previous<\/a>\n\t<\/li>\n\n\n       \n    \n\n<li><a href='?page_no=1'>1<\/a><\/li>\n\n\n\n<li><a href='?page_no=2'>2<\/a><\/li>\n\n\n\n<li><a>...<\/a><\/li>\n\n\n\n<li><a href='?page_no=21514'>21514<\/a><\/li>\n\n\n\n<li><a href='?page_no=21515'>21515<\/a><\/li>\n\n\n\n<li class='active'><a>21516<\/a><\/li>\n\n\n\n<li><a href='?page_no=21517'>21517<\/a><\/li>\n\n\n\n<li><a href='?page_no=21518'>21518<\/a><\/li>\n\n\n\n<li><a>...<\/a><\/li>\n\n\n\n<li><a href='?page_no=22911'>22911<\/a><\/li>\n\n\n\n<li><a href='?page_no=22912'>22912<\/a><\/li>\n\n    \n\t\n\n<li >\n\t<a href='?page_no=21517'>Next<\/a>\n\t<\/li>\n\n\n    \n\n<li><a href='?page_no=22912'>Last &rsaquo;&rsaquo;<\/a><\/li>\n\n<\/ul>\n\n\n--><br \/>\n<\/body><\/p>\n","protected":false},"excerpt":{"rendered":"<p>SANTO DOMINGO. El historiador Juan Daniel Balc\u00e1cer present\u00f3 el nuevo libro de Jos\u00e9 B\u00e1ez Guerrero, acerca del suicidio del Presidente Antonio Guzm\u00e1n, el pasado jueves en la Universidad Cat\u00f3lica Santo Domingo (UCSD) durante un concurrido acto. Balc\u00e1cer, autor de varias obras laureadas y reconocido acad\u00e9mico, ponder\u00f3 el libro ?Guzm\u00e1n, su vida, gobierno y suicidio?, publicado [&hellip;]<\/p>\n","protected":false},"author":3,"featured_media":0,"comment_status":"open","ping_status":"open","sticky":false,"template":"","format":"standard","meta":{"footnotes":""},"categories":[21],"tags":[],"class_list":["post-69838","post","type-post","status-publish","format-standard","hentry","category-cultura"],"_links":{"self":[{"href":"https:\/\/diariodominicano.com\/index.php?rest_route=\/wp\/v2\/posts\/69838","targetHints":{"allow":["GET"]}}],"collection":[{"href":"https:\/\/diariodominicano.com\/index.php?rest_route=\/wp\/v2\/posts"}],"about":[{"href":"https:\/\/diariodominicano.com\/index.php?rest_route=\/wp\/v2\/types\/post"}],"author":[{"embeddable":true,"href":"https:\/\/diariodominicano.com\/index.php?rest_route=\/wp\/v2\/users\/3"}],"replies":[{"embeddable":true,"href":"https:\/\/diariodominicano.com\/index.php?rest_route=%2Fwp%2Fv2%2Fcomments&post=69838"}],"version-history":[{"count":0,"href":"https:\/\/diariodominicano.com\/index.php?rest_route=\/wp\/v2\/posts\/69838\/revisions"}],"wp:attachment":[{"href":"https:\/\/diariodominicano.com\/index.php?rest_route=%2Fwp%2Fv2%2Fmedia&parent=69838"}],"wp:term":[{"taxonomy":"category","embeddable":true,"href":"https:\/\/diariodominicano.com\/index.php?rest_route=%2Fwp%2Fv2%2Fcategories&post=69838"},{"taxonomy":"post_tag","embeddable":true,"href":"https:\/\/diariodominicano.com\/index.php?rest_route=%2Fwp%2Fv2%2Ftags&post=69838"}],"curies":[{"name":"wp","href":"https:\/\/api.w.org\/{rel}","templated":true}]}}