{"id":69837,"date":"2009-07-09T15:29:45","date_gmt":"2009-07-09T15:29:45","guid":{"rendered":"http:\/\/diariodominicano.ddns.net\/?p=69837"},"modified":"2009-07-09T15:29:45","modified_gmt":"2009-07-09T15:29:45","slug":"grado-celsius-gana-el-openig-band-casting-call-para-abrir-a-aleks-syntec","status":"publish","type":"post","link":"https:\/\/diariodominicano.com\/?p=69837","title":{"rendered":"Grado Celsius gana el ?Openig Band Casting Call? para abrir a Aleks Syntec"},"content":{"rendered":"<p><body><\/p>\n<p><img decoding=\"async\" src=\"http:\/\/localhost:8080\/img3\/cesu.jpg\" \/>  <\/p>\n<p><span class=\"text1noticias\">El concierto del mejicano tendr\u00e1 lugar el 15 de julio en Hard Rock Caf\u00e9 Santo Domingo<\/span><\/p>\n<p><span class=\"text1noticias\"> <\/span><\/p>\n<p><span class=\"text1noticias\">Santo Domingo, Rep\u00fablica Dominicana.- Grado Celsius fue la banda de rock  ganadora para abrir el concierto que este jueves 15 de julio dar\u00e1 en Hard Rock Caf\u00e9 Santo Domingo el mejicano Aleks Syntec, bajo los auspicios de Eristoff.<\/span><\/p>\n<p><span class=\"text1noticias\"> <\/span><\/p>\n<p><span class=\"text1noticias\">Luego de un ?Openig Band Casting Call? hecho por la marca patrocinadora y la emisora X-102 FM, en el que participaron m\u00e1s de 14 bandas, quedaron s\u00f3lo Calendar, Pillo, y Turista, quienes se enfrentaron en una re\u00f1ida final con Grado Celsius, el pasado mi\u00e9rcoles 08 de julio en Hard Rock Cafe.<\/span><\/p>\n<p><span class=\"text1noticias\"> <\/span><\/p>\n<p><span class=\"text1noticias\">La barra de los jueces compuesta por Miguel Cunillera, Tony Almont, Nelson Pocket y Miguel Machado, eligieron a Grado Celsius por su afinaci\u00f3n, el acople exhibido sobre el escenario como banda, presentaci\u00f3n general y sobre todo el contacto con el p\u00fablico, <\/span><\/p>\n<p><span class=\"text1noticias\"> <\/span><\/p>\n<p><span class=\"text1noticias\">?La qu\u00edmica es lo m\u00e1s importante porque al final de cuentas la gente tiene una importante participaci\u00f3n a la hora de elegir?, indic\u00f3 Miguel Cunillera, director ejecutivo de Hard Rock Caf\u00e9 Santo Domingo y Punta Cana.<\/span><\/p>\n<p><span class=\"text1noticias\"> <\/span><\/p>\n<p><span class=\"text1noticias\">Aleks Syntec llega a Santo Domingo y se presenta por primera vez en el ?Templo del Rock? apostado frente al parque Col\u00f3n de la Zona Colonial, en lo que constituye su segunda visita al pa\u00eds en toda su carrera.<\/span><\/p>\n<p><span class=\"text1noticias\"> <\/span><\/p>\n<p><span class=\"text1noticias\">Sin dudas uno de los compositores m\u00e1s respetados del momento con una cantidad de \u00e9xitos tan grande que garantizan que el show sea sin desperdicios durante la noche del 15 de este mes. As\u00ed lo atestiguan canciones n\u00famero uno como ?Sexo Pudor y L\u00e1grimas?, ?Voverte a ver?, ?De noche en la ciudad? y dem\u00e1s.<\/span><\/p>\n<p><span class=\"text1noticias\"> <\/span><\/p>\n<p><span class=\"text1noticias\">Su presentaci\u00f3n se espera con ans\u00edas por estos predios pues la \u00faltima vez que pis\u00f3 suelo dominicano fue en el a\u00f1o 2000 en una presentaci\u00f3n colectiva hecha en la Fortaleza Ozama con Maldita Vecindad y Alejandra Guzm\u00e1n.<\/span><\/p>\n<p><span class=\"text1noticias\"> <\/span><\/p>\n<p><span class=\"text1noticias\">Las boletas para el concierto de Aleks Syntek contin\u00faan a la venta en Hard Rock Caf\u00e9 Santo Domingo, Uepa Tickets de Bella Vista Mall y Moviemax, Piantini.<\/span><\/p>\n<h6> 2009-07-09 15:29:45 <\/h6>\n<p><!--\n<link rel=\"stylesheet\" href=\"css\/bootstrap.min.css\">\n\n\n<ul class=\"pagination\">\n\t    \n\t\n\n<li >\n\t<a href='?page_no=21514'>Previous<\/a>\n\t<\/li>\n\n\n       \n    \n\n<li><a href='?page_no=1'>1<\/a><\/li>\n\n\n\n<li><a href='?page_no=2'>2<\/a><\/li>\n\n\n\n<li><a>...<\/a><\/li>\n\n\n\n<li><a href='?page_no=21513'>21513<\/a><\/li>\n\n\n\n<li><a href='?page_no=21514'>21514<\/a><\/li>\n\n\n\n<li class='active'><a>21515<\/a><\/li>\n\n\n\n<li><a href='?page_no=21516'>21516<\/a><\/li>\n\n\n\n<li><a href='?page_no=21517'>21517<\/a><\/li>\n\n\n\n<li><a>...<\/a><\/li>\n\n\n\n<li><a href='?page_no=22911'>22911<\/a><\/li>\n\n\n\n<li><a href='?page_no=22912'>22912<\/a><\/li>\n\n    \n\t\n\n<li >\n\t<a href='?page_no=21516'>Next<\/a>\n\t<\/li>\n\n\n    \n\n<li><a href='?page_no=22912'>Last &rsaquo;&rsaquo;<\/a><\/li>\n\n<\/ul>\n\n\n--><br \/>\n<\/body><\/p>\n","protected":false},"excerpt":{"rendered":"<p>El concierto del mejicano tendr\u00e1 lugar el 15 de julio en Hard Rock Caf\u00e9 Santo Domingo Santo Domingo, Rep\u00fablica Dominicana.- Grado Celsius fue la banda de rock ganadora para abrir el concierto que este jueves 15 de julio dar\u00e1 en Hard Rock Caf\u00e9 Santo Domingo el mejicano Aleks Syntec, bajo los auspicios de Eristoff. Luego [&hellip;]<\/p>\n","protected":false},"author":3,"featured_media":0,"comment_status":"open","ping_status":"open","sticky":false,"template":"","format":"standard","meta":{"footnotes":""},"categories":[21],"tags":[],"class_list":["post-69837","post","type-post","status-publish","format-standard","hentry","category-cultura"],"_links":{"self":[{"href":"https:\/\/diariodominicano.com\/index.php?rest_route=\/wp\/v2\/posts\/69837","targetHints":{"allow":["GET"]}}],"collection":[{"href":"https:\/\/diariodominicano.com\/index.php?rest_route=\/wp\/v2\/posts"}],"about":[{"href":"https:\/\/diariodominicano.com\/index.php?rest_route=\/wp\/v2\/types\/post"}],"author":[{"embeddable":true,"href":"https:\/\/diariodominicano.com\/index.php?rest_route=\/wp\/v2\/users\/3"}],"replies":[{"embeddable":true,"href":"https:\/\/diariodominicano.com\/index.php?rest_route=%2Fwp%2Fv2%2Fcomments&post=69837"}],"version-history":[{"count":0,"href":"https:\/\/diariodominicano.com\/index.php?rest_route=\/wp\/v2\/posts\/69837\/revisions"}],"wp:attachment":[{"href":"https:\/\/diariodominicano.com\/index.php?rest_route=%2Fwp%2Fv2%2Fmedia&parent=69837"}],"wp:term":[{"taxonomy":"category","embeddable":true,"href":"https:\/\/diariodominicano.com\/index.php?rest_route=%2Fwp%2Fv2%2Fcategories&post=69837"},{"taxonomy":"post_tag","embeddable":true,"href":"https:\/\/diariodominicano.com\/index.php?rest_route=%2Fwp%2Fv2%2Ftags&post=69837"}],"curies":[{"name":"wp","href":"https:\/\/api.w.org\/{rel}","templated":true}]}}