{"id":69834,"date":"2009-07-09T20:31:06","date_gmt":"2009-07-09T20:31:06","guid":{"rendered":"http:\/\/diariodominicano.ddns.net\/?p=69834"},"modified":"2009-07-09T20:31:06","modified_gmt":"2009-07-09T20:31:06","slug":"cultura-abre-su-campamento-culturin-2009","status":"publish","type":"post","link":"https:\/\/diariodominicano.com\/?p=69834","title":{"rendered":"Cultura abre su campamento ?Cultur\u00edn 2009?"},"content":{"rendered":"<p><body><\/p>\n<p><img decoding=\"async\" src=\"http:\/\/localhost:8080\/img3\/cuto.jpg\" \/>  <\/p>\n<p><span class=\"text1noticias\">La Secretar\u00eda de Estado de Cultura inici\u00f3 su campamento de verano ?Cultur\u00edn 2009? creado especialmente para los hijos e hijas de empleados de la instituci\u00f3n, con la intenci\u00f3n de que se diviertan y al mismo tiempo se eduquen durante sus vacaciones escolares.<\/span><\/p>\n<\/p>\n<p><span class=\"text1noticias\">Los peque\u00f1os pasan momentos inolvidables con las divertidas y educativas actividades en el campamento que culminar\u00e1 el 24 de este mes con un espect\u00e1culo cuyos protagonistas ser\u00e1n los mismos ni\u00f1os.<\/span><\/p>\n<\/p>\n<p><span class=\"text1noticias\">Ni\u00f1as y ni\u00f1os de cinco a catorce a\u00f1os tienen la oportunidad de aprender en horario de 8:00 de la ma\u00f1ana a 12 del mediod\u00eda, danza, clases de flauta, taller de poes\u00eda, pero tambi\u00e9n ampliar\u00e1n sus conocimientos con visitas a los diversos Museos que componen la Plaza de la Cultura Juan Pablo Duarte y de la Zona Colonial.<\/span><\/p>\n<\/p>\n<p><span class=\"text1noticias\">Los peque\u00f1itos tendr\u00e1n la oportunidad de ver un divertido film en las instalaciones de la Cinemateca Dominicana.<\/span><\/p>\n<\/p>\n<p><span class=\"text1noticias\">La t\u00eda Irene y el t\u00edo Vidal se dedican cada ma\u00f1ana a hacer que la estad\u00eda de los ni\u00f1os sea cada vez m\u00e1s entretenida, que est\u00e9n bien cuidados, pero sobre todo, que aprendan algo positivo en sus d\u00edas de descanso fuera de las aulas.<\/span><\/p>\n<\/p>\n<p><span class=\"text1noticias\">Algunas empresas patrocinadoras aportaron meriendas y golosinas para ser degustadas por los ni\u00f1os, quienes hacen el momento feliz en el campamento.<\/span><\/p>\n<\/p>\n<p><span class=\"text1noticias\">?Cultur\u00edn 2009? se hace bajo la coordinaci\u00f3n de la Direcci\u00f3n General de Recursos Humanos, la Direcci\u00f3n de Creatividad y Participaci\u00f3n Popular, la Direcci\u00f3n de Cultura Barrial, el Sistema Nacional de Escuelas Libres, Cenadarte, Escuela Nacional de Danza y la Direcci\u00f3n General del Libro y la Lectura, Direcci\u00f3n Nacional de Talleres Literarios, Plan Quinquenal del Libro y la Lectura.<\/span><\/p>\n<h6> 2009-07-09 20:31:06 <\/h6>\n<p><!--\n<link rel=\"stylesheet\" href=\"css\/bootstrap.min.css\">\n\n\n<ul class=\"pagination\">\n\t    \n\t\n\n<li >\n\t<a href='?page_no=21511'>Previous<\/a>\n\t<\/li>\n\n\n       \n    \n\n<li><a href='?page_no=1'>1<\/a><\/li>\n\n\n\n<li><a href='?page_no=2'>2<\/a><\/li>\n\n\n\n<li><a>...<\/a><\/li>\n\n\n\n<li><a href='?page_no=21510'>21510<\/a><\/li>\n\n\n\n<li><a href='?page_no=21511'>21511<\/a><\/li>\n\n\n\n<li class='active'><a>21512<\/a><\/li>\n\n\n\n<li><a href='?page_no=21513'>21513<\/a><\/li>\n\n\n\n<li><a href='?page_no=21514'>21514<\/a><\/li>\n\n\n\n<li><a>...<\/a><\/li>\n\n\n\n<li><a href='?page_no=22911'>22911<\/a><\/li>\n\n\n\n<li><a href='?page_no=22912'>22912<\/a><\/li>\n\n    \n\t\n\n<li >\n\t<a href='?page_no=21513'>Next<\/a>\n\t<\/li>\n\n\n    \n\n<li><a href='?page_no=22912'>Last &rsaquo;&rsaquo;<\/a><\/li>\n\n<\/ul>\n\n\n--><br \/>\n<\/body><\/p>\n","protected":false},"excerpt":{"rendered":"<p>La Secretar\u00eda de Estado de Cultura inici\u00f3 su campamento de verano ?Cultur\u00edn 2009? creado especialmente para los hijos e hijas de empleados de la instituci\u00f3n, con la intenci\u00f3n de que se diviertan y al mismo tiempo se eduquen durante sus vacaciones escolares. Los peque\u00f1os pasan momentos inolvidables con las divertidas y educativas actividades en el [&hellip;]<\/p>\n","protected":false},"author":3,"featured_media":0,"comment_status":"open","ping_status":"open","sticky":false,"template":"","format":"standard","meta":{"footnotes":""},"categories":[21],"tags":[],"class_list":["post-69834","post","type-post","status-publish","format-standard","hentry","category-cultura"],"_links":{"self":[{"href":"https:\/\/diariodominicano.com\/index.php?rest_route=\/wp\/v2\/posts\/69834","targetHints":{"allow":["GET"]}}],"collection":[{"href":"https:\/\/diariodominicano.com\/index.php?rest_route=\/wp\/v2\/posts"}],"about":[{"href":"https:\/\/diariodominicano.com\/index.php?rest_route=\/wp\/v2\/types\/post"}],"author":[{"embeddable":true,"href":"https:\/\/diariodominicano.com\/index.php?rest_route=\/wp\/v2\/users\/3"}],"replies":[{"embeddable":true,"href":"https:\/\/diariodominicano.com\/index.php?rest_route=%2Fwp%2Fv2%2Fcomments&post=69834"}],"version-history":[{"count":0,"href":"https:\/\/diariodominicano.com\/index.php?rest_route=\/wp\/v2\/posts\/69834\/revisions"}],"wp:attachment":[{"href":"https:\/\/diariodominicano.com\/index.php?rest_route=%2Fwp%2Fv2%2Fmedia&parent=69834"}],"wp:term":[{"taxonomy":"category","embeddable":true,"href":"https:\/\/diariodominicano.com\/index.php?rest_route=%2Fwp%2Fv2%2Fcategories&post=69834"},{"taxonomy":"post_tag","embeddable":true,"href":"https:\/\/diariodominicano.com\/index.php?rest_route=%2Fwp%2Fv2%2Ftags&post=69834"}],"curies":[{"name":"wp","href":"https:\/\/api.w.org\/{rel}","templated":true}]}}