{"id":69833,"date":"2009-07-09T22:03:10","date_gmt":"2009-07-09T22:03:10","guid":{"rendered":"http:\/\/diariodominicano.ddns.net\/?p=69833"},"modified":"2009-07-09T22:03:10","modified_gmt":"2009-07-09T22:03:10","slug":"espiritu-del-tropico-de-santos-rivera-en-el-museo-de-las-casas-reales","status":"publish","type":"post","link":"https:\/\/diariodominicano.com\/?p=69833","title":{"rendered":"?Esp\u00edritu del Tr\u00f3pico? de Santos Rivera en el Museo de las Casas Reales"},"content":{"rendered":"<p><body><\/p>\n<p><img decoding=\"async\" src=\"http:\/\/localhost:8080\/img3\/meto.jpg\" \/>  <\/p>\n<p><span class=\"text1noticias\">El joven artista, egresado de la Escuela Nacional de Bellas Artes rinde homenaje a los colores del tr\u00f3pico a trav\u00e9s de sus obras<\/span><\/p>\n<\/p>\n<p><span class=\"text1noticias\">SANTO DOMINGO. Como una manera de rendirle homenaje a los colores del tr\u00f3pico, el artista contempor\u00e1neo Santos Rivera presentar\u00e1 su primera individual titulada  ?Esp\u00edritu del Tr\u00f3pico?, este pr\u00f3ximo jueves 16 de julio a las 7:00 de la noche en los salones de exhibiciones del Museo de las Casas Reales, dependencia de la Secretar\u00eda de Estado de Cultura.<\/span><\/p>\n<\/p>\n<p><span class=\"text1noticias\">El destacado artista, conocido en la urbe de las artes pl\u00e1stica como un fiel amante de los colores intenso, exhibir\u00e1 unas 30 obras de grandes y peque\u00f1os formatos, realizadas bajo la t\u00e9cnica de acr\u00edlicas sobre telas.<\/span><\/p>\n<\/p>\n<p><span class=\"text1noticias\">La muestra cuenta con el patrocinio de Brugal &amp; Co, C x A. y la colaboraci\u00f3n de la Secretar\u00eda de Estado de Cultura a trav\u00e9s del Museo de las Casas Reales y el Museo de Arte Moderno, de los pintores Francisco Santos, Alejandro Asensio, Jos\u00e9 Manuel Aquino,  y Andujar Regalado, as\u00ed como de los profesores Antonio Pedro y Cristian David Marchena.<\/span><\/p>\n<\/p>\n<p><span class=\"text1noticias\">Los destacados artistas Geo Ripley,  Elsa N\u00fa\u00f1ez, Marianela Jim\u00e9nez, \u00c1ngel Hach\u00e9 y Van Robert, con quien este joven artista ha participado en decenas de colectivas, resaltan las cualidades art\u00edsticas de Rivera, y explican que es un fiel amante al arte figurativo, paisajista y bodeguero.<\/span><\/p>\n<\/p>\n<p><span class=\"text1noticias\"> De su lado, en la presentaci\u00f3n del impresionante catalogo, el cr\u00edtico de arte y artista pl\u00e1stica Geo Ripley sostiene que el artista se inscribe en la m\u00e1s joven pintura dominicana, ?Mart\u00edn toma con disciplina el estudio de las formas tradicionales de ese arte y nos da un producto tranquilo, sereno, de bella realizaci\u00f3n, con colores trabajados a esp\u00e1tula, con densa materia y estridente luminosidad?.<\/span><\/p>\n<\/p>\n<p><span class=\"text1noticias\">Ripley dice que San Mart\u00edn Santo Rivera, nombre dado por su padre, el tambi\u00e9n maestro visual Francisco Santos, contin\u00faa el trabajo familiar como en los viejos talleres medievales, renacentista que llevan el arte de generaci\u00f3n en generaci\u00f3n<\/span><\/p>\n<\/p>\n<p><span class=\"text1noticias\">San Mart\u00edn Santos Rivera naci\u00f3 en Santo Domingo el 17 de Octubre de 1976. Inicio sus estudios de Artes Pl\u00e1sticas en la Escuela Nacional de Bellas Artes (ENBA) en el 2003. Otros estudios realizados son los siguientes: Apreciaci\u00f3n de las Artes Pl\u00e1sticas, en el 2000, en el Museo de Arte Moderno; Filosof\u00eda y Artes Pl\u00e1sticas, en el 2002, en la Biblioteca Nacional Pedro Henr\u00edquez Ure\u00f1a; Apreciaci6n de las Artes Visuales.<\/span><\/p>\n<\/p>\n<p><span class=\"text1noticias\">En el 2004, en el Museo de Arte Moderno. Seminario Nacional de Arte P\u00fablico, en el 2005, en el Museo de Arte Moderno. Como parte de su formaci6n profesional ha acumulado una vasta experiencia laboral como gu\u00eda en el Museo de Arte Moderno, as\u00ed como en las Bienales Nacionales de Artes Visuales de los a\u00f1os 1999, 2001, 2002, 2003, 2005 y  2007. <\/span><\/p>\n<\/p>\n<p><span class=\"text1noticias\">Ha participado en numerosas exposiciones colectivas tales como: las exposiciones del Colectivo 23. Homenaje a Dos Grandes de la Pl\u00e1stica Dominicana: Gilberto Hern\u00e1ndez Ortega y Clara Ledesma (ENBA), 2004. Ciencia y Arte (ENBA), 2005. Cibao Adentro (ENBA) 2005. Recordando a Jaime Colson, Un pintor Trashumante (ENBA) 2004.  Tres Dimensiones (ENBA) 2007. <\/span><\/p>\n<\/p>\n<p><span class=\"text1noticias\">Otras exposiciones colectivas son: Exposici\u00f3n Ruta del Esclavo (UNESCO), 2008. J\u00f3venes Pintores contra el Trabajo Infantil y Violaciones Sexuales. Casa de la Cultura. 2004.  <\/span><\/p>\n<\/p>\n<p><span class=\"text1noticias\">Cabe destacar tambi\u00e9n que como parte de su formaci\u00f3n profesional ha participado en una colectiva conjuntamente con destacados artistas nacionales tales como: Elsa N\u00fa\u00f1ez, Marianela Jim\u00e9nez, \u00c1ngel Hach\u00e9, Van Robert y Geo Ripley.\t<\/span><\/p>\n<\/p>\n<p><span class=\"text1noticias\">Por su parte, Andujar Regalado, Presidente Colectivo 23, afirma que: ?Santos Rivera es uno de esos j\u00f3venes pintores que, desde una postura clara de orientaciones est\u00e9ticas relacionadas con la prioridad tem\u00e1tica de identidad, ha considerado el arte dominicano de forma pr\u00e1ctica y te\u00f3rica?.\t <\/span><\/p>\n<p><span class=\"text1noticias\">\t   \t  \t\t<\/span><\/p>\n<p><span class=\"text1noticias\">Santos Rivera trata con el definir formas y crear vol\u00famenes, delimitar luces y sombras que se caracterizan por ser provocativas y que definen su propio estilo, un estilo nuevo; como especie de un ensayo pict\u00f3rico que puede ser la senda que lo conduzca a la fama y a la etemidad.<\/span><\/p>\n<\/p>\n<p><span class=\"text1noticias\">Estar\u00e1 abierta al p\u00fablico hasta el 31 de julio. El Museo de las Casas Reales est\u00e1 localizado en la calle Las Damas, esq. Mercedes,  Plaza Espa\u00f1a, Zona Colonial. Est\u00e1 abierta todos los d\u00edas de 9:00 a.m. a 5:00 p.m. <\/span><\/p>\n<h6> 2009-07-09 22:03:10 <\/h6>\n<p><!--\n<link rel=\"stylesheet\" href=\"css\/bootstrap.min.css\">\n\n\n<ul class=\"pagination\">\n\t    \n\t\n\n<li >\n\t<a href='?page_no=21510'>Previous<\/a>\n\t<\/li>\n\n\n       \n    \n\n<li><a href='?page_no=1'>1<\/a><\/li>\n\n\n\n<li><a href='?page_no=2'>2<\/a><\/li>\n\n\n\n<li><a>...<\/a><\/li>\n\n\n\n<li><a href='?page_no=21509'>21509<\/a><\/li>\n\n\n\n<li><a href='?page_no=21510'>21510<\/a><\/li>\n\n\n\n<li class='active'><a>21511<\/a><\/li>\n\n\n\n<li><a href='?page_no=21512'>21512<\/a><\/li>\n\n\n\n<li><a href='?page_no=21513'>21513<\/a><\/li>\n\n\n\n<li><a>...<\/a><\/li>\n\n\n\n<li><a href='?page_no=22911'>22911<\/a><\/li>\n\n\n\n<li><a href='?page_no=22912'>22912<\/a><\/li>\n\n    \n\t\n\n<li >\n\t<a href='?page_no=21512'>Next<\/a>\n\t<\/li>\n\n\n    \n\n<li><a href='?page_no=22912'>Last &rsaquo;&rsaquo;<\/a><\/li>\n\n<\/ul>\n\n\n--><br \/>\n<\/body><\/p>\n","protected":false},"excerpt":{"rendered":"<p>El joven artista, egresado de la Escuela Nacional de Bellas Artes rinde homenaje a los colores del tr\u00f3pico a trav\u00e9s de sus obras SANTO DOMINGO. Como una manera de rendirle homenaje a los colores del tr\u00f3pico, el artista contempor\u00e1neo Santos Rivera presentar\u00e1 su primera individual titulada ?Esp\u00edritu del Tr\u00f3pico?, este pr\u00f3ximo jueves 16 de julio [&hellip;]<\/p>\n","protected":false},"author":3,"featured_media":0,"comment_status":"open","ping_status":"open","sticky":false,"template":"","format":"standard","meta":{"footnotes":""},"categories":[21],"tags":[],"class_list":["post-69833","post","type-post","status-publish","format-standard","hentry","category-cultura"],"_links":{"self":[{"href":"https:\/\/diariodominicano.com\/index.php?rest_route=\/wp\/v2\/posts\/69833","targetHints":{"allow":["GET"]}}],"collection":[{"href":"https:\/\/diariodominicano.com\/index.php?rest_route=\/wp\/v2\/posts"}],"about":[{"href":"https:\/\/diariodominicano.com\/index.php?rest_route=\/wp\/v2\/types\/post"}],"author":[{"embeddable":true,"href":"https:\/\/diariodominicano.com\/index.php?rest_route=\/wp\/v2\/users\/3"}],"replies":[{"embeddable":true,"href":"https:\/\/diariodominicano.com\/index.php?rest_route=%2Fwp%2Fv2%2Fcomments&post=69833"}],"version-history":[{"count":0,"href":"https:\/\/diariodominicano.com\/index.php?rest_route=\/wp\/v2\/posts\/69833\/revisions"}],"wp:attachment":[{"href":"https:\/\/diariodominicano.com\/index.php?rest_route=%2Fwp%2Fv2%2Fmedia&parent=69833"}],"wp:term":[{"taxonomy":"category","embeddable":true,"href":"https:\/\/diariodominicano.com\/index.php?rest_route=%2Fwp%2Fv2%2Fcategories&post=69833"},{"taxonomy":"post_tag","embeddable":true,"href":"https:\/\/diariodominicano.com\/index.php?rest_route=%2Fwp%2Fv2%2Ftags&post=69833"}],"curies":[{"name":"wp","href":"https:\/\/api.w.org\/{rel}","templated":true}]}}