{"id":69831,"date":"2009-07-10T14:40:54","date_gmt":"2009-07-10T14:40:54","guid":{"rendered":"http:\/\/diariodominicano.ddns.net\/?p=69831"},"modified":"2009-07-10T14:40:54","modified_gmt":"2009-07-10T14:40:54","slug":"banreservas-recibe-el-premio-the-bizz-awards-2009","status":"publish","type":"post","link":"https:\/\/diariodominicano.com\/?p=69831","title":{"rendered":"BanReservas recibe el premio ?The Bizz Awards 2009?"},"content":{"rendered":"<p><body><\/p>\n<p><img decoding=\"async\" src=\"http:\/\/localhost:8080\/img3\/baco.jpg\" \/>  <\/p>\n<p><span class=\"text1noticias\">El Banco de Reservas recibi\u00f3 por tercer a\u00f1o consecutivo el premio The Bizz Awards 2009, que otorga la Confederaci\u00f3n Mundial de Negocios a las empresas l\u00edderes que han alcanzado la excelencia empresarial en diversas \u00e1reas industriales y de servicios de Am\u00e9rica Latina.   <\/span><\/p>\n<\/p>\n<p><span class=\"text1noticias\">El galard\u00f3n le fue entregado a la directora general de Negocios Internacionales del Banreservas, Carmen Morel, durante una ceremonia realizada en la ciudad del Cusco, en Per\u00fa, a la que asistieron empresarios de varios pa\u00edses.<\/span><\/p>\n<h6> 2009-07-10 14:40:54 <\/h6>\n<p><!--\n<link rel=\"stylesheet\" href=\"css\/bootstrap.min.css\">\n\n\n<ul class=\"pagination\">\n\t    \n\t\n\n<li >\n\t<a href='?page_no=21508'>Previous<\/a>\n\t<\/li>\n\n\n       \n    \n\n<li><a href='?page_no=1'>1<\/a><\/li>\n\n\n\n<li><a href='?page_no=2'>2<\/a><\/li>\n\n\n\n<li><a>...<\/a><\/li>\n\n\n\n<li><a href='?page_no=21507'>21507<\/a><\/li>\n\n\n\n<li><a href='?page_no=21508'>21508<\/a><\/li>\n\n\n\n<li class='active'><a>21509<\/a><\/li>\n\n\n\n<li><a href='?page_no=21510'>21510<\/a><\/li>\n\n\n\n<li><a href='?page_no=21511'>21511<\/a><\/li>\n\n\n\n<li><a>...<\/a><\/li>\n\n\n\n<li><a href='?page_no=22911'>22911<\/a><\/li>\n\n\n\n<li><a href='?page_no=22912'>22912<\/a><\/li>\n\n    \n\t\n\n<li >\n\t<a href='?page_no=21510'>Next<\/a>\n\t<\/li>\n\n\n    \n\n<li><a href='?page_no=22912'>Last &rsaquo;&rsaquo;<\/a><\/li>\n\n<\/ul>\n\n\n--><br \/>\n<\/body><\/p>\n","protected":false},"excerpt":{"rendered":"<p>El Banco de Reservas recibi\u00f3 por tercer a\u00f1o consecutivo el premio The Bizz Awards 2009, que otorga la Confederaci\u00f3n Mundial de Negocios a las empresas l\u00edderes que han alcanzado la excelencia empresarial en diversas \u00e1reas industriales y de servicios de Am\u00e9rica Latina. El galard\u00f3n le fue entregado a la directora general de Negocios Internacionales del [&hellip;]<\/p>\n","protected":false},"author":3,"featured_media":0,"comment_status":"open","ping_status":"open","sticky":false,"template":"","format":"standard","meta":{"footnotes":""},"categories":[21],"tags":[],"class_list":["post-69831","post","type-post","status-publish","format-standard","hentry","category-cultura"],"_links":{"self":[{"href":"https:\/\/diariodominicano.com\/index.php?rest_route=\/wp\/v2\/posts\/69831","targetHints":{"allow":["GET"]}}],"collection":[{"href":"https:\/\/diariodominicano.com\/index.php?rest_route=\/wp\/v2\/posts"}],"about":[{"href":"https:\/\/diariodominicano.com\/index.php?rest_route=\/wp\/v2\/types\/post"}],"author":[{"embeddable":true,"href":"https:\/\/diariodominicano.com\/index.php?rest_route=\/wp\/v2\/users\/3"}],"replies":[{"embeddable":true,"href":"https:\/\/diariodominicano.com\/index.php?rest_route=%2Fwp%2Fv2%2Fcomments&post=69831"}],"version-history":[{"count":0,"href":"https:\/\/diariodominicano.com\/index.php?rest_route=\/wp\/v2\/posts\/69831\/revisions"}],"wp:attachment":[{"href":"https:\/\/diariodominicano.com\/index.php?rest_route=%2Fwp%2Fv2%2Fmedia&parent=69831"}],"wp:term":[{"taxonomy":"category","embeddable":true,"href":"https:\/\/diariodominicano.com\/index.php?rest_route=%2Fwp%2Fv2%2Fcategories&post=69831"},{"taxonomy":"post_tag","embeddable":true,"href":"https:\/\/diariodominicano.com\/index.php?rest_route=%2Fwp%2Fv2%2Ftags&post=69831"}],"curies":[{"name":"wp","href":"https:\/\/api.w.org\/{rel}","templated":true}]}}