{"id":69830,"date":"2009-07-13T13:37:02","date_gmt":"2009-07-13T13:37:02","guid":{"rendered":"http:\/\/diariodominicano.ddns.net\/?p=69830"},"modified":"2009-07-13T13:37:02","modified_gmt":"2009-07-13T13:37:02","slug":"un-fisico-espanol-defiende-la-veracidad-del-viaje-a-la-luna","status":"publish","type":"post","link":"https:\/\/diariodominicano.com\/?p=69830","title":{"rendered":"Un f\u00edsico espa\u00f1ol defiende la veracidad del viaje a la Luna"},"content":{"rendered":"<p><body><\/p>\n<p><img decoding=\"async\" src=\"img3\/luna.jpg\" \/>  <\/p>\n<p><span class=\"text1noticias\">El profesor Eugenio Fern\u00e1ndez Aguilar desmonta en un libro los bulos que alimentan la tesis de que el alunizaje fue un fraude <\/span><\/p>\n<\/p>\n<p><span class=\"text1noticias\">EFE &#8211; Madrid &#8211; 13\/07\/2009 <\/span><\/p>\n<p><span class=\"text1noticias\"> <\/span><\/p>\n<p><span class=\"text1noticias\">El profesor de F\u00edsica Eugenio Fern\u00e1ndez Aguilar ha desmontado los bulos y leyendas m\u00e1s difundidos sobre la falsedad de los viajes a la Luna en su libro La conspiraci\u00f3n lunar \u00a1vaya timo! (Laetoli). La publicaci\u00f3n de la obra coincide con los cuarenta a\u00f1os del primer paseo lunar (el del astronauta estadounidense Neil Armstrong), aniversario que tendr\u00e1 lugar el 20 de este mes. \u00abLa llegada del ser humano a la Luna fue un hito hist\u00f3rico que debe ser celebrado con orgullo y no relegado al oscuro ba\u00fal de los misterios\u00bb, ha dicho Fern\u00e1ndez.<\/span><\/p>\n<\/p>\n<p><span class=\"text1noticias\">\u00abNinguna de estos bulos llega a la categor\u00eda de evidencia, pues son falaces por una u otra raz\u00f3n\u00bb<\/span><\/p>\n<p><span class=\"text1noticias\">La conspiraci\u00f3n lunar \u00a1vaya timo! describe las tesis de los principales detractores de la conquista espacial. Entre los conspiradores -que sostienen que la epopeya fue, en realidad, una simulaci\u00f3n-, Fern\u00e1ndez Aguilar sit\u00faa a Bill Kaysing, David Percy y Bart Sibrel. Tambi\u00e9n dedica algunos p\u00e1rrafos a los espa\u00f1oles (Santiago Camacho, Iker Jim\u00e9nez y J.J. Ben\u00edtez) mediante el repaso de libros, art\u00edculos y documentales.<\/span><\/p>\n<\/p>\n<p><span class=\"text1noticias\">El autor ha elaborado una selecci\u00f3n de los cientos de propuestas de los amantes de la conspiraci\u00f3n, de las que ha elegido s\u00f3lo 50, algunas relacionadas con argumentaciones muy divulgadas como que \u00abla bandera ondea, no hay estrellas en el cielo, sombras imposibles&#8230;\u00bb. Fern\u00e1ndez analiza cada una de estas hip\u00f3tesis \u00abcon la la lupa de la ciencia y de la raz\u00f3n, para demostrar que carecen de sentido, que adolecen de alg\u00fan tipo de error en su presentaci\u00f3n\u00bb. Su conclusi\u00f3n es tajante: \u00abNinguna de estas hip\u00f3tesis llega a la categor\u00eda de evidencia, pues son falaces por una u otra raz\u00f3n\u00bb. Cada refutaci\u00f3n \u00abse complementa con citas, im\u00e1genes y referencias a las fotos y v\u00eddeos oficiales de la NASA, para que cualquier lector pueda verlo en su propia casa si lo desea\u00bb.<\/span><\/p>\n<\/p>\n<p><span class=\"text1noticias\">Contra las afirmaciones pseudocient\u00edficas<\/span><\/p>\n<\/p>\n<p><span class=\"text1noticias\">Tras echar por tierra estas 50 hip\u00f3tesis, el f\u00edsico ofrece pruebas contundentes que respaldan la veracidad de las misiones Apollo. Entre otras, los espejos dejados en la Luna para medir con precisi\u00f3n la variable de la distancia desde la Tierra, los casi 400 kilos de rocas tra\u00eddos a la Tierra y la posici\u00f3n de los sovi\u00e9ticos, que, pese a ser los competidores m\u00e1s serios de EE UU en la carrera espacial, nunca denunciaron que los viajes fuesen falsos (aunque eran los primeros interesados en demostrarlo).<\/span><\/p>\n<\/p>\n<p><span class=\"text1noticias\">A modo de an\u00e9cdota, Fern\u00e1ndez incluye testimonios de personalidades como Manuel Toharia, F\u00e9lix Ares o Miguel de la Quadra Salcedo, que recuerdan c\u00f3mo vivieron los primeros pasos de Armstrong en la Luna. Este libro, el d\u00e9cimo de la colecci\u00f3n \u00a1Vaya timo!, se ajusta a la filosof\u00eda de Javier Armentia, director de Laetoli, que pretende contrarrestar las \u00absupercher\u00edas que se repiten y venden como ciertas\u00bb.<\/span><\/p>\n<\/p>\n<p><span class=\"text1noticias\">\u00abAlgunas -ha dicho Armentia- llegan a alcanzar notoriedad gracias a los medios de comunicaci\u00f3n, que nos transmiten misterios aparentemente sobrenaturales o afirmaciones pseudocient\u00edficas sin establecer antes un m\u00ednimo criterio de veracidad\u00bb.<\/span><\/p>\n<h6> 2009-07-13 13:37:02 <\/h6>\n<p><!--\n<link rel=\"stylesheet\" href=\"css\/bootstrap.min.css\">\n\n\n<ul class=\"pagination\">\n\t    \n\t\n\n<li >\n\t<a href='?page_no=21507'>Previous<\/a>\n\t<\/li>\n\n\n       \n    \n\n<li><a href='?page_no=1'>1<\/a><\/li>\n\n\n\n<li><a href='?page_no=2'>2<\/a><\/li>\n\n\n\n<li><a>...<\/a><\/li>\n\n\n\n<li><a href='?page_no=21506'>21506<\/a><\/li>\n\n\n\n<li><a href='?page_no=21507'>21507<\/a><\/li>\n\n\n\n<li class='active'><a>21508<\/a><\/li>\n\n\n\n<li><a href='?page_no=21509'>21509<\/a><\/li>\n\n\n\n<li><a href='?page_no=21510'>21510<\/a><\/li>\n\n\n\n<li><a>...<\/a><\/li>\n\n\n\n<li><a href='?page_no=22911'>22911<\/a><\/li>\n\n\n\n<li><a href='?page_no=22912'>22912<\/a><\/li>\n\n    \n\t\n\n<li >\n\t<a href='?page_no=21509'>Next<\/a>\n\t<\/li>\n\n\n    \n\n<li><a href='?page_no=22912'>Last &rsaquo;&rsaquo;<\/a><\/li>\n\n<\/ul>\n\n\n--><br \/>\n<\/body><\/p>\n","protected":false},"excerpt":{"rendered":"<p>El profesor Eugenio Fern\u00e1ndez Aguilar desmonta en un libro los bulos que alimentan la tesis de que el alunizaje fue un fraude EFE &#8211; Madrid &#8211; 13\/07\/2009 El profesor de F\u00edsica Eugenio Fern\u00e1ndez Aguilar ha desmontado los bulos y leyendas m\u00e1s difundidos sobre la falsedad de los viajes a la Luna en su libro La [&hellip;]<\/p>\n","protected":false},"author":3,"featured_media":0,"comment_status":"open","ping_status":"open","sticky":false,"template":"","format":"standard","meta":{"footnotes":""},"categories":[21],"tags":[],"class_list":["post-69830","post","type-post","status-publish","format-standard","hentry","category-cultura"],"_links":{"self":[{"href":"https:\/\/diariodominicano.com\/index.php?rest_route=\/wp\/v2\/posts\/69830","targetHints":{"allow":["GET"]}}],"collection":[{"href":"https:\/\/diariodominicano.com\/index.php?rest_route=\/wp\/v2\/posts"}],"about":[{"href":"https:\/\/diariodominicano.com\/index.php?rest_route=\/wp\/v2\/types\/post"}],"author":[{"embeddable":true,"href":"https:\/\/diariodominicano.com\/index.php?rest_route=\/wp\/v2\/users\/3"}],"replies":[{"embeddable":true,"href":"https:\/\/diariodominicano.com\/index.php?rest_route=%2Fwp%2Fv2%2Fcomments&post=69830"}],"version-history":[{"count":0,"href":"https:\/\/diariodominicano.com\/index.php?rest_route=\/wp\/v2\/posts\/69830\/revisions"}],"wp:attachment":[{"href":"https:\/\/diariodominicano.com\/index.php?rest_route=%2Fwp%2Fv2%2Fmedia&parent=69830"}],"wp:term":[{"taxonomy":"category","embeddable":true,"href":"https:\/\/diariodominicano.com\/index.php?rest_route=%2Fwp%2Fv2%2Fcategories&post=69830"},{"taxonomy":"post_tag","embeddable":true,"href":"https:\/\/diariodominicano.com\/index.php?rest_route=%2Fwp%2Fv2%2Ftags&post=69830"}],"curies":[{"name":"wp","href":"https:\/\/api.w.org\/{rel}","templated":true}]}}