{"id":69829,"date":"2009-07-13T15:09:10","date_gmt":"2009-07-13T15:09:10","guid":{"rendered":"http:\/\/diariodominicano.ddns.net\/?p=69829"},"modified":"2009-07-13T15:09:10","modified_gmt":"2009-07-13T15:09:10","slug":"ayuntamiento-reconoce-altruismo-de-amelia-vega","status":"publish","type":"post","link":"https:\/\/diariodominicano.com\/?p=69829","title":{"rendered":"AYUNTAMIENTO RECONOCE ALTRUISMO DE AMELIA VEGA"},"content":{"rendered":"<p><body><\/p>\n<p><img decoding=\"async\" src=\"img3\/amel.jpg\" \/>  <\/p>\n<p><span class=\"text1noticias\">SANTIAGO.- El Ayuntamiento de Santiago reconoci\u00f3 a la belleza Amelia Vega, quien ostent\u00f3 el titulo de Miss Universo en el a\u00f1o 2003, durante su reciente paso por esta ciudad para participar de la campa\u00f1a ?De rojo por la Mujer?.<\/span><\/p>\n<p><span class=\"text1noticias\"> <\/span><\/p>\n<p><span class=\"text1noticias\">La beldad dominicana, quien se confiesa orgullosa de ser nativa de esta ?Ciudad Coraz\u00f3n?, recibi\u00f3 de manos de representativos del cabildo un hermoso pergamino encuadrado por su labor altruista a favor de los dem\u00e1s.<\/span><\/p>\n<p><span class=\"text1noticias\"> <\/span><\/p>\n<p><span class=\"text1noticias\">A nombre de la instituci\u00f3n edilicia hicieron la entrega  el presidente del Concejo Municipal, licenciado Rafael Ulises Cruz Rodr\u00edguez (Papito), quien estuvo acompa\u00f1ado del tambi\u00e9n licenciado M\u00e1ximo Anico Guzm\u00e1n, Secretario Municipal.<\/span><\/p>\n<p><span class=\"text1noticias\"> <\/span><\/p>\n<p><span class=\"text1noticias\">Este reconocimiento a la ex Miss Universo fue aprobado en sesi\u00f3n ordinaria, del pasado mes de marzo, del Concejo por   pedido del s\u00edndico Jose Enrique Sued Sem, informa una nota de la Direcci\u00f3n de Comunicaciones y Relaciones Publicas del cabildo.<\/span><\/p>\n<p><span class=\"text1noticias\"> <\/span><\/p>\n<p><span class=\"text1noticias\">Los doctores Samuel Ramos, Cardi\u00f3logo, y Raisa Garc\u00eda, Nutri\u00f3loga, hab\u00edan previamente hecho la solicitud al ejecutivo para que se reconociera a Amelia durante su paso por esta ciudad, lo que ocurri\u00f3 el jueves pasado.<\/span><\/p>\n<p><span class=\"text1noticias\"> <\/span><\/p>\n<p><span class=\"text1noticias\">Ambos profesionales de la medicina son dirigentes del Centro de Obesidad y Enfermedades Cardiovasculares, que fue la que mont\u00f3 el espect\u00e1culo ?De rojo por Mujer? en la que particip\u00f3 la belleza dominicana, en un gesto que muchos santiagueros han aplaudido y comentado favorablemente.<\/span><\/p>\n<p><span class=\"text1noticias\"> <\/span><\/p>\n<p><span class=\"text1noticias\">La Resoluci\u00f3n entregada  la ex Miss Universo establece que se trata de una joven dotada de brillantes cualidades humanas que hace invalorables aportes con su participaci\u00f3n en las causas nobles, como acaba de ocurrir en este caso.<\/span><\/p>\n<p><span class=\"text1noticias\"> <\/span><\/p>\n<p><span class=\"text1noticias\">Amelia se traslad\u00f3 desde el exterior, espec\u00edficamente los Estados Unidos donde por lo regular pasa la mayor parte del tiempo, para integrarse de manera solidaria a esta altruista  actividad montada por los doctores Ramos y Garc\u00eda.<\/span><\/p>\n<p><span class=\"text1noticias\"> <\/span><\/p>\n<p><span class=\"text1noticias\">Con la misma se busc\u00f3 concientizar a la poblaci\u00f3n femenina sobre la importancia de tener h\u00e1bitos cardio-saludables y de vigilar factores de riesgos cardiovasculares como son la hipertensi\u00f3n, colesterol y la diabetes, entre otros.<\/span><\/p>\n<p><span class=\"text1noticias\"> <\/span><\/p>\n<p><span class=\"text1noticias\">?El Ayuntamiento ha querido reconocer, como al efecto reconoce, la solidaridad de la se\u00f1orita Amelia Vega en esta valiosa campa\u00f1a?, dice la Resoluci\u00f3n entregada a la ex Miss Universo por Cruz y Anico Guzm\u00e1n.<\/span><\/p>\n<p><span class=\"text1noticias\"> <\/span><\/p>\n<p><span class=\"text1noticias\">Otra distinci\u00f3n le fue otorgada esa misma  noche a los organizadores de ?De rojo por la Mujer? por su iniciativa de proporcionar los conocimientos y herramientas necesarias para mejorar la salud del coraz\u00f3n.<\/span><\/p>\n<h6> 2009-07-13 15:09:10 <\/h6>\n<p><!--\n<link rel=\"stylesheet\" href=\"css\/bootstrap.min.css\">\n\n\n<ul class=\"pagination\">\n\t    \n\t\n\n<li >\n\t<a href='?page_no=21506'>Previous<\/a>\n\t<\/li>\n\n\n       \n    \n\n<li><a href='?page_no=1'>1<\/a><\/li>\n\n\n\n<li><a href='?page_no=2'>2<\/a><\/li>\n\n\n\n<li><a>...<\/a><\/li>\n\n\n\n<li><a href='?page_no=21505'>21505<\/a><\/li>\n\n\n\n<li><a href='?page_no=21506'>21506<\/a><\/li>\n\n\n\n<li class='active'><a>21507<\/a><\/li>\n\n\n\n<li><a href='?page_no=21508'>21508<\/a><\/li>\n\n\n\n<li><a href='?page_no=21509'>21509<\/a><\/li>\n\n\n\n<li><a>...<\/a><\/li>\n\n\n\n<li><a href='?page_no=22911'>22911<\/a><\/li>\n\n\n\n<li><a href='?page_no=22912'>22912<\/a><\/li>\n\n    \n\t\n\n<li >\n\t<a href='?page_no=21508'>Next<\/a>\n\t<\/li>\n\n\n    \n\n<li><a href='?page_no=22912'>Last &rsaquo;&rsaquo;<\/a><\/li>\n\n<\/ul>\n\n\n--><br \/>\n<\/body><\/p>\n","protected":false},"excerpt":{"rendered":"<p>SANTIAGO.- El Ayuntamiento de Santiago reconoci\u00f3 a la belleza Amelia Vega, quien ostent\u00f3 el titulo de Miss Universo en el a\u00f1o 2003, durante su reciente paso por esta ciudad para participar de la campa\u00f1a ?De rojo por la Mujer?. La beldad dominicana, quien se confiesa orgullosa de ser nativa de esta ?Ciudad Coraz\u00f3n?, recibi\u00f3 de [&hellip;]<\/p>\n","protected":false},"author":3,"featured_media":0,"comment_status":"open","ping_status":"open","sticky":false,"template":"","format":"standard","meta":{"footnotes":""},"categories":[21],"tags":[],"class_list":["post-69829","post","type-post","status-publish","format-standard","hentry","category-cultura"],"_links":{"self":[{"href":"https:\/\/diariodominicano.com\/index.php?rest_route=\/wp\/v2\/posts\/69829","targetHints":{"allow":["GET"]}}],"collection":[{"href":"https:\/\/diariodominicano.com\/index.php?rest_route=\/wp\/v2\/posts"}],"about":[{"href":"https:\/\/diariodominicano.com\/index.php?rest_route=\/wp\/v2\/types\/post"}],"author":[{"embeddable":true,"href":"https:\/\/diariodominicano.com\/index.php?rest_route=\/wp\/v2\/users\/3"}],"replies":[{"embeddable":true,"href":"https:\/\/diariodominicano.com\/index.php?rest_route=%2Fwp%2Fv2%2Fcomments&post=69829"}],"version-history":[{"count":0,"href":"https:\/\/diariodominicano.com\/index.php?rest_route=\/wp\/v2\/posts\/69829\/revisions"}],"wp:attachment":[{"href":"https:\/\/diariodominicano.com\/index.php?rest_route=%2Fwp%2Fv2%2Fmedia&parent=69829"}],"wp:term":[{"taxonomy":"category","embeddable":true,"href":"https:\/\/diariodominicano.com\/index.php?rest_route=%2Fwp%2Fv2%2Fcategories&post=69829"},{"taxonomy":"post_tag","embeddable":true,"href":"https:\/\/diariodominicano.com\/index.php?rest_route=%2Fwp%2Fv2%2Ftags&post=69829"}],"curies":[{"name":"wp","href":"https:\/\/api.w.org\/{rel}","templated":true}]}}