{"id":69828,"date":"2009-07-13T18:33:28","date_gmt":"2009-07-13T18:33:28","guid":{"rendered":"http:\/\/diariodominicano.ddns.net\/?p=69828"},"modified":"2009-07-13T18:33:28","modified_gmt":"2009-07-13T18:33:28","slug":"san-cristobal-celebra-en-grande-sus-fiestas-patronales-20-orquestas-estaran-presentandose-del-17-al-26-de-julio-del-2009","status":"publish","type":"post","link":"https:\/\/diariodominicano.com\/?p=69828","title":{"rendered":"San Crist\u00f3bal celebra en grande sus fiestas patronales 20 orquestas estar\u00e1n present\u00e1ndose del 17 al 26 de julio DEL 2009"},"content":{"rendered":"<p><body><\/p>\n<p><img decoding=\"async\" src=\"http:\/\/localhost:8080\/img3\/feta.jpg\" \/>  <\/p>\n<p><span class=\"text1noticias\">El municipio de San Crist\u00f3bal celebra sus fiestas patronales del 17 de julio al 26 con 20 de las m\u00e1s importantes orquestas del pa\u00eds las que realizaran sus actuaciones en un gran escenario con modernas luces y sonido de alta tecnolog\u00eda.<\/span><\/p>\n<\/p>\n<p><span class=\"text1noticias\">el comit\u00e9 de las fiestas junto al sindico municipal y presidente  Jos\u00e9 B Montas Dom\u00ednguez, La Cervecer\u00eda Nacional Dominicana, Brugal y compa\u00f1\u00eda, Coca Cola y las dem\u00e1s autoridades municipales como el Gobernador Orlando Espinosa ,El senador Tommy Gal\u00e1n ,La secretaria de estado de la juventud y Telemicro quienes no han escatimado esfuerzos para que esta nueva entrega de la tradici\u00f3n de m\u00e1s de un siglo de esta primer\u00edsima provincia sure\u00f1a se luzca como cada a\u00f1o en la presentaci\u00f3n de actos y presentaciones culturales, folkl\u00f3ricas, sociales , deportivas y  con la  actuaci\u00f3n de los m\u00e1s populares grupos de Merengue, Bachata, M\u00fasica T\u00edpica y Tecnotipico.<\/span><\/p>\n<\/p>\n<p><span class=\"text1noticias\">El programa de estas patronales 2009 es como sigue.,<\/span><\/p>\n<p><span class=\"text1noticias\">17 de julio?fiesta  de coronaci\u00f3n de la reina de las patronales con  Cherito y the new york band <\/span><\/p>\n<p><span class=\"text1noticias\">18 de julio?Omega y los Potros<\/span><\/p>\n<p><span class=\"text1noticias\">19 de julio?Los Hermanos Rosario<\/span><\/p>\n<p><span class=\"text1noticias\">20 de julio?Las Chicas del can y Silvio Mora. <\/span><\/p>\n<p><span class=\"text1noticias\">21 de julio?Sergio Vargas<\/span><\/p>\n<p><span class=\"text1noticias\">22 de julio?Orquesta Brugal y Fefita la grande. <\/span><\/p>\n<p><span class=\"text1noticias\">23 de julio?Krisppy?<\/span><\/p>\n<p><span class=\"text1noticias\">24 de julio? Kiko el presidente y las caribe\u00f1as. <\/span><\/p>\n<p><span class=\"text1noticias\">25 de  Ruta telemicro con tres orquestas y su staff de comediantes y presentadores.<\/span><\/p>\n<p><span class=\"text1noticias\">26?Frank Reyes y Leo y orquesta.<\/span><\/p>\n<\/p>\n<p><span class=\"text1noticias\">Este a\u00f1o las fiestas cuentan con la organizaci\u00f3n de la empresa global Talents group del empresario Luis Medrano quien tiene a su cargo todo lo relativo a las presentaciones art\u00edsticas, montaje y log\u00edstica, en toda la provincia se siente el gran entusiasmo luego del anuncio de las presentaciones de las grandes estrellas que estar\u00e1n present\u00e1ndose durante los 9 d\u00edas de festividades.<\/span><\/p>\n<h6> 2009-07-13 18:33:28 <\/h6>\n<p><!--\n<link rel=\"stylesheet\" href=\"css\/bootstrap.min.css\">\n\n\n<ul class=\"pagination\">\n\t    \n\t\n\n<li >\n\t<a href='?page_no=21505'>Previous<\/a>\n\t<\/li>\n\n\n       \n    \n\n<li><a href='?page_no=1'>1<\/a><\/li>\n\n\n\n<li><a href='?page_no=2'>2<\/a><\/li>\n\n\n\n<li><a>...<\/a><\/li>\n\n\n\n<li><a href='?page_no=21504'>21504<\/a><\/li>\n\n\n\n<li><a href='?page_no=21505'>21505<\/a><\/li>\n\n\n\n<li class='active'><a>21506<\/a><\/li>\n\n\n\n<li><a href='?page_no=21507'>21507<\/a><\/li>\n\n\n\n<li><a href='?page_no=21508'>21508<\/a><\/li>\n\n\n\n<li><a>...<\/a><\/li>\n\n\n\n<li><a href='?page_no=22911'>22911<\/a><\/li>\n\n\n\n<li><a href='?page_no=22912'>22912<\/a><\/li>\n\n    \n\t\n\n<li >\n\t<a href='?page_no=21507'>Next<\/a>\n\t<\/li>\n\n\n    \n\n<li><a href='?page_no=22912'>Last &rsaquo;&rsaquo;<\/a><\/li>\n\n<\/ul>\n\n\n--><br \/>\n<\/body><\/p>\n","protected":false},"excerpt":{"rendered":"<p>El municipio de San Crist\u00f3bal celebra sus fiestas patronales del 17 de julio al 26 con 20 de las m\u00e1s importantes orquestas del pa\u00eds las que realizaran sus actuaciones en un gran escenario con modernas luces y sonido de alta tecnolog\u00eda. el comit\u00e9 de las fiestas junto al sindico municipal y presidente Jos\u00e9 B Montas [&hellip;]<\/p>\n","protected":false},"author":3,"featured_media":0,"comment_status":"open","ping_status":"open","sticky":false,"template":"","format":"standard","meta":{"footnotes":""},"categories":[21],"tags":[],"class_list":["post-69828","post","type-post","status-publish","format-standard","hentry","category-cultura"],"_links":{"self":[{"href":"https:\/\/diariodominicano.com\/index.php?rest_route=\/wp\/v2\/posts\/69828","targetHints":{"allow":["GET"]}}],"collection":[{"href":"https:\/\/diariodominicano.com\/index.php?rest_route=\/wp\/v2\/posts"}],"about":[{"href":"https:\/\/diariodominicano.com\/index.php?rest_route=\/wp\/v2\/types\/post"}],"author":[{"embeddable":true,"href":"https:\/\/diariodominicano.com\/index.php?rest_route=\/wp\/v2\/users\/3"}],"replies":[{"embeddable":true,"href":"https:\/\/diariodominicano.com\/index.php?rest_route=%2Fwp%2Fv2%2Fcomments&post=69828"}],"version-history":[{"count":0,"href":"https:\/\/diariodominicano.com\/index.php?rest_route=\/wp\/v2\/posts\/69828\/revisions"}],"wp:attachment":[{"href":"https:\/\/diariodominicano.com\/index.php?rest_route=%2Fwp%2Fv2%2Fmedia&parent=69828"}],"wp:term":[{"taxonomy":"category","embeddable":true,"href":"https:\/\/diariodominicano.com\/index.php?rest_route=%2Fwp%2Fv2%2Fcategories&post=69828"},{"taxonomy":"post_tag","embeddable":true,"href":"https:\/\/diariodominicano.com\/index.php?rest_route=%2Fwp%2Fv2%2Ftags&post=69828"}],"curies":[{"name":"wp","href":"https:\/\/api.w.org\/{rel}","templated":true}]}}