{"id":69809,"date":"2009-07-17T20:28:52","date_gmt":"2009-07-17T20:28:52","guid":{"rendered":"http:\/\/diariodominicano.ddns.net\/?p=69809"},"modified":"2009-07-17T20:28:52","modified_gmt":"2009-07-17T20:28:52","slug":"fundacion-cooperativa-san-jose-presenta-a-rigo-peralta-en-exposicion-itinerante-manchas-al-amanecer-2","status":"publish","type":"post","link":"https:\/\/diariodominicano.com\/?p=69809","title":{"rendered":"Fundaci\u00f3n Cooperativa San Jos\u00e9 presenta a Rigo Peralta en exposici\u00f3n itinerante ?Manchas al Amanecer?"},"content":{"rendered":"<p><body><\/p>\n<p><img decoding=\"async\" src=\"http:\/\/localhost:8080\/img3\/cuto.jpg\" \/>  <\/p>\n<p><span class=\"text1noticias\">Con toda la magia y misticidad, la Fundaci\u00f3n Cooperativa San Jos\u00e9  presenta a Rigo Peralta en su d\u00e9cima optava exposici\u00f3n ?Manchas al amanecer? al artista Rigo Peralta, itinerante que se exhibe en la Casa de Arte de la entidad, ubicada en la calle 27 de San Jos\u00e9 de Las Matas.   <\/span><\/p>\n<p><span class=\"text1noticias\">  <\/span><\/p>\n<p><span class=\"text1noticias\">La muestra pict\u00f3rica consta de  22 obras en formatos medianos y grandes que van de 18&#215;24 hasta 40&#215;60, realizados en t\u00e9cnica mixta, \u00f3leo sobre lienzo, de impactante colorido caribe\u00f1o haciendo contrastes con tonos fr\u00edos para logar una exquisitez en la composici\u00f3n de color y forma, llevando al espectador una fusi\u00f3n del surrealismo y el abstraccionismo. <\/span><\/p>\n<p><span class=\"text1noticias\">  <\/span><\/p>\n<p><span class=\"text1noticias\">Peralta  revela que en sus creaciones exhibe la forma de c\u00f3mo el hombre empieza a transformarse en un ser m\u00e1s mec\u00e1nico y menos humanos, reflej\u00e1ndose en cada una de sus obras. <\/span><\/p>\n<p><span class=\"text1noticias\">  <\/span><\/p>\n<p><span class=\"text1noticias\">Se\u00f1al\u00f3 que las personas se van olvidando de ese concepto que aprendemos de la forma espiritual y familiar para pasar a personas m\u00e1s fr\u00edas y m\u00e1s insensibles?, explic\u00f3 el artista. <\/span><\/p>\n<p><span class=\"text1noticias\">  <\/span><\/p>\n<p><span class=\"text1noticias\">A todo esto atribuye el artista pl\u00e1stico, la raz\u00f3n del porqu\u00e9 emplea en sus cuadros la fusi\u00f3n del metal y el cuerpo humano, siendo uno de los elementos m\u00e1s notables en sus vistosas obras. <\/span><\/p>\n<p><span class=\"text1noticias\">  <\/span><\/p>\n<p><span class=\"text1noticias\">Los t\u00edtulos de las obras de Peralta son: Diosa de sue\u00f1os dorado, Egeria, Espacio cercano, Luz ancestral, Guerrero her\u00e1ctico, A trav\u00e9s de la luz de tu rostro, Explorando mis ancestros, En el vientre de la guerra, Crucifixi\u00f3n armada, Alcanzando una ilusi\u00f3n, De frente al futuro, Abrasando mi interior y El mundo sigue siendo cruel.  <\/span><\/p>\n<p><span class=\"text1noticias\">  <\/span><\/p>\n<p><span class=\"text1noticias\">Rigo Peralta cumple sus 20 aniversario de quehacer art\u00edstico, raz\u00f3n por la que el artista presenta esta itinerante que se inici\u00f3 recientemente en su primera etapa  en Santo Domingo, en la Sala de Arte Ram\u00f3n Oviedo de La Secretar\u00eda de Estado de Cultura.     <\/span><\/p>\n<p><span class=\"text1noticias\"> Ha sido merecedor de importantes reconocimientos como lo es el haber obtenido el segundo premio del Primer Concurso Internacional de Arte Religioso, organizado por la Arquidi\u00f3cesis de Nueva York en el 1999 y en el 2003 fue invitado por el presidente de los Estados Unidos a visitar la Casa Blanca. <\/span><\/p>\n<h6> 2009-07-17 20:28:52 <\/h6>\n<p><!--\n<link rel=\"stylesheet\" href=\"css\/bootstrap.min.css\">\n\n\n<ul class=\"pagination\">\n\t    \n\t\n\n<li >\n\t<a href='?page_no=21486'>Previous<\/a>\n\t<\/li>\n\n\n       \n    \n\n<li><a href='?page_no=1'>1<\/a><\/li>\n\n\n\n<li><a href='?page_no=2'>2<\/a><\/li>\n\n\n\n<li><a>...<\/a><\/li>\n\n\n\n<li><a href='?page_no=21485'>21485<\/a><\/li>\n\n\n\n<li><a href='?page_no=21486'>21486<\/a><\/li>\n\n\n\n<li class='active'><a>21487<\/a><\/li>\n\n\n\n<li><a href='?page_no=21488'>21488<\/a><\/li>\n\n\n\n<li><a href='?page_no=21489'>21489<\/a><\/li>\n\n\n\n<li><a>...<\/a><\/li>\n\n\n\n<li><a href='?page_no=22911'>22911<\/a><\/li>\n\n\n\n<li><a href='?page_no=22912'>22912<\/a><\/li>\n\n    \n\t\n\n<li >\n\t<a href='?page_no=21488'>Next<\/a>\n\t<\/li>\n\n\n    \n\n<li><a href='?page_no=22912'>Last &rsaquo;&rsaquo;<\/a><\/li>\n\n<\/ul>\n\n\n--><br \/>\n<\/body><\/p>\n","protected":false},"excerpt":{"rendered":"<p>Con toda la magia y misticidad, la Fundaci\u00f3n Cooperativa San Jos\u00e9 presenta a Rigo Peralta en su d\u00e9cima optava exposici\u00f3n ?Manchas al amanecer? al artista Rigo Peralta, itinerante que se exhibe en la Casa de Arte de la entidad, ubicada en la calle 27 de San Jos\u00e9 de Las Matas. La muestra pict\u00f3rica consta de [&hellip;]<\/p>\n","protected":false},"author":3,"featured_media":0,"comment_status":"open","ping_status":"open","sticky":false,"template":"","format":"standard","meta":{"footnotes":""},"categories":[21],"tags":[],"class_list":["post-69809","post","type-post","status-publish","format-standard","hentry","category-cultura"],"_links":{"self":[{"href":"https:\/\/diariodominicano.com\/index.php?rest_route=\/wp\/v2\/posts\/69809","targetHints":{"allow":["GET"]}}],"collection":[{"href":"https:\/\/diariodominicano.com\/index.php?rest_route=\/wp\/v2\/posts"}],"about":[{"href":"https:\/\/diariodominicano.com\/index.php?rest_route=\/wp\/v2\/types\/post"}],"author":[{"embeddable":true,"href":"https:\/\/diariodominicano.com\/index.php?rest_route=\/wp\/v2\/users\/3"}],"replies":[{"embeddable":true,"href":"https:\/\/diariodominicano.com\/index.php?rest_route=%2Fwp%2Fv2%2Fcomments&post=69809"}],"version-history":[{"count":0,"href":"https:\/\/diariodominicano.com\/index.php?rest_route=\/wp\/v2\/posts\/69809\/revisions"}],"wp:attachment":[{"href":"https:\/\/diariodominicano.com\/index.php?rest_route=%2Fwp%2Fv2%2Fmedia&parent=69809"}],"wp:term":[{"taxonomy":"category","embeddable":true,"href":"https:\/\/diariodominicano.com\/index.php?rest_route=%2Fwp%2Fv2%2Fcategories&post=69809"},{"taxonomy":"post_tag","embeddable":true,"href":"https:\/\/diariodominicano.com\/index.php?rest_route=%2Fwp%2Fv2%2Ftags&post=69809"}],"curies":[{"name":"wp","href":"https:\/\/api.w.org\/{rel}","templated":true}]}}