{"id":69772,"date":"2009-07-29T17:33:26","date_gmt":"2009-07-29T17:33:26","guid":{"rendered":"http:\/\/diariodominicano.ddns.net\/?p=69772"},"modified":"2009-07-29T17:33:26","modified_gmt":"2009-07-29T17:33:26","slug":"sergio-lleno-platinum-de-bote-a-bote","status":"publish","type":"post","link":"https:\/\/diariodominicano.com\/?p=69772","title":{"rendered":"Sergio llen\u00f3  Platinum, de ?bote a bote?"},"content":{"rendered":"<p><body><\/p>\n<p><img decoding=\"async\" src=\"http:\/\/localhost:8080\/img3\/vaga.jpg\" \/>  <\/p>\n<p><span class=\"text1noticias\">El negrito de Villa estuvo por todo lo alto a casa llena la noche del pasado lunes en la  continuaci\u00f3n de ?Los lunes populares  dela discoteca Platinum?  de  los que el merenguero y diputado es asociado a Tony Thomas<\/span><\/p>\n<\/p>\n<p><span class=\"text1noticias\">No fue sorpresa para nadie. A pesar de la reg\u00eda competencia art\u00edsticas de los lunes en diferentes lugares de diversi\u00f3n, el merenguero Sergio Vargas recibi\u00f3 el apoyo de su p\u00fablico, quienes desde tempranas horas llegaron a la discoteca Platinum de la capital para disfrutar de la m\u00fasica de un  de las orquestas del mejor sonido en vivo.<\/span><\/p>\n<\/p>\n<p><span class=\"text1noticias\">El int\u00e9rprete de ?Marola?, subi\u00f3 a las 12:45 de la noche con los  m\u00e1s emblem\u00e1ticos  merengue  de su repertorio. ?La ventanita?, ?Dile?, ?Donde? y un popurri cl\u00e1sico de la \u00e9poca en que el artista y diputado formaba parte de la orquesta de su compadre Dionis Fern\u00e1ndez.<\/span><\/p>\n<\/p>\n<p><span class=\"text1noticias\">Ya a las 11:00 de la noche todas las mesas estaban ocupadas, por lo que decidieron entrar de esa hora en adelante tuvieron que quedarse de pies y disfrutar parado hasta el final.<\/span><\/p>\n<\/p>\n<p><span class=\"text1noticias\">Como todos lunes, la presentaci\u00f3n de Sergio Vargas fue transmitida en vivo por Digital 15 y Telemicro internacional con la animaci\u00f3n de Jes\u00fas Gil (Masa). <\/span><\/p>\n<h6> 2009-07-29 17:33:26 <\/h6>\n<p><!--\n<link rel=\"stylesheet\" href=\"css\/bootstrap.min.css\">\n\n\n<ul class=\"pagination\">\n\t    \n\t\n\n<li >\n\t<a href='?page_no=21449'>Previous<\/a>\n\t<\/li>\n\n\n       \n    \n\n<li><a href='?page_no=1'>1<\/a><\/li>\n\n\n\n<li><a href='?page_no=2'>2<\/a><\/li>\n\n\n\n<li><a>...<\/a><\/li>\n\n\n\n<li><a href='?page_no=21448'>21448<\/a><\/li>\n\n\n\n<li><a href='?page_no=21449'>21449<\/a><\/li>\n\n\n\n<li class='active'><a>21450<\/a><\/li>\n\n\n\n<li><a href='?page_no=21451'>21451<\/a><\/li>\n\n\n\n<li><a href='?page_no=21452'>21452<\/a><\/li>\n\n\n\n<li><a>...<\/a><\/li>\n\n\n\n<li><a href='?page_no=22911'>22911<\/a><\/li>\n\n\n\n<li><a href='?page_no=22912'>22912<\/a><\/li>\n\n    \n\t\n\n<li >\n\t<a href='?page_no=21451'>Next<\/a>\n\t<\/li>\n\n\n    \n\n<li><a href='?page_no=22912'>Last &rsaquo;&rsaquo;<\/a><\/li>\n\n<\/ul>\n\n\n--><br \/>\n<\/body><\/p>\n","protected":false},"excerpt":{"rendered":"<p>El negrito de Villa estuvo por todo lo alto a casa llena la noche del pasado lunes en la continuaci\u00f3n de ?Los lunes populares dela discoteca Platinum? de los que el merenguero y diputado es asociado a Tony Thomas No fue sorpresa para nadie. A pesar de la reg\u00eda competencia art\u00edsticas de los lunes en [&hellip;]<\/p>\n","protected":false},"author":3,"featured_media":0,"comment_status":"open","ping_status":"open","sticky":false,"template":"","format":"standard","meta":{"footnotes":""},"categories":[21],"tags":[],"class_list":["post-69772","post","type-post","status-publish","format-standard","hentry","category-cultura"],"_links":{"self":[{"href":"https:\/\/diariodominicano.com\/index.php?rest_route=\/wp\/v2\/posts\/69772","targetHints":{"allow":["GET"]}}],"collection":[{"href":"https:\/\/diariodominicano.com\/index.php?rest_route=\/wp\/v2\/posts"}],"about":[{"href":"https:\/\/diariodominicano.com\/index.php?rest_route=\/wp\/v2\/types\/post"}],"author":[{"embeddable":true,"href":"https:\/\/diariodominicano.com\/index.php?rest_route=\/wp\/v2\/users\/3"}],"replies":[{"embeddable":true,"href":"https:\/\/diariodominicano.com\/index.php?rest_route=%2Fwp%2Fv2%2Fcomments&post=69772"}],"version-history":[{"count":0,"href":"https:\/\/diariodominicano.com\/index.php?rest_route=\/wp\/v2\/posts\/69772\/revisions"}],"wp:attachment":[{"href":"https:\/\/diariodominicano.com\/index.php?rest_route=%2Fwp%2Fv2%2Fmedia&parent=69772"}],"wp:term":[{"taxonomy":"category","embeddable":true,"href":"https:\/\/diariodominicano.com\/index.php?rest_route=%2Fwp%2Fv2%2Fcategories&post=69772"},{"taxonomy":"post_tag","embeddable":true,"href":"https:\/\/diariodominicano.com\/index.php?rest_route=%2Fwp%2Fv2%2Ftags&post=69772"}],"curies":[{"name":"wp","href":"https:\/\/api.w.org\/{rel}","templated":true}]}}