{"id":69766,"date":"2009-07-30T19:22:42","date_gmt":"2009-07-30T19:22:42","guid":{"rendered":"http:\/\/diariodominicano.ddns.net\/?p=69766"},"modified":"2009-07-30T19:22:42","modified_gmt":"2009-07-30T19:22:42","slug":"el-tipicazo-en-homenaje-a-fefita-la-grande","status":"publish","type":"post","link":"https:\/\/diariodominicano.com\/?p=69766","title":{"rendered":"?El Tipicazo? en homenaje a Fefita La Grande"},"content":{"rendered":"<p><body><\/p>\n<p><span class=\"text1noticias\">El Centro de entretenimiento El Viajero, de la avenida 6 de Noviembre,  se viste de t\u00edpico el pr\u00f3ximo lunes 3 de agosto con la presentaci\u00f3n del concierto ?El Tipicazo?, con las actuaciones de cinco importantes exponentes de la m\u00fasica de campo adentro.<\/span><\/p>\n<\/p>\n<p><span class=\"text1noticias\">El Tipicazo ser\u00e1 un gran homenaje a la m\u00e1s popular int\u00e9rprete del merengue t\u00edpico, Fefita La Grande, quien recibir\u00e1 en esa gran noche el reconocimiento de Krisspy, Francisco Ulloa, Kiko El Presidente y  Nicol Pe\u00f1a.<\/span><\/p>\n<\/p>\n<p><span class=\"text1noticias\">Adem\u00e1s de la m\u00fasica de estos cuatro artistas, La Vieja Fefa, como tambi\u00e9n se conoce a la veterana acordeonista que ser\u00e1 homenajeada, interpretar\u00e1 sus m\u00e1s conocidos \u00e9xitos en una noche que promete ser inolvidable.<\/span><\/p>\n<\/p>\n<p><span class=\"text1noticias\">?Para m\u00ed este homenaje me hace sentir orgullosa y con sentimientos  que no puedo describir, ya que se trata de compa\u00f1eros que hacen la misma m\u00fasica que yo hago. Eso es motivo de satisfacci\u00f3n para cualquier artista?, manifest\u00f3 Fefita.<\/span><\/p>\n<\/p>\n<p><span class=\"text1noticias\">Luis Ozoria, coordinador art\u00edstico del evento anunci\u00f3 que ya las boletas est\u00e1n a la venta en boleter\u00eda del Centro T\u00edpico El Viajero. <\/span><\/p>\n<h6> 2009-07-30 19:22:42 <\/h6>\n<p><!--\n<link rel=\"stylesheet\" href=\"css\/bootstrap.min.css\">\n\n\n<ul class=\"pagination\">\n\t    \n\t\n\n<li >\n\t<a href='?page_no=21443'>Previous<\/a>\n\t<\/li>\n\n\n       \n    \n\n<li><a href='?page_no=1'>1<\/a><\/li>\n\n\n\n<li><a href='?page_no=2'>2<\/a><\/li>\n\n\n\n<li><a>...<\/a><\/li>\n\n\n\n<li><a href='?page_no=21442'>21442<\/a><\/li>\n\n\n\n<li><a href='?page_no=21443'>21443<\/a><\/li>\n\n\n\n<li class='active'><a>21444<\/a><\/li>\n\n\n\n<li><a href='?page_no=21445'>21445<\/a><\/li>\n\n\n\n<li><a href='?page_no=21446'>21446<\/a><\/li>\n\n\n\n<li><a>...<\/a><\/li>\n\n\n\n<li><a href='?page_no=22911'>22911<\/a><\/li>\n\n\n\n<li><a href='?page_no=22912'>22912<\/a><\/li>\n\n    \n\t\n\n<li >\n\t<a href='?page_no=21445'>Next<\/a>\n\t<\/li>\n\n\n    \n\n<li><a href='?page_no=22912'>Last &rsaquo;&rsaquo;<\/a><\/li>\n\n<\/ul>\n\n\n--><br \/>\n<\/body><\/p>\n","protected":false},"excerpt":{"rendered":"<p>El Centro de entretenimiento El Viajero, de la avenida 6 de Noviembre, se viste de t\u00edpico el pr\u00f3ximo lunes 3 de agosto con la presentaci\u00f3n del concierto ?El Tipicazo?, con las actuaciones de cinco importantes exponentes de la m\u00fasica de campo adentro. El Tipicazo ser\u00e1 un gran homenaje a la m\u00e1s popular int\u00e9rprete del merengue [&hellip;]<\/p>\n","protected":false},"author":3,"featured_media":0,"comment_status":"open","ping_status":"open","sticky":false,"template":"","format":"standard","meta":{"footnotes":""},"categories":[21],"tags":[],"class_list":["post-69766","post","type-post","status-publish","format-standard","hentry","category-cultura"],"_links":{"self":[{"href":"https:\/\/diariodominicano.com\/index.php?rest_route=\/wp\/v2\/posts\/69766","targetHints":{"allow":["GET"]}}],"collection":[{"href":"https:\/\/diariodominicano.com\/index.php?rest_route=\/wp\/v2\/posts"}],"about":[{"href":"https:\/\/diariodominicano.com\/index.php?rest_route=\/wp\/v2\/types\/post"}],"author":[{"embeddable":true,"href":"https:\/\/diariodominicano.com\/index.php?rest_route=\/wp\/v2\/users\/3"}],"replies":[{"embeddable":true,"href":"https:\/\/diariodominicano.com\/index.php?rest_route=%2Fwp%2Fv2%2Fcomments&post=69766"}],"version-history":[{"count":0,"href":"https:\/\/diariodominicano.com\/index.php?rest_route=\/wp\/v2\/posts\/69766\/revisions"}],"wp:attachment":[{"href":"https:\/\/diariodominicano.com\/index.php?rest_route=%2Fwp%2Fv2%2Fmedia&parent=69766"}],"wp:term":[{"taxonomy":"category","embeddable":true,"href":"https:\/\/diariodominicano.com\/index.php?rest_route=%2Fwp%2Fv2%2Fcategories&post=69766"},{"taxonomy":"post_tag","embeddable":true,"href":"https:\/\/diariodominicano.com\/index.php?rest_route=%2Fwp%2Fv2%2Ftags&post=69766"}],"curies":[{"name":"wp","href":"https:\/\/api.w.org\/{rel}","templated":true}]}}