{"id":69763,"date":"2009-07-31T18:27:04","date_gmt":"2009-07-31T18:27:04","guid":{"rendered":"http:\/\/diariodominicano.ddns.net\/?p=69763"},"modified":"2009-07-31T18:27:04","modified_gmt":"2009-07-31T18:27:04","slug":"pinta-un-camion-para-tu-ciudad","status":"publish","type":"post","link":"https:\/\/diariodominicano.com\/?p=69763","title":{"rendered":"PINTA UN CAMION PARA TU CIUDAD"},"content":{"rendered":"<p><body><\/p>\n<p><img decoding=\"async\" src=\"http:\/\/localhost:8080\/img3\/sues.jpg\" \/>  <\/p>\n<p><span class=\"text1noticias\">SANTIAGO.-Un novedoso concurso art\u00edstico-cultural para motivar a ni\u00f1os y ni\u00f1as de diferentes escuelas de Santiago a cultivar su creatividad e inspiraci\u00f3n para plasmar su pensamiento en dibujos alusivos al mejoramiento del medio ambiente, fue auspiciado de manera exitosa por varias instituciones de esta ciudad. <\/span><\/p>\n<\/p>\n<p><span class=\"text1noticias\">La actividad creativa fue bautizada como \u00abPinta un cami\u00f3n para tu ciudad,\u00bb la cual sustentaron la Secretar\u00eda de Educaci\u00f3n, el Ayuntamiento, la Embajada de Jap\u00f3n y la Agencia de Cooperaci\u00f3n Internacional del Jap\u00f3n (JICA). <\/span><\/p>\n<\/p>\n<p><span class=\"text1noticias\">La educaci\u00f3n, el arte y la cultura se conjugaron en un proyecto por un mejor Santiago y, adem\u00e1s, se descubrieron los artistas del futuro, porque todos los participantes expusieron una calidad extraordinaria en cada dibujo dise\u00f1ado con amor y con el coraz\u00f3n. <\/span><\/p>\n<\/p>\n<p><span class=\"text1noticias\">Ni\u00f1os y ni\u00f1as que estudian en escuelas primarias  ubicadas en barriadas locales participaron en el certamen, quienes demostraron una gran destreza e imaginaci\u00f3n  en el campo de la pintura. <\/span><\/p>\n<p><span class=\"text1noticias\">\u00abHablar de la ni\u00f1ez es hablar del futuro de los habitantes de nuestra ciudad, es por esto que se crea un concurso que vincule el potenciar las habilidades y creatividad de los menores y al mismo tiempo concienciar a la ciudadan\u00eda en el aspecto medio-ambiental\u00bb, sostuvo el s\u00edndico Jos\u00e9 Enrique Sued Sem al dar detalles del concurso. <\/span><\/p>\n<\/p>\n<p><span class=\"text1noticias\">Los centros escolares convocados est\u00e1n dentro del proyecto de Matem\u00e1ticas de la Agencia de Cooperaci\u00f3n Internacional del Jap\u00f3n, donde hay voluntarios japoneses que colaboran con la iniciativa y otras que est\u00e1n en zonas marginadas. <\/span><\/p>\n<h6> 2009-07-31 18:27:04 <\/h6>\n<p><!--\n<link rel=\"stylesheet\" href=\"css\/bootstrap.min.css\">\n\n\n<ul class=\"pagination\">\n\t    \n\t\n\n<li >\n\t<a href='?page_no=21440'>Previous<\/a>\n\t<\/li>\n\n\n       \n    \n\n<li><a href='?page_no=1'>1<\/a><\/li>\n\n\n\n<li><a href='?page_no=2'>2<\/a><\/li>\n\n\n\n<li><a>...<\/a><\/li>\n\n\n\n<li><a href='?page_no=21439'>21439<\/a><\/li>\n\n\n\n<li><a href='?page_no=21440'>21440<\/a><\/li>\n\n\n\n<li class='active'><a>21441<\/a><\/li>\n\n\n\n<li><a href='?page_no=21442'>21442<\/a><\/li>\n\n\n\n<li><a href='?page_no=21443'>21443<\/a><\/li>\n\n\n\n<li><a>...<\/a><\/li>\n\n\n\n<li><a href='?page_no=22911'>22911<\/a><\/li>\n\n\n\n<li><a href='?page_no=22912'>22912<\/a><\/li>\n\n    \n\t\n\n<li >\n\t<a href='?page_no=21442'>Next<\/a>\n\t<\/li>\n\n\n    \n\n<li><a href='?page_no=22912'>Last &rsaquo;&rsaquo;<\/a><\/li>\n\n<\/ul>\n\n\n--><br \/>\n<\/body><\/p>\n","protected":false},"excerpt":{"rendered":"<p>SANTIAGO.-Un novedoso concurso art\u00edstico-cultural para motivar a ni\u00f1os y ni\u00f1as de diferentes escuelas de Santiago a cultivar su creatividad e inspiraci\u00f3n para plasmar su pensamiento en dibujos alusivos al mejoramiento del medio ambiente, fue auspiciado de manera exitosa por varias instituciones de esta ciudad. La actividad creativa fue bautizada como \u00abPinta un cami\u00f3n para tu [&hellip;]<\/p>\n","protected":false},"author":3,"featured_media":0,"comment_status":"open","ping_status":"open","sticky":false,"template":"","format":"standard","meta":{"footnotes":""},"categories":[21],"tags":[],"class_list":["post-69763","post","type-post","status-publish","format-standard","hentry","category-cultura"],"_links":{"self":[{"href":"https:\/\/diariodominicano.com\/index.php?rest_route=\/wp\/v2\/posts\/69763","targetHints":{"allow":["GET"]}}],"collection":[{"href":"https:\/\/diariodominicano.com\/index.php?rest_route=\/wp\/v2\/posts"}],"about":[{"href":"https:\/\/diariodominicano.com\/index.php?rest_route=\/wp\/v2\/types\/post"}],"author":[{"embeddable":true,"href":"https:\/\/diariodominicano.com\/index.php?rest_route=\/wp\/v2\/users\/3"}],"replies":[{"embeddable":true,"href":"https:\/\/diariodominicano.com\/index.php?rest_route=%2Fwp%2Fv2%2Fcomments&post=69763"}],"version-history":[{"count":0,"href":"https:\/\/diariodominicano.com\/index.php?rest_route=\/wp\/v2\/posts\/69763\/revisions"}],"wp:attachment":[{"href":"https:\/\/diariodominicano.com\/index.php?rest_route=%2Fwp%2Fv2%2Fmedia&parent=69763"}],"wp:term":[{"taxonomy":"category","embeddable":true,"href":"https:\/\/diariodominicano.com\/index.php?rest_route=%2Fwp%2Fv2%2Fcategories&post=69763"},{"taxonomy":"post_tag","embeddable":true,"href":"https:\/\/diariodominicano.com\/index.php?rest_route=%2Fwp%2Fv2%2Ftags&post=69763"}],"curies":[{"name":"wp","href":"https:\/\/api.w.org\/{rel}","templated":true}]}}