{"id":69762,"date":"2009-07-31T20:05:19","date_gmt":"2009-07-31T20:05:19","guid":{"rendered":"http:\/\/diariodominicano.ddns.net\/?p=69762"},"modified":"2009-07-31T20:05:19","modified_gmt":"2009-07-31T20:05:19","slug":"la-secretaria-de-educacion-windtelecom-y-el-canal-clse-de-la-organizacion-cisneros-entrenaran-a-maestros-de-educacion-basica-en-el-uso-de-television-educativa-para-la-ensenanza","status":"publish","type":"post","link":"https:\/\/diariodominicano.com\/?p=69762","title":{"rendered":"La Secretar\u00eda de Educaci\u00f3n,  WINDTelecom y el canal cl@se de la Organizaci\u00f3n Cisneros entrenar\u00e1n a maestros de educaci\u00f3n b\u00e1sica  en el uso de televisi\u00f3n educativa para la ense\u00f1anza"},"content":{"rendered":"<p><body><\/p>\n<p><img decoding=\"async\" src=\"http:\/\/localhost:8080\/img3\/case.jpg\" \/>  <\/p>\n<p><span class=\"text1noticias\">El canal educativo cl@se, fundado por el empresario Gustavo Cisneros, dictar\u00e1 talleres a docentes de 300 escuelas p\u00fablicas dominicanas  entre el 3 y el 7 de agosto en Santo Domingo y Santiago <\/span><\/p>\n<\/p>\n<p><span class=\"text1noticias\">Santo Domingo, Rep\u00fablica Dominicana.- La Secretar\u00eda de Estado de Educaci\u00f3n (SEE) realizar\u00e1 talleres de inducci\u00f3n dirigidos a maestros y Directores de Escuelas para la utilizaci\u00f3n de contenidos de televisi\u00f3n educativa en los salones de clase. Dichos talleres  ser\u00e1n  provistos por el canal  cl@se, fundado por el empresario Gustavo Cisneros, como parte del acuerdo de cooperaci\u00f3n firmado en abril este a\u00f1o entre la Fundaci\u00f3n Cisneros, la Secretaria y WIND Telecom.<\/span><\/p>\n<p><span class=\"text1noticias\">  <\/span><\/p>\n<p><span class=\"text1noticias\">El objetivo principal de estos entrenamientos es apoyar la formaci\u00f3n docente en el uso de la televisi\u00f3n educativa dentro del proceso de ense\u00f1anza-aprendizaje. Los entrenamientos se estar\u00e1n  llevando a cabo de manera intensiva, con una semana de duraci\u00f3n,  del 3 al 7 de agosto, en Santo Domingo y Santiago. <\/span><\/p>\n<\/p>\n<p><span class=\"text1noticias\">Dichos cursos ser\u00e1n impartidos por el canal cl@se,  bajo la direcci\u00f3n del Licenciado Salvador Ottobre, asesor en contenidos educativos del canal, y tendr\u00e1n un valor curricular, previa evaluaci\u00f3n por parte de la Secretar\u00eda de Estado de Educaci\u00f3n. <\/span><\/p>\n<\/p>\n<p><span class=\"text1noticias\">El Licenciado Salvador Ottobre, es un profesional de larga trayectoria en el \u00e1rea educativa, tanto en Am\u00e9rica Latina como en Europa, donde ha participado en numerosos eventos vinculados a la educaci\u00f3n. Licenciado en  Letras en  CONSUDEC (Argentina), el Profesor Ottobre tambi\u00e9n es Licenciado en Ense\u00f1anza de la Lengua y de la Comunicaci\u00f3n (Universidad CAECE, Argentina). <\/span><\/p>\n<\/p>\n<p><span class=\"text1noticias\">Entre los numerosos cargos desempe\u00f1ados, Ottobre ha sido Profesor del Master de Comunicaci\u00f3n y Educaci\u00f3n de la Pontificia Universidad Cat\u00f3lica de Chile, miembro fundador de la Asociaci\u00f3n Internacional de Televisoras para la Educaci\u00f3n y el Descubrimiento  (AITED) con sede en Par\u00eds, y Profesor del Master de Comunicaci\u00f3n y Educaci\u00f3n de la Universidad Aut\u00f3noma de Barcelona, as\u00ed como tambi\u00e9n ha recibido numerosos reconocimientos, como la Orden Nacional del M\u00e9rito en grado de Caballero por la Rep\u00fablica de Francia.<\/span><\/p>\n<\/p>\n<p><span class=\"text1noticias\">Esta iniciativa del canal cl@se forma parte del convenio firmado este a\u00f1o con la Secretar\u00eda de Estado De Educaci\u00f3n y WIND Telecom  para proveer sus contenidos educativos totalmente gratuitos  a trav\u00e9s del programa ?WIND en La Escuela? , con el fin de complementar la educaci\u00f3n de los estudiantes del sistema estatal de escuelas y liceos p\u00fablicos en el Distrito Nacional y las provincias Santo Domingo y Santiago. <\/span><\/p>\n<\/p>\n<p><span class=\"text1noticias\">Acerca de cl@se<\/span><\/p>\n<\/p>\n<p><span class=\"text1noticias\">Cl@se, de la Organizaci\u00f3n Cisneros, es el primer canal educativo de la televisi\u00f3n latinoamericana que ofrece, desde 1996, lo mejor en la categor\u00eda  de entretenimiento educativo internacional las 24 horas del d\u00eda. Su programaci\u00f3n, dirigida a tres grupos objetivo bien delimitados (ni\u00f1os y j\u00f3venes de 6 a 18 a\u00f1os, maestros y padres) cubre una amplia gama de temas tales como idiomas, ciencias, cultura, matem\u00e1ticas  y capacitaci\u00f3n profesional. cl@se cuenta con una alianza con la Fundaci\u00f3n Cisneros para contribuir a mejorar la calidad de la educaci\u00f3n en Am\u00e9rica Latina a trav\u00e9s de la producci\u00f3n y difusi\u00f3n de programas culturales y de capacitaci\u00f3n docente. cl@se provee a los televidentes innovadoras herramientas que permiten que el aprendizaje sea relevante y cautivante, estimulando la creatividad al brindarle preponderancia al poder de la ense\u00f1anza a trav\u00e9s del entretenimiento. Actualmente cl@se llega al alcance de aproximadamente un mill\u00f3n de  hogares suscriptores y a m\u00e1s de 30 mil escuelas en toda Am\u00e9rica Latina.<\/span><\/p>\n<\/p>\n<p><span class=\"text1noticias\">Acerca de la Organizaci\u00f3n Cisneros<\/span><\/p>\n<p><span class=\"text1noticias\">La Organizaci\u00f3n Cisneros es una denominaci\u00f3n, una marca, un sello que distingue a un grupo de empresas, entidades y personas jur\u00eddicas bajo unos mismos principios, filosof\u00eda, objetivos y metas gerenciales. Entre ellas se encuentran empresas privadas de medios de comunicaci\u00f3n, entretenimiento, telecomunicaciones y productos de consumo con mayor presencia en el mundo; compa\u00f1\u00edas y empresas que incluyen desde transmisi\u00f3n y producci\u00f3n de televisi\u00f3n y telecomunicaciones hasta empresas de bebidas y desarrollos tur\u00edsticos. A trav\u00e9s de sus diversos negocios y sociedades, la Organizaci\u00f3n Cisneros ofrece las marcas m\u00e1s reconocidas y servicios de la m\u00e1s alta calidad a los 550 millones de consumidores de habla hispana y portuguesa en las Am\u00e9ricas y Europa, y vende programaci\u00f3n televisiva y otros contenidos medi\u00e1ticos en cinco continentes y en m\u00e1s de 90 pa\u00edses. Entre las empresas que forman parte de la Organizaci\u00f3n Cisneros se encuentran Venevisi\u00f3n, Venevisi\u00f3n International, Venevision Productions, Cervecer\u00eda Regional y Los Leones del Caracas.<\/span><\/p>\n<\/p>\n<p><span class=\"text1noticias\">Acerca de WIND Telecom<\/span><\/p>\n<p><span class=\"text1noticias\">WIND TELECOM, S. A. empresa de telecomunicaciones de banda ancha en Rep\u00fablica Dominicana, que en un ambiente de convergencia de productos, ofrece servicios completos de Internet, Televisi\u00f3n y Voz a clientes personales, as\u00ed como servicios especializados a empresas e instituciones.  ?WIND en la Escuela?, es el programa de responsabilidad social de WINd Telecom, el cual esta destinado a incentivar, el acceso a la televisi\u00f3n educativa en las escuelas y liceos p\u00fablicos del Distrito Nacional, provincia Santo Domingo y Santiago. Cuenta con  una programaci\u00f3n especial de contenido totalmente educativo para complementar la formaci\u00f3n de los estudiantes del sistema estatal, pero bajo la supervisi\u00f3n de la Direcci\u00f3n General de Curr\u00edculum. <\/span><\/p>\n<\/p>\n<p><span class=\"text1noticias\">Para mayor informaci\u00f3n, visite a www.wind.com.do<\/span><\/p>\n<h6> 2009-07-31 20:05:19 <\/h6>\n<p><!--\n<link rel=\"stylesheet\" href=\"css\/bootstrap.min.css\">\n\n\n<ul class=\"pagination\">\n\t    \n\t\n\n<li >\n\t<a href='?page_no=21439'>Previous<\/a>\n\t<\/li>\n\n\n       \n    \n\n<li><a href='?page_no=1'>1<\/a><\/li>\n\n\n\n<li><a href='?page_no=2'>2<\/a><\/li>\n\n\n\n<li><a>...<\/a><\/li>\n\n\n\n<li><a href='?page_no=21438'>21438<\/a><\/li>\n\n\n\n<li><a href='?page_no=21439'>21439<\/a><\/li>\n\n\n\n<li class='active'><a>21440<\/a><\/li>\n\n\n\n<li><a href='?page_no=21441'>21441<\/a><\/li>\n\n\n\n<li><a href='?page_no=21442'>21442<\/a><\/li>\n\n\n\n<li><a>...<\/a><\/li>\n\n\n\n<li><a href='?page_no=22911'>22911<\/a><\/li>\n\n\n\n<li><a href='?page_no=22912'>22912<\/a><\/li>\n\n    \n\t\n\n<li >\n\t<a href='?page_no=21441'>Next<\/a>\n\t<\/li>\n\n\n    \n\n<li><a href='?page_no=22912'>Last &rsaquo;&rsaquo;<\/a><\/li>\n\n<\/ul>\n\n\n--><br \/>\n<\/body><\/p>\n","protected":false},"excerpt":{"rendered":"<p>El canal educativo cl@se, fundado por el empresario Gustavo Cisneros, dictar\u00e1 talleres a docentes de 300 escuelas p\u00fablicas dominicanas entre el 3 y el 7 de agosto en Santo Domingo y Santiago Santo Domingo, Rep\u00fablica Dominicana.- La Secretar\u00eda de Estado de Educaci\u00f3n (SEE) realizar\u00e1 talleres de inducci\u00f3n dirigidos a maestros y Directores de Escuelas para [&hellip;]<\/p>\n","protected":false},"author":3,"featured_media":0,"comment_status":"open","ping_status":"open","sticky":false,"template":"","format":"standard","meta":{"footnotes":""},"categories":[21],"tags":[],"class_list":["post-69762","post","type-post","status-publish","format-standard","hentry","category-cultura"],"_links":{"self":[{"href":"https:\/\/diariodominicano.com\/index.php?rest_route=\/wp\/v2\/posts\/69762","targetHints":{"allow":["GET"]}}],"collection":[{"href":"https:\/\/diariodominicano.com\/index.php?rest_route=\/wp\/v2\/posts"}],"about":[{"href":"https:\/\/diariodominicano.com\/index.php?rest_route=\/wp\/v2\/types\/post"}],"author":[{"embeddable":true,"href":"https:\/\/diariodominicano.com\/index.php?rest_route=\/wp\/v2\/users\/3"}],"replies":[{"embeddable":true,"href":"https:\/\/diariodominicano.com\/index.php?rest_route=%2Fwp%2Fv2%2Fcomments&post=69762"}],"version-history":[{"count":0,"href":"https:\/\/diariodominicano.com\/index.php?rest_route=\/wp\/v2\/posts\/69762\/revisions"}],"wp:attachment":[{"href":"https:\/\/diariodominicano.com\/index.php?rest_route=%2Fwp%2Fv2%2Fmedia&parent=69762"}],"wp:term":[{"taxonomy":"category","embeddable":true,"href":"https:\/\/diariodominicano.com\/index.php?rest_route=%2Fwp%2Fv2%2Fcategories&post=69762"},{"taxonomy":"post_tag","embeddable":true,"href":"https:\/\/diariodominicano.com\/index.php?rest_route=%2Fwp%2Fv2%2Ftags&post=69762"}],"curies":[{"name":"wp","href":"https:\/\/api.w.org\/{rel}","templated":true}]}}