{"id":69761,"date":"2009-08-03T13:41:22","date_gmt":"2009-08-03T13:41:22","guid":{"rendered":"http:\/\/diariodominicano.ddns.net\/?p=69761"},"modified":"2009-08-03T13:41:22","modified_gmt":"2009-08-03T13:41:22","slug":"ocoenos-celebran-en-grande-el-centenario-del-natalicio-del-profesor-juan-bosch","status":"publish","type":"post","link":"https:\/\/diariodominicano.com\/?p=69761","title":{"rendered":"Ocoe\u00f1os celebran en grande el centenario del natalicio del profesor Juan Bosch"},"content":{"rendered":"<p><body><\/p>\n<p><img decoding=\"async\" src=\"http:\/\/localhost:8080\/img3\/boch.jpg\" \/>  <\/p>\n<p><span class=\"text1noticias\">San Jos\u00e9 de Ocoa. La Fundaci\u00f3n Carlos Castillo con el auspicio de la Fundaci\u00f3n Global, Democracia y Desarrollo (FUNGLODE) celebr\u00f3 en grande el Centenario del Natalicio del profesor Juan Bosch, en un acto para nunca olvidar, donde se congregaron las m\u00e1s prestigiosas personalidades de la provincia de San Jos\u00e9 de Ocoa.<\/span><\/p>\n<p><span class=\"text1noticias\"> <\/span><\/p>\n<p><span class=\"text1noticias\">Diversas personalidades consultadas  dijeron que nunca antes en San Jos\u00e9 de Ocoa se hab\u00eda celebrado en acto cultural de tan alta significaci\u00f3n. Agradecieron a la Fundaci\u00f3n Carlos Castillo y a FUNGLODE por haber escogido a San Jos\u00e9 de Ocoa para hacer esa fiesta de la historia y  la cultura en reconocimiento a Juan Bosch.<\/span><\/p>\n<p><span class=\"text1noticias\"> <\/span><\/p>\n<p><span class=\"text1noticias\">El jurista y polit\u00f3logo C\u00e9sar Pina Toribio, quien adem\u00e1s es Secretario de Estado de la Presidencia y Miembro del Comit\u00e9 Pol\u00edtico del Partido de la Liberaci\u00f3n Dominicana, dict\u00f3 una conferencia magistral sobre los Aportes de Bosch al Estado Dominicano; el prominente fil\u00f3logo y Presidente de la Academia Dominicana de la Lengua, doctor Bruno Rosario Candelier, hizo una disertaci\u00f3n magistral con el t\u00edtulo: Bosch el escritor; mientras que el Presidente de la Comisi\u00f3n Nacional de Efem\u00e9rides Patrias, historiador Juan Daniel Balc\u00e1cer fue el moderador del panel.<\/span><\/p>\n<p><span class=\"text1noticias\"> <\/span><\/p>\n<p><span class=\"text1noticias\">El sal\u00f3n del INDOTEL  fue cautelosamente decorado por Julina de Castillo, esposa del precandidato a senador, licenciado Carlos Castillo, quien con el apoyo del personal de FUNGLODE, hicieron una exposici\u00f3n fotogr\u00e1fica que recoge las diversas etapas y facetas del profesor Juan Bosch.<\/span><\/p>\n<p><span class=\"text1noticias\"> <\/span><\/p>\n<p><span class=\"text1noticias\">El anfitri\u00f3n del evento, licenciado Carlos Castillo, al pronunciar las palabras de bienvenida, expres\u00f3 que la fundaci\u00f3n que lleva su nombre, fue creada para contribuir al desarrollo material y espiritual del pueblo ocoe\u00f1o, y en esta noche memorable, ha querido rendirle tributo a uno de los pr\u00f3ceres de Rep\u00fablica Dominicana y de Am\u00e9rica, m\u00e1s brillante de todos los tiempos, el profesor Juan Bosch.<\/span><\/p>\n<p><span class=\"text1noticias\"> <\/span><\/p>\n<p><span class=\"text1noticias\">Presentaron un documental sobre la vida y obra de Juan Bosch que llen\u00f3 de regocijo y satisfacci\u00f3n al p\u00fablico presente.<\/span><\/p>\n<\/p>\n<p><span class=\"text1noticias\">?Hemos querido que la conmemoraci\u00f3n del Centenario del Natalicio del hombre que con sus ideales y su conducta, se ha constituido en el principal referente \u00e9tico y moral de la sociedad dominicana, no pase desapercibido en esta laboriosa, noble y culta sociedad ocoe\u00f1a.? Subray\u00f3 el empresario ocoe\u00f1o, quien adem\u00e1s es C\u00f3nsul General de la Rep\u00fablica Dominicana en Puerto Pr\u00edncipe.<\/span><\/p>\n<p><span class=\"text1noticias\"> <\/span><\/p>\n<p><span class=\"text1noticias\">Dijo que al participar en diversos actos organizados por el Partido de la Liberaci\u00f3n Dominicana y por la Fundaci\u00f3n Global, Democracia y Desarrollo (FUNGLODE) con motivo del Centenario del Natalicio de Don Juan, pens\u00f3 que la sociedad ocoe\u00f1a deb\u00eda ser parte activa de esta gran fiesta.<\/span><\/p>\n<p><span class=\"text1noticias\"> <\/span><\/p>\n<p><span class=\"text1noticias\">Manifest\u00f3 que se acerc\u00f3 al Presidente Leonel Fern\u00e1ndez y le expres\u00f3 el deseo de la Fundaci\u00f3n Carlos Castillo de hacerle un homenaje a Don Juan, aqu\u00ed en Ocoa, y de inmediato el gobernante le dijo que compart\u00eda su iniciativa y que la FUNGLODE se incorporar\u00eda con nosotros en la organizaci\u00f3n de este evento. <\/span><\/p>\n<p><span class=\"text1noticias\"> <\/span><\/p>\n<p><span class=\"text1noticias\">Por esa raz\u00f3n, ?aprovecho el momento para en nombre de la Fundaci\u00f3n Carlos Castillo y de todos los ocoe\u00f1os y ocoe\u00f1as, darles las gracias al Presidente Honorario de FUNGLODE y Presidente de la Rep\u00fablica, doctor Leonel Fern\u00e1ndez Reyna.?<\/span><\/p>\n<p><span class=\"text1noticias\"> <\/span><\/p>\n<p><span class=\"text1noticias\">Subray\u00f3 que La Fundaci\u00f3n Carlos Castillo  prepar\u00f3 ese escenario, para que los hijos de ese pueblo noble y trabajador, festejen como lo han hecho en el Distrito Nacional y en otras provincias del pa\u00eds, el Centenario del Natalicio del \u00fanico hombre de la historia contempor\u00e1nea que ha sido capaz de crear dos partidos pol\u00edticos que se convirtieron en instrumentos de poder, y que hoy albergan en su seno a casi el ciento por ciento de los ciudadanos y ciudadanas dominicanos.<\/span><\/p>\n<p><span class=\"text1noticias\"> <\/span><\/p>\n<p><span class=\"text1noticias\">Carlos Castillo dijo que estaban all\u00ed para rendirle tributo a un pr\u00f3cer, a uno de esos escasos seres humanos que pasan por la tierra y dejan huellas imborrables que les conducen al pedestal de la inmortalidad.<\/span><\/p>\n<h6> 2009-08-03 13:41:22 <\/h6>\n<p><!--\n<link rel=\"stylesheet\" href=\"css\/bootstrap.min.css\">\n\n\n<ul class=\"pagination\">\n\t    \n\t\n\n<li >\n\t<a href='?page_no=21438'>Previous<\/a>\n\t<\/li>\n\n\n       \n    \n\n<li><a href='?page_no=1'>1<\/a><\/li>\n\n\n\n<li><a href='?page_no=2'>2<\/a><\/li>\n\n\n\n<li><a>...<\/a><\/li>\n\n\n\n<li><a href='?page_no=21437'>21437<\/a><\/li>\n\n\n\n<li><a href='?page_no=21438'>21438<\/a><\/li>\n\n\n\n<li class='active'><a>21439<\/a><\/li>\n\n\n\n<li><a href='?page_no=21440'>21440<\/a><\/li>\n\n\n\n<li><a href='?page_no=21441'>21441<\/a><\/li>\n\n\n\n<li><a>...<\/a><\/li>\n\n\n\n<li><a href='?page_no=22911'>22911<\/a><\/li>\n\n\n\n<li><a href='?page_no=22912'>22912<\/a><\/li>\n\n    \n\t\n\n<li >\n\t<a href='?page_no=21440'>Next<\/a>\n\t<\/li>\n\n\n    \n\n<li><a href='?page_no=22912'>Last &rsaquo;&rsaquo;<\/a><\/li>\n\n<\/ul>\n\n\n--><br \/>\n<\/body><\/p>\n","protected":false},"excerpt":{"rendered":"<p>San Jos\u00e9 de Ocoa. La Fundaci\u00f3n Carlos Castillo con el auspicio de la Fundaci\u00f3n Global, Democracia y Desarrollo (FUNGLODE) celebr\u00f3 en grande el Centenario del Natalicio del profesor Juan Bosch, en un acto para nunca olvidar, donde se congregaron las m\u00e1s prestigiosas personalidades de la provincia de San Jos\u00e9 de Ocoa. Diversas personalidades consultadas dijeron [&hellip;]<\/p>\n","protected":false},"author":3,"featured_media":0,"comment_status":"open","ping_status":"open","sticky":false,"template":"","format":"standard","meta":{"footnotes":""},"categories":[21],"tags":[],"class_list":["post-69761","post","type-post","status-publish","format-standard","hentry","category-cultura"],"_links":{"self":[{"href":"https:\/\/diariodominicano.com\/index.php?rest_route=\/wp\/v2\/posts\/69761","targetHints":{"allow":["GET"]}}],"collection":[{"href":"https:\/\/diariodominicano.com\/index.php?rest_route=\/wp\/v2\/posts"}],"about":[{"href":"https:\/\/diariodominicano.com\/index.php?rest_route=\/wp\/v2\/types\/post"}],"author":[{"embeddable":true,"href":"https:\/\/diariodominicano.com\/index.php?rest_route=\/wp\/v2\/users\/3"}],"replies":[{"embeddable":true,"href":"https:\/\/diariodominicano.com\/index.php?rest_route=%2Fwp%2Fv2%2Fcomments&post=69761"}],"version-history":[{"count":0,"href":"https:\/\/diariodominicano.com\/index.php?rest_route=\/wp\/v2\/posts\/69761\/revisions"}],"wp:attachment":[{"href":"https:\/\/diariodominicano.com\/index.php?rest_route=%2Fwp%2Fv2%2Fmedia&parent=69761"}],"wp:term":[{"taxonomy":"category","embeddable":true,"href":"https:\/\/diariodominicano.com\/index.php?rest_route=%2Fwp%2Fv2%2Fcategories&post=69761"},{"taxonomy":"post_tag","embeddable":true,"href":"https:\/\/diariodominicano.com\/index.php?rest_route=%2Fwp%2Fv2%2Ftags&post=69761"}],"curies":[{"name":"wp","href":"https:\/\/api.w.org\/{rel}","templated":true}]}}