{"id":69760,"date":"2009-08-03T13:59:25","date_gmt":"2009-08-03T13:59:25","guid":{"rendered":"http:\/\/diariodominicano.ddns.net\/?p=69760"},"modified":"2009-08-03T13:59:25","modified_gmt":"2009-08-03T13:59:25","slug":"festival-idolos-latinos-tendra-su-propio-porta-floor","status":"publish","type":"post","link":"https:\/\/diariodominicano.com\/?p=69760","title":{"rendered":"Festival Idolos Latinos tendr\u00e1 su propio ?Porta Floor?"},"content":{"rendered":"<p><body><\/p>\n<p><img decoding=\"async\" src=\"http:\/\/localhost:8080\/img3\/musi.jpg\" \/>  <\/p>\n<p><span class=\"text1noticias\">Inspirado en el deseo de los organizadores del Festival Idolos Latinos que se llevar\u00e1 a cabo el pr\u00f3ximo 29 de agosto en el Estadio Ol\u00edmpico F\u00e9lix S\u00e1nchez, de ofrecer al p\u00fablico una actividad sana, segura y sobre todo divertida, la empresa EME Productions no ha escatimado esfuerzos en adquirir lo necesario para que el mismo est\u00e9 a la altura de los mejores espect\u00e1culos del mundo.<\/span><\/p>\n<\/p>\n<p><span class=\"text1noticias\">Y cumpliendo con los est\u00e1ndares de seguridad y organizaci\u00f3n, la empresa art\u00edstica adquiri\u00f3 un ?Porta floor? (Piso artificial) de \u00faltima generaci\u00f3n que ser\u00e1 colocado en la grama del Estadio, agregando as\u00ed un elemento vital para la realizaci\u00f3n de dicho evento, cumpliendo con el cuidado y esplendor de las instalaciones del importante aforo de Santo Domingo.<\/span><\/p>\n<\/p>\n<p><span class=\"text1noticias\">El ?Porta Floor? (piso artificial o cubrecancha) es un material desarrollado exclusivamente para la protecci\u00f3n del pasto en conciertos masivos y eventos corporativos, que ofrece la bondad de cubrir la grama y oxigenarla a la vez, evitando as\u00ed que \u00e9sta se queme o da\u00f1e por el tr\u00e1nsito masivo de personas. <\/span><\/p>\n<\/p>\n<p><span class=\"text1noticias\">Elvis Morillo, ejecutivo de EME Productions asegur\u00f3 que el Festival Idolos Latinos contar\u00e1 con la mejor tecnolog\u00eda, sistema de luces y sonido, nunca antes visto por el p\u00fablico dominicano, adem\u00e1s de que los artistas que participar\u00e1n en el mismo har\u00e1n gala de sus \u00faltimas producciones musicales, sin dejar de lado sus m\u00e1s aplaudidos \u00e9xitos.<\/span><\/p>\n<\/p>\n<p><span class=\"text1noticias\">?Pero tambi\u00e9n tenemos otro elemento a tomar en  cuenta y es que por primera vez los dos artistas m\u00e1s famosos del reguet\u00f3n, Daddy Yankee y Don Omar, se ver\u00e1n la cara por primera vez en un mismo escenario luego de sus grandes diferencias que lo han mantenido en el ojo de la far\u00e1ndula desde sus inicios y hasta la fecha?, explic\u00f3 Morillo.<\/span><\/p>\n<\/p>\n<p><span class=\"text1noticias\">Adem\u00e1s de estos dos artistas puertorrique\u00f1os, se suman a la cartelera el Caballero de la Salsa, Gilberto Santa Rosa y los dominicanos Frank Reyes y el grupo Ilegales. Todos estar\u00e1n en escena a partir de las 6:00 de la tarde del 29 de agosto en el Estadio Ol\u00edmpico F\u00e9lix S\u00e1nchez de Santo Domingo.<\/span><\/p>\n<h6> 2009-08-03 13:59:25 <\/h6>\n<p><!--\n<link rel=\"stylesheet\" href=\"css\/bootstrap.min.css\">\n\n\n<ul class=\"pagination\">\n\t    \n\t\n\n<li >\n\t<a href='?page_no=21437'>Previous<\/a>\n\t<\/li>\n\n\n       \n    \n\n<li><a href='?page_no=1'>1<\/a><\/li>\n\n\n\n<li><a href='?page_no=2'>2<\/a><\/li>\n\n\n\n<li><a>...<\/a><\/li>\n\n\n\n<li><a href='?page_no=21436'>21436<\/a><\/li>\n\n\n\n<li><a href='?page_no=21437'>21437<\/a><\/li>\n\n\n\n<li class='active'><a>21438<\/a><\/li>\n\n\n\n<li><a href='?page_no=21439'>21439<\/a><\/li>\n\n\n\n<li><a href='?page_no=21440'>21440<\/a><\/li>\n\n\n\n<li><a>...<\/a><\/li>\n\n\n\n<li><a href='?page_no=22911'>22911<\/a><\/li>\n\n\n\n<li><a href='?page_no=22912'>22912<\/a><\/li>\n\n    \n\t\n\n<li >\n\t<a href='?page_no=21439'>Next<\/a>\n\t<\/li>\n\n\n    \n\n<li><a href='?page_no=22912'>Last &rsaquo;&rsaquo;<\/a><\/li>\n\n<\/ul>\n\n\n--><br \/>\n<\/body><\/p>\n","protected":false},"excerpt":{"rendered":"<p>Inspirado en el deseo de los organizadores del Festival Idolos Latinos que se llevar\u00e1 a cabo el pr\u00f3ximo 29 de agosto en el Estadio Ol\u00edmpico F\u00e9lix S\u00e1nchez, de ofrecer al p\u00fablico una actividad sana, segura y sobre todo divertida, la empresa EME Productions no ha escatimado esfuerzos en adquirir lo necesario para que el mismo [&hellip;]<\/p>\n","protected":false},"author":3,"featured_media":0,"comment_status":"open","ping_status":"open","sticky":false,"template":"","format":"standard","meta":{"footnotes":""},"categories":[21],"tags":[],"class_list":["post-69760","post","type-post","status-publish","format-standard","hentry","category-cultura"],"_links":{"self":[{"href":"https:\/\/diariodominicano.com\/index.php?rest_route=\/wp\/v2\/posts\/69760","targetHints":{"allow":["GET"]}}],"collection":[{"href":"https:\/\/diariodominicano.com\/index.php?rest_route=\/wp\/v2\/posts"}],"about":[{"href":"https:\/\/diariodominicano.com\/index.php?rest_route=\/wp\/v2\/types\/post"}],"author":[{"embeddable":true,"href":"https:\/\/diariodominicano.com\/index.php?rest_route=\/wp\/v2\/users\/3"}],"replies":[{"embeddable":true,"href":"https:\/\/diariodominicano.com\/index.php?rest_route=%2Fwp%2Fv2%2Fcomments&post=69760"}],"version-history":[{"count":0,"href":"https:\/\/diariodominicano.com\/index.php?rest_route=\/wp\/v2\/posts\/69760\/revisions"}],"wp:attachment":[{"href":"https:\/\/diariodominicano.com\/index.php?rest_route=%2Fwp%2Fv2%2Fmedia&parent=69760"}],"wp:term":[{"taxonomy":"category","embeddable":true,"href":"https:\/\/diariodominicano.com\/index.php?rest_route=%2Fwp%2Fv2%2Fcategories&post=69760"},{"taxonomy":"post_tag","embeddable":true,"href":"https:\/\/diariodominicano.com\/index.php?rest_route=%2Fwp%2Fv2%2Ftags&post=69760"}],"curies":[{"name":"wp","href":"https:\/\/api.w.org\/{rel}","templated":true}]}}