{"id":69759,"date":"2009-08-03T15:40:47","date_gmt":"2009-08-03T15:40:47","guid":{"rendered":"http:\/\/diariodominicano.ddns.net\/?p=69759"},"modified":"2009-08-03T15:40:47","modified_gmt":"2009-08-03T15:40:47","slug":"jade-cafe-restaurant-lounge-inaugura-sus-noches-con-la-percusion-de-giuseppe-pedriglieri","status":"publish","type":"post","link":"https:\/\/diariodominicano.com\/?p=69759","title":{"rendered":"Jade Caf\u00e9 Restaurant &amp; Lounge inaugura sus noches Con la percusion de Giuseppe Pedriglieri"},"content":{"rendered":"<p><body><\/p>\n<p><img decoding=\"async\" src=\"http:\/\/localhost:8080\/img3\/jade.jpg\" \/>  <\/p>\n<p><span class=\"text1noticias\">En una noche refrescante y r\u00edtmica el Restaurante &amp; Lounge Jade Caf\u00e9, reabri\u00f3 sus puertas al p\u00fablico de gusto nocturno para el disfrute de buena m\u00fasica, comida y un excelente servicio. La maestr\u00eda de ceremonia estuvo a cargo de Diana Filpo y amenizda con la m\u00fasica de Dj Elvin que hizo que los corazones vibraran  junto al ritmo energizante de la percusi\u00f3n del dominico italiano Giuseppe Pedriglieri, quien se adue\u00f1o de la noche con un estilo musical \u00fanico, entre lo contempor\u00e1neo y lo comercial  logrando mezclar  el Jazz, Funk, Merengue y Bachata, adem\u00e1s de navegar por ritmos Brasile\u00f1os, Antillanos, Afrocubanos, fusiones y recientemente con ritmos electr\u00f3nicos como el Dance, House, Electro, Tribal, Minimal, Alternative.<\/span><\/p>\n<\/p>\n<p><span class=\"text1noticias\">Pedriglieri, realizo su lanzamiento como solista en este magn\u00edfico lugar, despu\u00e9s de haber colaborado con artistas como Issa Gadala, Tes-A-T, \u00c1ngel Bellido, Jos\u00e9 Marmolejos, Karen Grupo Negros y Wason Brazob\u00e1n, con quienes se present\u00f3 en importantes escenarios nacionales e internacionales como Altos de Chav\u00f3n, Carnegie Hall de Nueva York, United Palace, Madison Square Garden y Shea Stadium. El percusionista deleito a los invitados toda la noche con un repertorio que recorri\u00f3 todos los ritmos caribe\u00f1os y electr\u00f3nicos logrando crear un ambiente acogedor y din\u00e1mico.  <\/span><\/p>\n<\/p>\n<p><span class=\"text1noticias\">Entre buena m\u00fasica, amigos, el excelente servicio y atenciones del personal de Jade Caf\u00e9, los presentes disfrutaron de una noche m\u00e1gica en donde los afanes de la rutina diaria se quedaron sin espacio. Adem\u00e1s se dieron cita importantes personalidades de la m\u00fasica como el compositor, arreglista y director musical Pachy Carrasco y el productor art\u00edstico Cheito Martinez quienes acudieron a dar su apoyo y a la vez disfrutar de la magnifica presentaci\u00f3n de Giuseppe Pedriglieri. <\/span><\/p>\n<\/p>\n<p><span class=\"text1noticias\">La reapertura de este local en horario nocturno surge con el objetivo de brindar a su clientela un espacio relajante y diferente para salir de la rutina y propiciar un ambiente para compartir. Como parte de su propuesta para las noches, los propietarios de Jade Caf\u00e9 presentan una oferta refrescante y armoniosa donde se ofrecer\u00e1n servicios de comida tanto a la carta como a la parrilla. <\/span><\/p>\n<\/p>\n<p><span class=\"text1noticias\">Jade Caf\u00e9 abri\u00f3 sus puertas hace m\u00e1s de dos a\u00f1os ofreciendo al publico una oferta gastron\u00f3mica china e internacional, con los mejores precios y sobre todo un ambiente relajado y acogedor que resulta propicio para todo tipo de actividades, ya sea que se est\u00e9 solo, en pareja o con toda la familia.<\/span><\/p>\n<\/p>\n<p><span class=\"text1noticias\">Ven a disfrutar de este establecimiento de lunes a mi\u00e9rcoles de 11:00AM a 05:00 PM y de jueves a domingo de 12:00 M  la medianoche, ofreciendo un servicio de bufete todo incluido con un costo de RD$326.00 y los domingos ofrecen como extra las carnes a la parrilla y a la plancha. El local est\u00e1 disponible para todo tipo de celebraciones, ya que cuenta con espacios al aire libre y cerrado para cumplea\u00f1os, baby showers, bodas, reuniones, conferencias y entre otros.<\/span><\/p>\n<h6> 2009-08-03 15:40:47 <\/h6>\n<p><!--\n<link rel=\"stylesheet\" href=\"css\/bootstrap.min.css\">\n\n\n<ul class=\"pagination\">\n\t    \n\t\n\n<li >\n\t<a href='?page_no=21436'>Previous<\/a>\n\t<\/li>\n\n\n       \n    \n\n<li><a href='?page_no=1'>1<\/a><\/li>\n\n\n\n<li><a href='?page_no=2'>2<\/a><\/li>\n\n\n\n<li><a>...<\/a><\/li>\n\n\n\n<li><a href='?page_no=21435'>21435<\/a><\/li>\n\n\n\n<li><a href='?page_no=21436'>21436<\/a><\/li>\n\n\n\n<li class='active'><a>21437<\/a><\/li>\n\n\n\n<li><a href='?page_no=21438'>21438<\/a><\/li>\n\n\n\n<li><a href='?page_no=21439'>21439<\/a><\/li>\n\n\n\n<li><a>...<\/a><\/li>\n\n\n\n<li><a href='?page_no=22911'>22911<\/a><\/li>\n\n\n\n<li><a href='?page_no=22912'>22912<\/a><\/li>\n\n    \n\t\n\n<li >\n\t<a href='?page_no=21438'>Next<\/a>\n\t<\/li>\n\n\n    \n\n<li><a href='?page_no=22912'>Last &rsaquo;&rsaquo;<\/a><\/li>\n\n<\/ul>\n\n\n--><br \/>\n<\/body><\/p>\n","protected":false},"excerpt":{"rendered":"<p>En una noche refrescante y r\u00edtmica el Restaurante &amp; Lounge Jade Caf\u00e9, reabri\u00f3 sus puertas al p\u00fablico de gusto nocturno para el disfrute de buena m\u00fasica, comida y un excelente servicio. La maestr\u00eda de ceremonia estuvo a cargo de Diana Filpo y amenizda con la m\u00fasica de Dj Elvin que hizo que los corazones vibraran [&hellip;]<\/p>\n","protected":false},"author":3,"featured_media":0,"comment_status":"open","ping_status":"open","sticky":false,"template":"","format":"standard","meta":{"footnotes":""},"categories":[21],"tags":[],"class_list":["post-69759","post","type-post","status-publish","format-standard","hentry","category-cultura"],"_links":{"self":[{"href":"https:\/\/diariodominicano.com\/index.php?rest_route=\/wp\/v2\/posts\/69759","targetHints":{"allow":["GET"]}}],"collection":[{"href":"https:\/\/diariodominicano.com\/index.php?rest_route=\/wp\/v2\/posts"}],"about":[{"href":"https:\/\/diariodominicano.com\/index.php?rest_route=\/wp\/v2\/types\/post"}],"author":[{"embeddable":true,"href":"https:\/\/diariodominicano.com\/index.php?rest_route=\/wp\/v2\/users\/3"}],"replies":[{"embeddable":true,"href":"https:\/\/diariodominicano.com\/index.php?rest_route=%2Fwp%2Fv2%2Fcomments&post=69759"}],"version-history":[{"count":0,"href":"https:\/\/diariodominicano.com\/index.php?rest_route=\/wp\/v2\/posts\/69759\/revisions"}],"wp:attachment":[{"href":"https:\/\/diariodominicano.com\/index.php?rest_route=%2Fwp%2Fv2%2Fmedia&parent=69759"}],"wp:term":[{"taxonomy":"category","embeddable":true,"href":"https:\/\/diariodominicano.com\/index.php?rest_route=%2Fwp%2Fv2%2Fcategories&post=69759"},{"taxonomy":"post_tag","embeddable":true,"href":"https:\/\/diariodominicano.com\/index.php?rest_route=%2Fwp%2Fv2%2Ftags&post=69759"}],"curies":[{"name":"wp","href":"https:\/\/api.w.org\/{rel}","templated":true}]}}