{"id":69754,"date":"2009-08-04T14:45:16","date_gmt":"2009-08-04T14:45:16","guid":{"rendered":"http:\/\/diariodominicano.ddns.net\/?p=69754"},"modified":"2009-08-04T14:45:16","modified_gmt":"2009-08-04T14:45:16","slug":"este-sabado-8-de-agosto-el-reinado-dominicano-de-rockland","status":"publish","type":"post","link":"https:\/\/diariodominicano.com\/?p=69754","title":{"rendered":"Este S\u00e1bado 8 de Agosto El Reinado Dominicano de Rockland"},"content":{"rendered":"<p><body><\/p>\n<p><img decoding=\"async\" src=\"img3\/mode.jpg\" \/>  <\/p>\n<p><span class=\"text1noticias\">Por: Arismendy Mart\u00ednez (arma-pumer@hotmail.com)<\/span><\/p>\n<p><span class=\"text1noticias\"> <\/span><\/p>\n<p><span class=\"text1noticias\">HAVERSTRAW.- Los miembros del Comit\u00e9 Organizador del desfile y festival dominicano del condado de Rockland, han puesto en marcha las actividades propias de este evento; el cual es esperado con mucha expectativa por parte de los residentes en el referido condado, dado las atracciones que en mismo se presentan. Desde ya un total de Ocho jovencitas vienen recibiendo los debidos entrenamientos para tratar de alcanzar a ser una de ellas, la pr\u00f3xima reina de los dominicanos residentes en este condado. <\/span><\/p>\n<\/p>\n<p><span class=\"text1noticias\">Estas jovencitas son de ascendencia dominicana, como estipulan las reglas del concurso y tanto ellas como sus padres, provienen de alguna ciudad de la Rep\u00fablica Dominicana. Estas jovencitas responden a los nombres de VICTORIA DALY, JENNIFER HILARIO, YANERY ROSARIO, ESMERALDA POLANCO, ISSAMAR NU\u00d1EZ, IVIANNA BENCOSME, MEDERNERIS MARTINEZ, MILCI ABREU, y de acuerdo a las personas que tienen a su cargo la preparaci\u00f3n de las mismas, en esta oportunidad los miembros del jurado, tendr\u00e1n que trabajar arduamente, como lo han hecho en las anteriores ocasiones, debido a la capacidad y belleza de las concursantes. De acuerdo a los organizadores de este evento, encabezados <\/span><\/p>\n<p><span class=\"text1noticias\">por la se\u00f1ora Julia Ure\u00f1a, tres son las cualidades a tomar en consideraci\u00f3n por los miembros del jurado escogido, para elegir la pr\u00f3xima reina; conocimiento general de la cultura de su pa\u00eds, comportamiento dentro de las actividades comunitarias y desenvolvimiento en pasarela. Algo muy importante es el dominio del idioma espa\u00f1ol y sobre todo, la identificaci\u00f3n cultural de cada joven concursante en este evento. De acuerdo a los informes ofrecidos sobre la organizaci\u00f3n del desfile y festival dominicano, desde ya se est\u00e1n haciendo los contactos debido con las empresas, organizaciones y gobiernos locales, recabando la cooperaci\u00f3n de los mismos para que s ea una hermosa realidad este tradicional evento cultural, que como cada a\u00f1o se desarrollar\u00e1 en los terrenos aleda\u00f1os a la escuela intermedia de la localidad. Para el 8 de agosto est\u00e1 programada la escogencia de la pr\u00f3xima reina dominicana y para el domingo 23 de ese mismo mes, se celebrar\u00e1 el desfile y festival dominicano. <\/span><\/p>\n<\/p>\n<p><span class=\"text1noticias\">Los trabajos est\u00e1n en marcha y los organizadores dicen hacer un llamado a la comunidad a brindar su apoyo desde ya a las actividades que se organicen en beneficio de este tan esperado evento comunitario. Siempre habr\u00e1 en el ambiente la interrogante de qui\u00e9n ser\u00e1 la pr\u00f3xima reina dominicana que llevar\u00e1 en su cabeza la corona que la identificar\u00e1 como la soberana de los dominicanos residentes en el condado de Rockland.<\/span><\/p>\n<\/p>\n<p><span class=\"text1noticias\">Para informaci\u00f3n,  puede llamar al Sr. Ram\u00f3n Soto al 845-406-1969.<\/span><\/p>\n<h6> 2009-08-04 14:45:16 <\/h6>\n<p><!--\n<link rel=\"stylesheet\" href=\"css\/bootstrap.min.css\">\n\n\n<ul class=\"pagination\">\n\t    \n\t\n\n<li >\n\t<a href='?page_no=21431'>Previous<\/a>\n\t<\/li>\n\n\n       \n    \n\n<li><a href='?page_no=1'>1<\/a><\/li>\n\n\n\n<li><a href='?page_no=2'>2<\/a><\/li>\n\n\n\n<li><a>...<\/a><\/li>\n\n\n\n<li><a href='?page_no=21430'>21430<\/a><\/li>\n\n\n\n<li><a href='?page_no=21431'>21431<\/a><\/li>\n\n\n\n<li class='active'><a>21432<\/a><\/li>\n\n\n\n<li><a href='?page_no=21433'>21433<\/a><\/li>\n\n\n\n<li><a href='?page_no=21434'>21434<\/a><\/li>\n\n\n\n<li><a>...<\/a><\/li>\n\n\n\n<li><a href='?page_no=22911'>22911<\/a><\/li>\n\n\n\n<li><a href='?page_no=22912'>22912<\/a><\/li>\n\n    \n\t\n\n<li >\n\t<a href='?page_no=21433'>Next<\/a>\n\t<\/li>\n\n\n    \n\n<li><a href='?page_no=22912'>Last &rsaquo;&rsaquo;<\/a><\/li>\n\n<\/ul>\n\n\n--><br \/>\n<\/body><\/p>\n","protected":false},"excerpt":{"rendered":"<p>Por: Arismendy Mart\u00ednez (arma-pumer@hotmail.com) HAVERSTRAW.- Los miembros del Comit\u00e9 Organizador del desfile y festival dominicano del condado de Rockland, han puesto en marcha las actividades propias de este evento; el cual es esperado con mucha expectativa por parte de los residentes en el referido condado, dado las atracciones que en mismo se presentan. Desde ya [&hellip;]<\/p>\n","protected":false},"author":3,"featured_media":0,"comment_status":"open","ping_status":"open","sticky":false,"template":"","format":"standard","meta":{"footnotes":""},"categories":[21],"tags":[],"class_list":["post-69754","post","type-post","status-publish","format-standard","hentry","category-cultura"],"_links":{"self":[{"href":"https:\/\/diariodominicano.com\/index.php?rest_route=\/wp\/v2\/posts\/69754","targetHints":{"allow":["GET"]}}],"collection":[{"href":"https:\/\/diariodominicano.com\/index.php?rest_route=\/wp\/v2\/posts"}],"about":[{"href":"https:\/\/diariodominicano.com\/index.php?rest_route=\/wp\/v2\/types\/post"}],"author":[{"embeddable":true,"href":"https:\/\/diariodominicano.com\/index.php?rest_route=\/wp\/v2\/users\/3"}],"replies":[{"embeddable":true,"href":"https:\/\/diariodominicano.com\/index.php?rest_route=%2Fwp%2Fv2%2Fcomments&post=69754"}],"version-history":[{"count":0,"href":"https:\/\/diariodominicano.com\/index.php?rest_route=\/wp\/v2\/posts\/69754\/revisions"}],"wp:attachment":[{"href":"https:\/\/diariodominicano.com\/index.php?rest_route=%2Fwp%2Fv2%2Fmedia&parent=69754"}],"wp:term":[{"taxonomy":"category","embeddable":true,"href":"https:\/\/diariodominicano.com\/index.php?rest_route=%2Fwp%2Fv2%2Fcategories&post=69754"},{"taxonomy":"post_tag","embeddable":true,"href":"https:\/\/diariodominicano.com\/index.php?rest_route=%2Fwp%2Fv2%2Ftags&post=69754"}],"curies":[{"name":"wp","href":"https:\/\/api.w.org\/{rel}","templated":true}]}}