{"id":69751,"date":"2009-08-04T18:11:41","date_gmt":"2009-08-04T18:11:41","guid":{"rendered":"http:\/\/diariodominicano.ddns.net\/?p=69751"},"modified":"2009-08-04T18:11:41","modified_gmt":"2009-08-04T18:11:41","slug":"vuelve-a-santo-domingo-arte-de-incertidumbre","status":"publish","type":"post","link":"https:\/\/diariodominicano.com\/?p=69751","title":{"rendered":"Vuelve a Santo Domingo Arte de Incertidumbre"},"content":{"rendered":"<p><body><\/p>\n<p><img decoding=\"async\" src=\"img3\/arte.jpg\" \/>  <\/p>\n<p><span class=\"text1noticias\">SANTO DOMINGO. A partir de est\u00e9 pr\u00f3ximo s\u00e1bado 8 de agosto se presentar\u00e1 en Estampas Las Mercedes, la Quinta Dominica y el Palacio de Bellas Artes la muestra art\u00edstica ?Arte de Incertidumbre: Santo Domingo 09?  con la muestra de m\u00e1s de treinta artistas internacionales y dominicanos a partir de las 7:00 en anoche en las tres reconocidas galer\u00edas.<\/span><\/p>\n<\/p>\n<p><span class=\"text1noticias\">Bajo la autor\u00eda de la famosa galeristas y directora de Edge Zones Art Center, Charo Oquet, Arte de Incertidumbre es un trabajo cuidadosamente seleccionado por esta importante artista dominicana radicada en Miami, quien tiene a su cargo la curaduria de las muestras art\u00edsticas.<\/span><\/p>\n<\/p>\n<p><span class=\"text1noticias\">?Art of Uncertainty? o \u00abArte de Incertidumbre\u00bb es una propuesta art\u00edstica experimental, multidisciplinar\u00eda y participativa que procura presentar al p\u00fablico una nueva clase de actividades urbanas que ocurren cada a\u00f1o en diversas localidades culturales como museos y centros de artes, sitios no tradicionales  tales como en centro comerciales, espacios educativos, casas privadas y en diferentes pa\u00edses como Republica Dominicana, Estados Unidos, Suiza, Espa\u00f1a y Francia. Esta propuesta art\u00edstica incluir\u00e1 obra  de artistas emergentes y proyectos experimentales de  artistas establecidos, proporcionando un foro para la investigaci\u00f3n y la producci\u00f3n art\u00edstica en el contexto de hoy.<\/span><\/p>\n<\/p>\n<p><span class=\"text1noticias\">En jornada para la Rep\u00fablica Dominicana, y que ser\u00e1 presentado hasta el 19 del mismo mes, el arte contempor\u00e1neo en la que participan artistas de distintas generaciones que viven y trabajan en la Florida Se trata del proyecto titulado ?Art of Uncertainty? \u00abArte de Incertidumbre\u00bb iniciado por Charo Oquet a trav\u00e9s de Edge Zones Art Center, una de las instituciones culturales independientes de mayor actividad y reconocimiento  en la ciudad de Miami. <\/span><\/p>\n<\/p>\n<p><span class=\"text1noticias\">Este proyecto cuenta con los auspicios de Renau Anselin, Quinta Dominica, Bellas Artes, Estampa Las Mercedes, el National Endowment for the Arts de los Estados Unidos. Las actividades son totalmente gratis para todo el p\u00fablico, y auspiciado por el Candado de Miami, Departamento de Asuntos Culturales y de los comisionados del Condado de Miami-Dade.<\/span><\/p>\n<\/p>\n<p><span class=\"text1noticias\">Entre los artistas participante est\u00e1n Luise Joshnson, Gean Moreno, Marlon Barrios, Charo Oquet, Brady Robinson, Izlia Fern\u00e1ndez, Brian Reedy,|Claudia Scalice, Odalis Valdivieso, Raul Perdomo, David Rohn, Cristina Molina, Kim Mantis, Samuel Gualtieri,|Pip Brant, Maricel Ruiz, Emmy Mathis, |Francesca Lalane, |Nereida Garcia-Ferraz, Vic Mu\u00f1iz.<\/span><\/p>\n<\/p>\n<p><span class=\"text1noticias\">El Proyecto  pretende utilizar los espacios urbanos para llevar el arte a la ciudadan\u00eda y provocar una respuesta directa del p\u00fablico con el objetivo de  reparar  o restaurar  los lazos sociales  a trav\u00e9s de una elaboraci\u00f3n colectiva de sentido, raz\u00f3n y di\u00e1logo. Entre las actividades que incluye esta interesante jornada art\u00edstica destacan: instalaciones, videos, happening, intervenciones, performances y talleres educativos y de creatividad para ni\u00f1os.<\/span><\/p>\n<p><span class=\"text1noticias\"> <\/span><\/p>\n<p><span class=\"text1noticias\">Arte de Incertidumbre procura crear encuentros y foros para las discusiones sobre el trabajo art\u00edstico que rompe tradiciones. Un di\u00e1logo internacional es crucial a su desarrollo, \u00ablas obras involucran socialmente a las personas; creando nexos entre las diversas personas; revisitan pr\u00e1cticas conceptuales a partir de los a\u00f1os 60; y promueven una idea de demistificar y democr\u00e1tizar las pr\u00e1cticas de arte. Adem\u00e1s, el significado de las im\u00e1genes, los objetos, y las acciones son el centro de las obras de estos artistas y la exposici\u00f3n proporciona una oportunidad de mostrar sus progresos recientes.\u00bb Sostiene Charo Oquet, curadora, fundadora y directora ejecutiva de Edge Zones.<\/span><\/p>\n<\/p>\n<p><span class=\"text1noticias\">?Todo esto es influenciado por los movimientos hist\u00f3ricos del arte del vig\u00e9simo-siglo tales como el conceptualismo, las \u00abacciones\u00bb y los \u00absucesos,\u00bb el trabajo tambi\u00e9n refiere a aspectos de la cultura popular &#8212; televisi\u00f3n, m\u00fasica, los anuncios, &#8212; y su historia, vida urbana, y ediciones pol\u00edticas actuales, pero de visto de una nueva manera fresca. El proyecto presenta un pu\u00f1ado de las situaciones que re\u00fanen a arte y a p\u00fablico de maneras creativas con una exposici\u00f3n de las instalaciones del arte que implican sucesos.<\/span><\/p>\n<\/p>\n<p><span class=\"text1noticias\">Dentro del calendario de actividad, cabe destacar a Actividades Muestra Videos  de los artistas David Rohn |Cristina Molina | David Buob |  Homo-Sapien, en la Estampa Las Mercedes- Calle Las Mercedes 157, Santo Domingo a las 8:00 de la noche; y el  Performance ? Ere. Bistur\u00ed de los artista:  Alexey Taran ? Ganador de GUGGENHEIM FELLOWSHIP AWARD, 2007 ? 2008  Carolta Pradera, en la  Quinta Dominica,  Padre Billini \tN\u00b0 202, Ciudad Colonial.<\/span><\/p>\n<\/p>\n<p><span class=\"text1noticias\">Para el lunes 17  de agosto a las 7:00 de la noche los famosos artistas cubanos, residente en Miami Gean Moreno y Ernesto Oroza dictar\u00e1n la importante conferencia \u00abArquitectura de la Necesidad\u00bb, en la galer\u00eda Estampa Las Mercedes- Calle Las Mercedes 157, y para cerrar la semana de las artes Incertidumbre el jueves 19 de agosto la exhibici\u00f3n individual de Glexis Novoa titulado ?La Luz  Permanente-Quisqueya a las 7 de la noche.<\/span><\/p>\n<h6> 2009-08-04 18:11:41 <\/h6>\n<p><!--\n<link rel=\"stylesheet\" href=\"css\/bootstrap.min.css\">\n\n\n<ul class=\"pagination\">\n\t    \n\t\n\n<li >\n\t<a href='?page_no=21428'>Previous<\/a>\n\t<\/li>\n\n\n       \n    \n\n<li><a href='?page_no=1'>1<\/a><\/li>\n\n\n\n<li><a href='?page_no=2'>2<\/a><\/li>\n\n\n\n<li><a>...<\/a><\/li>\n\n\n\n<li><a href='?page_no=21427'>21427<\/a><\/li>\n\n\n\n<li><a href='?page_no=21428'>21428<\/a><\/li>\n\n\n\n<li class='active'><a>21429<\/a><\/li>\n\n\n\n<li><a href='?page_no=21430'>21430<\/a><\/li>\n\n\n\n<li><a href='?page_no=21431'>21431<\/a><\/li>\n\n\n\n<li><a>...<\/a><\/li>\n\n\n\n<li><a href='?page_no=22911'>22911<\/a><\/li>\n\n\n\n<li><a href='?page_no=22912'>22912<\/a><\/li>\n\n    \n\t\n\n<li >\n\t<a href='?page_no=21430'>Next<\/a>\n\t<\/li>\n\n\n    \n\n<li><a href='?page_no=22912'>Last &rsaquo;&rsaquo;<\/a><\/li>\n\n<\/ul>\n\n\n--><br \/>\n<\/body><\/p>\n","protected":false},"excerpt":{"rendered":"<p>SANTO DOMINGO. A partir de est\u00e9 pr\u00f3ximo s\u00e1bado 8 de agosto se presentar\u00e1 en Estampas Las Mercedes, la Quinta Dominica y el Palacio de Bellas Artes la muestra art\u00edstica ?Arte de Incertidumbre: Santo Domingo 09? con la muestra de m\u00e1s de treinta artistas internacionales y dominicanos a partir de las 7:00 en anoche en las [&hellip;]<\/p>\n","protected":false},"author":3,"featured_media":0,"comment_status":"open","ping_status":"open","sticky":false,"template":"","format":"standard","meta":{"footnotes":""},"categories":[21],"tags":[],"class_list":["post-69751","post","type-post","status-publish","format-standard","hentry","category-cultura"],"_links":{"self":[{"href":"https:\/\/diariodominicano.com\/index.php?rest_route=\/wp\/v2\/posts\/69751","targetHints":{"allow":["GET"]}}],"collection":[{"href":"https:\/\/diariodominicano.com\/index.php?rest_route=\/wp\/v2\/posts"}],"about":[{"href":"https:\/\/diariodominicano.com\/index.php?rest_route=\/wp\/v2\/types\/post"}],"author":[{"embeddable":true,"href":"https:\/\/diariodominicano.com\/index.php?rest_route=\/wp\/v2\/users\/3"}],"replies":[{"embeddable":true,"href":"https:\/\/diariodominicano.com\/index.php?rest_route=%2Fwp%2Fv2%2Fcomments&post=69751"}],"version-history":[{"count":0,"href":"https:\/\/diariodominicano.com\/index.php?rest_route=\/wp\/v2\/posts\/69751\/revisions"}],"wp:attachment":[{"href":"https:\/\/diariodominicano.com\/index.php?rest_route=%2Fwp%2Fv2%2Fmedia&parent=69751"}],"wp:term":[{"taxonomy":"category","embeddable":true,"href":"https:\/\/diariodominicano.com\/index.php?rest_route=%2Fwp%2Fv2%2Fcategories&post=69751"},{"taxonomy":"post_tag","embeddable":true,"href":"https:\/\/diariodominicano.com\/index.php?rest_route=%2Fwp%2Fv2%2Ftags&post=69751"}],"curies":[{"name":"wp","href":"https:\/\/api.w.org\/{rel}","templated":true}]}}