{"id":69749,"date":"2009-08-04T21:41:30","date_gmt":"2009-08-04T21:41:30","guid":{"rendered":"http:\/\/diariodominicano.ddns.net\/?p=69749"},"modified":"2009-08-04T21:41:30","modified_gmt":"2009-08-04T21:41:30","slug":"festival-de-teatro-infantil-titere-fue","status":"publish","type":"post","link":"https:\/\/diariodominicano.com\/?p=69749","title":{"rendered":"Festival de teatro infantil \u00a1\u00a1\u00a1T\u00edtere fue!!!"},"content":{"rendered":"<p><body><\/p>\n<p><img decoding=\"async\" src=\"img3\/tite.jpg\" \/>  <\/p>\n<p><span class=\"text1noticias\">Del 8 al 29 de agosto de 2009 a las 6 pm<\/span><\/p>\n<\/p>\n<p><span class=\"text1noticias\">El CCE les invita a disfrutar en familia del festival de teatro infantil \u00a1\u00a1\u00a1T\u00edtere fue!!!, con la participaci\u00f3n de 6 de las compa\u00f1\u00edas de teatro dominicanas infantiles: Teatro Sonrisitas, Teatro Capuch\u00edn, Teatro Luna, Teatro Gayumba y Teatro Papalote.<\/span><\/p>\n<\/p>\n<p><span class=\"text1noticias\">Basados en la imagen y en los t\u00edteres, estas compa\u00f1\u00edas teatrales infantiles proponen llevar un mensaje a trav\u00e9s de la diversi\u00f3n y la fantas\u00eda. <\/span><\/p>\n<\/p>\n<p><span class=\"text1noticias\">El Centro Cultural de Espa\u00f1a, tiene como objetivo ofrecer una atractiva programaci\u00f3n   para la familia dominicana en este verano 2009  donde hablan presentaciones en vivo  talles para ni\u00f1os y ni\u00f1as  entre las edades de 8 a 14 a\u00f1os     <\/span><\/p>\n<\/p>\n<p><span class=\"text1noticias\">Los talleres creativos para ni\u00f1os son totalmente gratuitos,  al igual que todas nuestras actividades. <\/span><\/p>\n<p><span class=\"text1noticias\">Taller de t\u00edteres planos a cargo de \u00c1ngel Mariano  y el taller creativo impartido por Kilia Llano, trabajar\u00e1 con ni\u00f1os y ni\u00f1as de edades comprendidas entre los 8 y los 14 a\u00f1os, el tema del reciclaje y el cuidado del medio ambiente, la responsabilidad social que todos tenemos como ciudadanos de cuidar nuestro entorno y qu\u00e9 har\u00edan ellos para preservar este mundo que nos rodea. <\/span><\/p>\n<\/p>\n<p><span class=\"text1noticias\">Este culminara  con la inauguraci\u00f3n de una exposici\u00f3n el sabado 22 de agosto  a las 4 pm  con el resultado de los trabajo  realizado por los ni\u00f1os participantes.    <\/span><\/p>\n<p><span class=\"text1noticias\">La programaci\u00f3n del teatro infantil inicia con la participaci\u00f3n  el d\u00eda  8 de Agosto  a la 5:00 pm EL CAMAR\u00d3N ENCANTADO del  Grupo de Teatro Sonrisitas con las actuaciones y direcci\u00f3n de Dulce Elvira de los Santos y Ernesto L\u00f3pez Dramaturgia: Teresita Jim\u00e9nez<\/span><\/p>\n<\/p>\n<p><span class=\"text1noticias\">15 de agosto  a la 5:00 pm LA LENTE MARAVILLOSA  del grupo de teatro Capuch\u00edn con  las actuaciones de Katy B\u00e1ez y Elsa Liranzo  y la direcci\u00f3n y dramaturgia: Elsa Liranzo<\/span><\/p>\n<p><span class=\"text1noticias\">LA CAPERUCITA Y EL LOBO del  Grupo Teatro Luna  con las actuaciones Fausto Grull\u00f3n y Tania Calder\u00f3n y la direcci\u00f3n de Fausto Grull\u00f3n<\/span><\/p>\n<\/p>\n<p><span class=\"text1noticias\">22 de agosto 5:00 pm JUAN BOBO Y EL SECRETO DE LA PRINCESA  del grupo de Teatro Gayumba con la  actuaciones de  Nives Santana y Manuel Chapuseaux y la direcci\u00f3n y dramaturgia de Manuel Chapuseaux<\/span><\/p>\n<\/p>\n<p><span class=\"text1noticias\">LA VALENT\u00cdA DE CONSUSTO del grupo Teatro Papalote actuaciones de Karina Ubi\u00f1as, Gina Marte y Karina Guerra  y la direcci\u00f3n de Karina Ubi\u00f1as<\/span><\/p>\n<p><span class=\"text1noticias\"> <\/span><\/p>\n<p><span class=\"text1noticias\">29 de agosto 5:00 pm  AY PAP\u00c1, NO ME DES del grupo de Teatro Sonrisitas Actuaci\u00f3n y direcci\u00f3n de  Dulce Elvira de los Santos y Ernesto L\u00f3pez Autor Reynaldo Disla<\/span><\/p>\n<p><span class=\"text1noticias\"> ENTRADA LIBRE<\/span><\/p>\n<h6> 2009-08-04 21:41:30 <\/h6>\n<p><!--\n<link rel=\"stylesheet\" href=\"css\/bootstrap.min.css\">\n\n\n<ul class=\"pagination\">\n\t    \n\t\n\n<li >\n\t<a href='?page_no=21426'>Previous<\/a>\n\t<\/li>\n\n\n       \n    \n\n<li><a href='?page_no=1'>1<\/a><\/li>\n\n\n\n<li><a href='?page_no=2'>2<\/a><\/li>\n\n\n\n<li><a>...<\/a><\/li>\n\n\n\n<li><a href='?page_no=21425'>21425<\/a><\/li>\n\n\n\n<li><a href='?page_no=21426'>21426<\/a><\/li>\n\n\n\n<li class='active'><a>21427<\/a><\/li>\n\n\n\n<li><a href='?page_no=21428'>21428<\/a><\/li>\n\n\n\n<li><a href='?page_no=21429'>21429<\/a><\/li>\n\n\n\n<li><a>...<\/a><\/li>\n\n\n\n<li><a href='?page_no=22911'>22911<\/a><\/li>\n\n\n\n<li><a href='?page_no=22912'>22912<\/a><\/li>\n\n    \n\t\n\n<li >\n\t<a href='?page_no=21428'>Next<\/a>\n\t<\/li>\n\n\n    \n\n<li><a href='?page_no=22912'>Last &rsaquo;&rsaquo;<\/a><\/li>\n\n<\/ul>\n\n\n--><br \/>\n<\/body><\/p>\n","protected":false},"excerpt":{"rendered":"<p>Del 8 al 29 de agosto de 2009 a las 6 pm El CCE les invita a disfrutar en familia del festival de teatro infantil \u00a1\u00a1\u00a1T\u00edtere fue!!!, con la participaci\u00f3n de 6 de las compa\u00f1\u00edas de teatro dominicanas infantiles: Teatro Sonrisitas, Teatro Capuch\u00edn, Teatro Luna, Teatro Gayumba y Teatro Papalote. Basados en la imagen y [&hellip;]<\/p>\n","protected":false},"author":3,"featured_media":0,"comment_status":"open","ping_status":"open","sticky":false,"template":"","format":"standard","meta":{"footnotes":""},"categories":[21],"tags":[],"class_list":["post-69749","post","type-post","status-publish","format-standard","hentry","category-cultura"],"_links":{"self":[{"href":"https:\/\/diariodominicano.com\/index.php?rest_route=\/wp\/v2\/posts\/69749","targetHints":{"allow":["GET"]}}],"collection":[{"href":"https:\/\/diariodominicano.com\/index.php?rest_route=\/wp\/v2\/posts"}],"about":[{"href":"https:\/\/diariodominicano.com\/index.php?rest_route=\/wp\/v2\/types\/post"}],"author":[{"embeddable":true,"href":"https:\/\/diariodominicano.com\/index.php?rest_route=\/wp\/v2\/users\/3"}],"replies":[{"embeddable":true,"href":"https:\/\/diariodominicano.com\/index.php?rest_route=%2Fwp%2Fv2%2Fcomments&post=69749"}],"version-history":[{"count":0,"href":"https:\/\/diariodominicano.com\/index.php?rest_route=\/wp\/v2\/posts\/69749\/revisions"}],"wp:attachment":[{"href":"https:\/\/diariodominicano.com\/index.php?rest_route=%2Fwp%2Fv2%2Fmedia&parent=69749"}],"wp:term":[{"taxonomy":"category","embeddable":true,"href":"https:\/\/diariodominicano.com\/index.php?rest_route=%2Fwp%2Fv2%2Fcategories&post=69749"},{"taxonomy":"post_tag","embeddable":true,"href":"https:\/\/diariodominicano.com\/index.php?rest_route=%2Fwp%2Fv2%2Ftags&post=69749"}],"curies":[{"name":"wp","href":"https:\/\/api.w.org\/{rel}","templated":true}]}}