{"id":69748,"date":"2009-08-05T14:35:42","date_gmt":"2009-08-05T14:35:42","guid":{"rendered":"http:\/\/diariodominicano.ddns.net\/?p=69748"},"modified":"2009-08-05T14:35:42","modified_gmt":"2009-08-05T14:35:42","slug":"director-servicio-meteorologico-de-puerto-rico-advierte-vulnerabilidad-del-caribe-a-los-tsunamis","status":"publish","type":"post","link":"https:\/\/diariodominicano.com\/?p=69748","title":{"rendered":"Director Servicio Meteorol\u00f3gico de Puerto Rico advierte vulnerabilidad del Caribe a los tsunamis"},"content":{"rendered":"<p><body><\/p>\n<p><img decoding=\"async\" src=\"img3\/exper.jpg\" \/>  <\/p>\n<p><span class=\"text1noticias\">Israel Matos plantea preparar con tecnolog\u00eda y capacitaci\u00f3n a meteor\u00f3logos de RD<\/span><\/p>\n<\/p>\n<p><span class=\"text1noticias\">SANTO DOMINGO.-El director del Servicio Meteorol\u00f3gico de Puerto Rico, doctor Israel Matos, advirti\u00f3 hoy que el Caribe es altamente vulnerable al tsunami, y adelant\u00f3 que est\u00e1 casi montado un sistema de aviso de este fen\u00f3meno que servir\u00e1 a toda la regi\u00f3n, del cual la Rep\u00fablica Dominicana forma parte.<\/span><\/p>\n<\/p>\n<p><span class=\"text1noticias\">Matos hizo el planteamiento en una exposici\u00f3n en el seminario ?Desaf\u00edos de Rep\u00fablica Dominicana  frente al cambio clim\u00e1tico que se celebr\u00f3 en la Fundaci\u00f3n Global, Democracia y Desarrollo (FUNGLODE), con los auspicios de esta instituci\u00f3n, el Consejo Nacional para el Cambio Clim\u00e1tico y Mecanismo de Desarrollo Limpio, la secretar\u00eda de Estado de Medio Ambiente (SEMARENA) y el Instituto Dominicano de las Telecomunicaciones (Indotel).<\/span><\/p>\n<\/p>\n<p><span class=\"text1noticias\">?Estamos trabajando en el establecimiento del sistema de aviso de tsunami para todo el Caribe, y la Rep\u00fablica Dominicana es miembro de ese sistema?, expres\u00f3 el doctor Matos, quien se\u00f1al\u00f3  que representa a Estados Unidos en la nueva entidad regional. Agreg\u00f3 que es vicepresidente de este nuevo organismo que se ha estado instalando en los \u00faltimos tres a cuatro a\u00f1os.<\/span><\/p>\n<\/p>\n<p><span class=\"text1noticias\">El experto se pregunto por qu\u00e9 la prevenci\u00f3n del tsunami, y a seguidas explic\u00f3 que eso se debe a que la regi\u00f3n del Caribe tiene una vulnerabilidad grand\u00edsima en cuanto a este fen\u00f3meno. Refiri\u00f3 que en 1755 ocurri\u00f3 un tsunami en Portugal y las olas llegaron al Caribe con unos seis pies, unos dos metros de altura, en algunas de las islitas. <\/span><\/p>\n<\/p>\n<p><span class=\"text1noticias\">Advirti\u00f3 tambi\u00e9n sobre los eventos peque\u00f1os pero significativos, como las inundaciones repentinas y frecuentes, que son, a su juicio, las acciones donde m\u00e1s vidas se pierden, y aunque no parecen que tienen grandes impactos, en las evaluaciones de los expertos se encuentra que son muy da\u00f1inos.<\/span><\/p>\n<\/p>\n<p><span class=\"text1noticias\">Precis\u00f3 que se ha aumentado la vulnerabilidad en la regi\u00f3n porque la poblaci\u00f3n ha aumentado y  ?la gente quiere estar cerca de las playas, quieren vivir en el mar y cuando el mar le llega a la casa entonces se queja?.<\/span><\/p>\n<\/p>\n<p><span class=\"text1noticias\">Periodistas socios de meteor\u00f3logos<\/span><\/p>\n<\/p>\n<p><span class=\"text1noticias\">Por otra parte, el doctor Matos consider\u00f3 a los medios de comunicaci\u00f3n como los mejores socios de los meteor\u00f3logos porque seg\u00fan afirma, son los que comunican la informaci\u00f3n directamente al p\u00fablico, sin pasar por ning\u00fan proceso que pueda convertir en rumores el informe meteorol\u00f3gico.<\/span><\/p>\n<\/p>\n<p><span class=\"text1noticias\">?Por eso los medios tienen que estar del lado nuestro?, enfatiz\u00f3 el especialista puertorrique\u00f1o, quien indic\u00f3, empero, que si hay alg\u00fan inconveniente con un medio, porque siempre algunos critican, pero que entiende son los menos porque la mayor\u00eda de los periodistas est\u00e1 a favor del servicio meteorol\u00f3gico, porque dijo ?se ha cultivado esa credibilidad y esa relaci\u00f3n con ellos?.<\/span><\/p>\n<\/p>\n<p><span class=\"text1noticias\">Manifest\u00f3 la necesidad de que los servicios meteorol\u00f3gicos realicen sus planes de respuestas a los eventos antes de que ocurran los fen\u00f3menos, ya que seg\u00fan precis\u00f3, en el momento de la emergencia los departamentos de Meteorolog\u00eda o de contingencia no pueden estar desarrollando otros tipos de actividades, porque ser\u00eda ?crear una emergencia dentro de la emergencia?.<\/span><\/p>\n<\/p>\n<p><span class=\"text1noticias\">Insisti\u00f3 que los planes de c\u00f3mo responder ante los fen\u00f3menos debe hacerse previo al evento, precisando que la parte preventiva es importante porque en materia de huracanes se le gana la batalla fuera de temporada con medidas de educaci\u00f3n a la poblaci\u00f3n.<\/span><\/p>\n<\/p>\n<p><span class=\"text1noticias\">Indic\u00f3 que debido a esas premisas el Servicio Meteorol\u00f3gico de Puerto Rico trabaja en la parte de educaci\u00f3n a la poblaci\u00f3n, como forma de que esta sepa c\u00f3mo interpretar la informaci\u00f3n que da ese organismo.<\/span><\/p>\n<\/p>\n<p><span class=\"text1noticias\">Pide apoyar Meteorolog\u00eda de RD <\/span><\/p>\n<\/p>\n<p><span class=\"text1noticias\">Asimismo, el doctor Matos consider\u00f3 importante fortalecer los servicios meteorol\u00f3gicos de Rep\u00fablica Dominicana mediante la adquisici\u00f3n de nuevas tecnolog\u00edas y la capacitaci\u00f3n de los meteor\u00f3logos para que manejen las nuevas t\u00e9cnicas predictivas.<\/span><\/p>\n<\/p>\n<p><span class=\"text1noticias\">En su exposici\u00f3n el experto puertorrique\u00f1o recomend\u00f3 usar en el pa\u00eds el documento TP42 que se refiere a los informes clim\u00e1ticos en la regi\u00f3n, que seg\u00fan explic\u00f3 es el que usa el Banco Mundial para aprobar pr\u00e9stamos para dise\u00f1os y planes de estructuras. Agreg\u00f3 que ese documento tiene aplicabilidad en toda la regi\u00f3n e incluso en Rep\u00fablica Dominicana y Puerto Rico, por lo que pidi\u00f3 su uso por parte de los ingenieros dominicanos.<\/span><\/p>\n<\/p>\n<p><span class=\"text1noticias\">Se\u00f1al\u00f3 que el documento que usan los ingenieros dominicanos ahora sobreestima el dise\u00f1o y, por tanto, estos profesionales est\u00e1n en algunos sitios sobre dise\u00f1ando las estructuras.<\/span><\/p>\n<\/p>\n<p><span class=\"text1noticias\">Por otra parte, el doctor Matos consider\u00f3 que los fen\u00f3menos de sequ\u00edas y lluvias son ahora m\u00e1s frecuentes en la regi\u00f3n, lo que atribuy\u00f3 al calentamiento global y el cambio clim\u00e1tico que causan, especialmente, las inundaciones y los eventos de lluvias intensas. <\/span><\/p>\n<\/p>\n<p><span class=\"text1noticias\">Huracanes m\u00e1s intenso<\/span><\/p>\n<\/p>\n<p><span class=\"text1noticias\">Narr\u00f3 que cuando se producen estas lluvias intensas \u00e9stas llegan a terrenos saturados y se va a escorrent\u00eda que en muchas ocasiones genera inundaciones aguas abajo.<\/span><\/p>\n<\/p>\n<p><span class=\"text1noticias\">Explic\u00f3 que un metro c\u00fabico de agua pesa  alrededor de una tonelada, por lo que millones c\u00fabicos de agua son absorbidos por el terreno, dando lugar a deslizamientos como ocurri\u00f3 en Carlos D\u00edaz de Sanchez, despu\u00e9s de varios d\u00edas de lluvias intensas. <\/span><\/p>\n<\/p>\n<p><span class=\"text1noticias\">Precis\u00f3 que este fen\u00f3meno de las lluvias intensas son los que tambi\u00e9n est\u00e1n provocando ?derrumbes en las laderas de las monta\u00f1as? en el pa\u00eds.<\/span><\/p>\n<\/p>\n<p><span class=\"text1noticias\">El director de Meteorolog\u00eda de Puerto Rico advirti\u00f3 igualmente que desde 1995 las datas registran huracanes m\u00e1s intensos en la regi\u00f3n del Caribe, aunque seg\u00fan dijo, la cantidad es m\u00e1s o menos la misma, aunque se crea lo contrario.<\/span><\/p>\n<\/p>\n<p><span class=\"text1noticias\">El doctor Matos sostuvo que todav\u00eda no se ha precisado las causas de esos fen\u00f3menos, pero  que hay muchos cient\u00edficos con ideas encontradas sobre este fen\u00f3meno, por lo que vaticina que los debates continuaran en las pr\u00f3ximas d\u00e9cadas.<\/span><\/p>\n<\/p>\n<p><span class=\"text1noticias\">En la actividad intervinieron adem\u00e1s, el doctor Rafael M\u00e9ndez Tejeda, dominicano, director del Laboratorio de Ciencias Atmosf\u00e9ricas de la Universidad de Puerto Rico en Carolina, afiliado a la Nasa Space Grant; el director del Servicio Geol\u00f3gico de los Estados Unidos en Puerto Rico, doctor Pedro L. Ortiz,  y el investigador de la Universidad de Puerto Rico en Mayag\u00fcez, doctor Wilson Ramirez.<\/span><\/p>\n<h6> 2009-08-05 14:35:42 <\/h6>\n<p><!--\n<link rel=\"stylesheet\" href=\"css\/bootstrap.min.css\">\n\n\n<ul class=\"pagination\">\n\t    \n\t\n\n<li >\n\t<a href='?page_no=21425'>Previous<\/a>\n\t<\/li>\n\n\n       \n    \n\n<li><a href='?page_no=1'>1<\/a><\/li>\n\n\n\n<li><a href='?page_no=2'>2<\/a><\/li>\n\n\n\n<li><a>...<\/a><\/li>\n\n\n\n<li><a href='?page_no=21424'>21424<\/a><\/li>\n\n\n\n<li><a href='?page_no=21425'>21425<\/a><\/li>\n\n\n\n<li class='active'><a>21426<\/a><\/li>\n\n\n\n<li><a href='?page_no=21427'>21427<\/a><\/li>\n\n\n\n<li><a href='?page_no=21428'>21428<\/a><\/li>\n\n\n\n<li><a>...<\/a><\/li>\n\n\n\n<li><a href='?page_no=22911'>22911<\/a><\/li>\n\n\n\n<li><a href='?page_no=22912'>22912<\/a><\/li>\n\n    \n\t\n\n<li >\n\t<a href='?page_no=21427'>Next<\/a>\n\t<\/li>\n\n\n    \n\n<li><a href='?page_no=22912'>Last &rsaquo;&rsaquo;<\/a><\/li>\n\n<\/ul>\n\n\n--><br \/>\n<\/body><\/p>\n","protected":false},"excerpt":{"rendered":"<p>Israel Matos plantea preparar con tecnolog\u00eda y capacitaci\u00f3n a meteor\u00f3logos de RD SANTO DOMINGO.-El director del Servicio Meteorol\u00f3gico de Puerto Rico, doctor Israel Matos, advirti\u00f3 hoy que el Caribe es altamente vulnerable al tsunami, y adelant\u00f3 que est\u00e1 casi montado un sistema de aviso de este fen\u00f3meno que servir\u00e1 a toda la regi\u00f3n, del cual [&hellip;]<\/p>\n","protected":false},"author":3,"featured_media":0,"comment_status":"open","ping_status":"open","sticky":false,"template":"","format":"standard","meta":{"footnotes":""},"categories":[21],"tags":[],"class_list":["post-69748","post","type-post","status-publish","format-standard","hentry","category-cultura"],"_links":{"self":[{"href":"https:\/\/diariodominicano.com\/index.php?rest_route=\/wp\/v2\/posts\/69748","targetHints":{"allow":["GET"]}}],"collection":[{"href":"https:\/\/diariodominicano.com\/index.php?rest_route=\/wp\/v2\/posts"}],"about":[{"href":"https:\/\/diariodominicano.com\/index.php?rest_route=\/wp\/v2\/types\/post"}],"author":[{"embeddable":true,"href":"https:\/\/diariodominicano.com\/index.php?rest_route=\/wp\/v2\/users\/3"}],"replies":[{"embeddable":true,"href":"https:\/\/diariodominicano.com\/index.php?rest_route=%2Fwp%2Fv2%2Fcomments&post=69748"}],"version-history":[{"count":0,"href":"https:\/\/diariodominicano.com\/index.php?rest_route=\/wp\/v2\/posts\/69748\/revisions"}],"wp:attachment":[{"href":"https:\/\/diariodominicano.com\/index.php?rest_route=%2Fwp%2Fv2%2Fmedia&parent=69748"}],"wp:term":[{"taxonomy":"category","embeddable":true,"href":"https:\/\/diariodominicano.com\/index.php?rest_route=%2Fwp%2Fv2%2Fcategories&post=69748"},{"taxonomy":"post_tag","embeddable":true,"href":"https:\/\/diariodominicano.com\/index.php?rest_route=%2Fwp%2Fv2%2Ftags&post=69748"}],"curies":[{"name":"wp","href":"https:\/\/api.w.org\/{rel}","templated":true}]}}