{"id":69747,"date":"2009-08-05T14:56:37","date_gmt":"2009-08-05T14:56:37","guid":{"rendered":"http:\/\/diariodominicano.ddns.net\/?p=69747"},"modified":"2009-08-05T14:56:37","modified_gmt":"2009-08-05T14:56:37","slug":"cultura-anuncia-nuevo-horario-sala-de-arte-ramon-oviedo","status":"publish","type":"post","link":"https:\/\/diariodominicano.com\/?p=69747","title":{"rendered":"Cultura anuncia nuevo horario Sala de Arte Ram\u00f3n Oviedo"},"content":{"rendered":"<p><body><\/p>\n<p><img decoding=\"async\" src=\"img3\/logo.jpg\" \/>  <\/p>\n<p><span class=\"text1noticias\">La Sala de Arte Ram\u00f3n Oviedo de la Secretar\u00eda de Estado de Cultura, ampli\u00f3 su horario de servicio para las exposiciones y eventos con el objetivo de que un mayor n\u00famero de personas pueda disfrutar de sus actividades.<\/span><\/p>\n<p><span class=\"text1noticias\"> <\/span><\/p>\n<p><span class=\"text1noticias\">El artista pl\u00e1stico Gabino Rosario, director de la Sala de Arte Ram\u00f3n Oviedo explic\u00f3 que el nuevo horario que rige la Sala de lunes a viernes es de 8:00 de la ma\u00f1ana a 7:00 de la noche y los s\u00e1bados de 9:00 de la ma\u00f1ana a 4:00 de la tarde.<\/span><\/p>\n<p><span class=\"text1noticias\"> <\/span><\/p>\n<p><span class=\"text1noticias\">Rosario se\u00f1al\u00f3 que antes el espacio de arte s\u00f3lo estaba abierto en horario de oficina, y que ?personas interesadas en participar en muestras de pintura no pod\u00edan hacerlo porque en ese tiempo estaban laborando?.  <\/span><\/p>\n<p><span class=\"text1noticias\"> <\/span><\/p>\n<p><span class=\"text1noticias\">El artista expres\u00f3 su deseo de que en lo adelante las actividades que se realizan en la Sala de Arte Ram\u00f3n Oviedo de la Secretar\u00eda de Estado de Cultura, recibir\u00e1n m\u00e1s p\u00fablico, y m\u00e1s personas se integrar\u00e1n a las mismas.<\/span><\/p>\n<h6> 2009-08-05 14:56:37 <\/h6>\n<p><!--\n<link rel=\"stylesheet\" href=\"css\/bootstrap.min.css\">\n\n\n<ul class=\"pagination\">\n\t    \n\t\n\n<li >\n\t<a href='?page_no=21424'>Previous<\/a>\n\t<\/li>\n\n\n       \n    \n\n<li><a href='?page_no=1'>1<\/a><\/li>\n\n\n\n<li><a href='?page_no=2'>2<\/a><\/li>\n\n\n\n<li><a>...<\/a><\/li>\n\n\n\n<li><a href='?page_no=21423'>21423<\/a><\/li>\n\n\n\n<li><a href='?page_no=21424'>21424<\/a><\/li>\n\n\n\n<li class='active'><a>21425<\/a><\/li>\n\n\n\n<li><a href='?page_no=21426'>21426<\/a><\/li>\n\n\n\n<li><a href='?page_no=21427'>21427<\/a><\/li>\n\n\n\n<li><a>...<\/a><\/li>\n\n\n\n<li><a href='?page_no=22911'>22911<\/a><\/li>\n\n\n\n<li><a href='?page_no=22912'>22912<\/a><\/li>\n\n    \n\t\n\n<li >\n\t<a href='?page_no=21426'>Next<\/a>\n\t<\/li>\n\n\n    \n\n<li><a href='?page_no=22912'>Last &rsaquo;&rsaquo;<\/a><\/li>\n\n<\/ul>\n\n\n--><br \/>\n<\/body><\/p>\n","protected":false},"excerpt":{"rendered":"<p>La Sala de Arte Ram\u00f3n Oviedo de la Secretar\u00eda de Estado de Cultura, ampli\u00f3 su horario de servicio para las exposiciones y eventos con el objetivo de que un mayor n\u00famero de personas pueda disfrutar de sus actividades. El artista pl\u00e1stico Gabino Rosario, director de la Sala de Arte Ram\u00f3n Oviedo explic\u00f3 que el nuevo [&hellip;]<\/p>\n","protected":false},"author":3,"featured_media":0,"comment_status":"open","ping_status":"open","sticky":false,"template":"","format":"standard","meta":{"footnotes":""},"categories":[21],"tags":[],"class_list":["post-69747","post","type-post","status-publish","format-standard","hentry","category-cultura"],"_links":{"self":[{"href":"https:\/\/diariodominicano.com\/index.php?rest_route=\/wp\/v2\/posts\/69747","targetHints":{"allow":["GET"]}}],"collection":[{"href":"https:\/\/diariodominicano.com\/index.php?rest_route=\/wp\/v2\/posts"}],"about":[{"href":"https:\/\/diariodominicano.com\/index.php?rest_route=\/wp\/v2\/types\/post"}],"author":[{"embeddable":true,"href":"https:\/\/diariodominicano.com\/index.php?rest_route=\/wp\/v2\/users\/3"}],"replies":[{"embeddable":true,"href":"https:\/\/diariodominicano.com\/index.php?rest_route=%2Fwp%2Fv2%2Fcomments&post=69747"}],"version-history":[{"count":0,"href":"https:\/\/diariodominicano.com\/index.php?rest_route=\/wp\/v2\/posts\/69747\/revisions"}],"wp:attachment":[{"href":"https:\/\/diariodominicano.com\/index.php?rest_route=%2Fwp%2Fv2%2Fmedia&parent=69747"}],"wp:term":[{"taxonomy":"category","embeddable":true,"href":"https:\/\/diariodominicano.com\/index.php?rest_route=%2Fwp%2Fv2%2Fcategories&post=69747"},{"taxonomy":"post_tag","embeddable":true,"href":"https:\/\/diariodominicano.com\/index.php?rest_route=%2Fwp%2Fv2%2Ftags&post=69747"}],"curies":[{"name":"wp","href":"https:\/\/api.w.org\/{rel}","templated":true}]}}