{"id":69743,"date":"2009-08-06T13:25:26","date_gmt":"2009-08-06T13:25:26","guid":{"rendered":"http:\/\/diariodominicano.ddns.net\/?p=69743"},"modified":"2009-08-06T13:25:26","modified_gmt":"2009-08-06T13:25:26","slug":"cultura-inaugura-plazas-a-duarte-en-cadiz-y-vejer-espana","status":"publish","type":"post","link":"https:\/\/diariodominicano.com\/?p=69743","title":{"rendered":"Cultura inaugura Plazas a Duarte En C\u00e1diz y Vejer, Espa\u00f1a"},"content":{"rendered":"<p><body><\/p>\n<p><img decoding=\"async\" src=\"http:\/\/localhost:8080\/img3\/duar.jpg\" \/>  <\/p>\n<p><span class=\"text1noticias\">El Secretario de Estado de Cultura encabeza los actos en honor al Padre de la Patria, organizados por los Ayuntamientos de las dos ciudades espa\u00f1olas.<\/span><\/p>\n<\/p>\n<p><span class=\"text1noticias\">La Secretar\u00eda de Estado de Cultura inaugur\u00f3 dos plazas duartianas en las ciudades de C\u00e1diz y Vejer de la Frontera, en Andaluc\u00eda, Espa\u00f1a, en  actividades que fueron coordinadas con los ayuntamientos de ambas ciudades espa\u00f1olas. <\/span><\/p>\n<\/p>\n<p><span class=\"text1noticias\">La inauguraci\u00f3n en C\u00e1diz, del busto de Juan Pablo Duarte tuvo lugar en el hermoso Paseo de la Alameda, frente a la Bah\u00eda de C\u00e1diz, con la asistencia de funcionarios municipales y congresistas espa\u00f1oles, adem\u00e1s de representativos culturales y de la juntas de vecinos de la ciudad andaluza.<\/span><\/p>\n<\/p>\n<p><span class=\"text1noticias\">En el acto, la Alcaldesa Te\u00f3fila Mart\u00ednez pronunci\u00f3 un discurso donde elogi\u00f3 el prop\u00f3sito del Ministerio de Cultura dominicano de exaltar los valores y virtudes del Padre de la Patria, al tiempo que record\u00f3 los or\u00edgenes gaditanos de la parentela paterna de Duarte.<\/span><\/p>\n<\/p>\n<p><span class=\"text1noticias\">?Desde este lugar, Juan Pablo Duarte mirar\u00e1 siempre hacia el Oc\u00e9ano Atl\u00e1ntico, por donde un d\u00eda parti\u00f3 su padre hacia las tierras del Caribe y donde cre\u00f3 familia de la cual surgir\u00eda este hijo amado que fundara la Rep\u00fablica Dominicana?, dijo emocionada la Alcaldesa de C\u00e1diz, quien previamente recibi\u00f3 en la Alcald\u00eda al Secretario de Cultura, donde se le ofreci\u00f3 una recepci\u00f3n y firm\u00f3 el libro de visitantes distinguidos.<\/span><\/p>\n<\/p>\n<p><span class=\"text1noticias\">Por su parte, el licenciado Jos\u00e9 Rafael Lantigua, al pronunciar su discurso, se\u00f1al\u00f3 que la acci\u00f3n de promover plazas duartianas en el exterior, en coordinaci\u00f3n con los ayuntamientos locales, forma parte de un programa concebido por la gesti\u00f3n gubernativa del Presidente Leonel Fern\u00e1ndez, para difundir la obra y las ejecutorias de Juan Pablo Duarte, de quien dijo hab\u00eda sido hasta hace poco, un gran desconocido fuera de su tierra.<\/span><\/p>\n<\/p>\n<p><span class=\"text1noticias\">La Secretar\u00eda de Cultura ha establecido antes plazas duartianas en Madrid, en el Parque del Oeste, inaugurada en el 2006 por el Presidente Leonel Fern\u00e1ndez; y en Sevilla, en pleno centro de la ciudad, inaugurada el pasado a\u00f1o. El programa finalizar\u00e1 en los pr\u00f3ximos meses con la inauguraci\u00f3n de la plaza duartiana en Barcelona.<\/span><\/p>\n<\/p>\n<p><span class=\"text1noticias\">Al d\u00eda siguiente del acto en C\u00e1diz, tuvo lugar el acto de inauguraci\u00f3n del busto de Duarte en Vejer de la Frontera, ciudad en el extremo sur espa\u00f1ol donde naciera Juan Jos\u00e9 Duarte, padre de Juan Pablo Duarte y de donde son oriundos adem\u00e1s su abuelo y tatarabuelo paternos, y donde hasta hace poco existi\u00f3 una reconocida ascendencia de los Duarte, de la cual quedan algunos remanentes.<\/span><\/p>\n<\/p>\n<p><span class=\"text1noticias\">La actividad fue realizada en la Avenida Andaluc\u00eda, frente a la Barriada Rep\u00fablica Dominicana, donde fue colocado un alto pedestal con el busto de Duarte, esculpido, como el de C\u00e1diz, por el artista dominicano Domingo Guaba.<\/span><\/p>\n<\/p>\n<p><span class=\"text1noticias\">En este acto habl\u00f3 el Alcalde de Vejer, Antonio Verd\u00fa Tello, y el Secretario de Estado de Cultura, Jos\u00e9 Rafael Lantigua, quien calific\u00f3 el acto de ?hist\u00f3rico?, por ser la primera vez que una delegaci\u00f3n oficial del gobierno dominicano ?llega a estas tierras en misi\u00f3n de revalorizaci\u00f3n patri\u00f3tica, para visitar la ciudad donde nacieron los ancestros paternos del Fundador de nuestra nacionalidad?.<\/span><\/p>\n<\/p>\n<p><span class=\"text1noticias\">Lantigua, quien hiciera un recuento geneal\u00f3gico de Duarte en su discurso, as\u00ed como de los avatares pol\u00edticos que sufriera para llevar a cabo la obra independista, dijo que ?Vejer de la Frontera y Rep\u00fablica Dominicana tienen una vinculaci\u00f3n hist\u00f3rica entra\u00f1able?, y que por esa raz\u00f3n ?venimos a dejar instalado aqu\u00ed el bronce que configura la imagen de nuestro Padre de la Patria?.<\/span><\/p>\n<\/p>\n<p><span class=\"text1noticias\">?Esperamos que la imagen de Duarte que desde hoy se queda en Vejer de la Frontera, sirva a nuestros dos pueblos para unificarnos en el prop\u00f3sito de fomentar entre nosotros los valores de fraternidad, libertad y democracia que todos defendemos?, dijo Lantigua.<\/span><\/p>\n<\/p>\n<p><span class=\"text1noticias\">La instalaci\u00f3n de ambos bustos de Duarte hab\u00edan sido anunciados hace dos meses por el Presidente Leonel Fern\u00e1ndez en su \u00faltimo viaje a Espa\u00f1a, cuando visitara la ciudad de C\u00e1diz, que en el 2012 ser\u00e1 Capital Iberoamericana de la Cultura y celebrar\u00e1 el bicentenario de la Constituci\u00f3n espa\u00f1ola, refrendada all\u00ed en 1812.<\/span><\/p>\n<\/p>\n<p><span class=\"text1noticias\">Como parte de la visita a C\u00e1diz del Secretario de Cultura, se realizaron adem\u00e1s diversos acuerdos, que permitir\u00e1n la participaci\u00f3n dominicana en el Festival Internacional de Teatro, en el Festival Internacional de Folklore y en el Festival Internacional de T\u00edteres, que se realizan en esa ciudad andaluza.<\/span><\/p>\n<\/p>\n<p><span class=\"text1noticias\">Igualmente, la publicaci\u00f3n de un libro con los cuentos de Juan Bosch y una antolog\u00eda de cuentos de diversos autores dominicanos, que ser\u00e1n editados por la Editorial Calemb\u00e9 de la Alcald\u00eda de C\u00e1diz.<\/span><\/p>\n<\/p>\n<p><span class=\"text1noticias\">Otros aspectos del acuerdo con la Alcald\u00eda de C\u00e1diz incluye el intercambio con artistas pl\u00e1sticos, talleres para teatro de t\u00edteres, viajes de formaci\u00f3n cultural y de contacto con la naturaleza para ni\u00f1os entre 8 y 12 a\u00f1os, m\u00fasica, teatro, turismo cultural y moda.<\/span><\/p>\n<\/p>\n<p><span class=\"text1noticias\">Durante los actos en C\u00e1diz y Vejer de la Frontera, la Secretar\u00eda de Cultura obsequi\u00f3 a los asistentes con la obra ?Biograf\u00eda de Juan Pablo Duarte? de Orlando Inoa, y la selecci\u00f3n de cuentos de Juan Bosch editadas por Ediciones Ferilibro.<\/span><\/p>\n<\/p>\n<p><span class=\"text1noticias\">La delegaci\u00f3n dominicana estuvo formada por Alejandro Arvelo, director General de la Feria del Libro; Enegildo Pe\u00f1a, Subsecretario de Cultura de la Regi\u00f3n Norte; Alejandra Guti\u00e9rrez, C\u00f3nsul en Sevilla; Frank Bencosme, C\u00f3nsul en Valencia, y una delegaci\u00f3n de la ciudad de Moca, encabezada por el S\u00edndico Guarocuya Cabral, quien realiz\u00f3 un acto de hermanamiento entre la localidad cibae\u00f1a y Vejer de la Frontera.<\/span><\/p>\n<h6> 2009-08-06 13:25:26 <\/h6>\n<p><!--\n<link rel=\"stylesheet\" href=\"css\/bootstrap.min.css\">\n\n\n<ul class=\"pagination\">\n\t    \n\t\n\n<li >\n\t<a href='?page_no=21420'>Previous<\/a>\n\t<\/li>\n\n\n       \n    \n\n<li><a href='?page_no=1'>1<\/a><\/li>\n\n\n\n<li><a href='?page_no=2'>2<\/a><\/li>\n\n\n\n<li><a>...<\/a><\/li>\n\n\n\n<li><a href='?page_no=21419'>21419<\/a><\/li>\n\n\n\n<li><a href='?page_no=21420'>21420<\/a><\/li>\n\n\n\n<li class='active'><a>21421<\/a><\/li>\n\n\n\n<li><a href='?page_no=21422'>21422<\/a><\/li>\n\n\n\n<li><a href='?page_no=21423'>21423<\/a><\/li>\n\n\n\n<li><a>...<\/a><\/li>\n\n\n\n<li><a href='?page_no=22911'>22911<\/a><\/li>\n\n\n\n<li><a href='?page_no=22912'>22912<\/a><\/li>\n\n    \n\t\n\n<li >\n\t<a href='?page_no=21422'>Next<\/a>\n\t<\/li>\n\n\n    \n\n<li><a href='?page_no=22912'>Last &rsaquo;&rsaquo;<\/a><\/li>\n\n<\/ul>\n\n\n--><br \/>\n<\/body><\/p>\n","protected":false},"excerpt":{"rendered":"<p>El Secretario de Estado de Cultura encabeza los actos en honor al Padre de la Patria, organizados por los Ayuntamientos de las dos ciudades espa\u00f1olas. La Secretar\u00eda de Estado de Cultura inaugur\u00f3 dos plazas duartianas en las ciudades de C\u00e1diz y Vejer de la Frontera, en Andaluc\u00eda, Espa\u00f1a, en actividades que fueron coordinadas con los [&hellip;]<\/p>\n","protected":false},"author":3,"featured_media":0,"comment_status":"open","ping_status":"open","sticky":false,"template":"","format":"standard","meta":{"footnotes":""},"categories":[21],"tags":[],"class_list":["post-69743","post","type-post","status-publish","format-standard","hentry","category-cultura"],"_links":{"self":[{"href":"https:\/\/diariodominicano.com\/index.php?rest_route=\/wp\/v2\/posts\/69743","targetHints":{"allow":["GET"]}}],"collection":[{"href":"https:\/\/diariodominicano.com\/index.php?rest_route=\/wp\/v2\/posts"}],"about":[{"href":"https:\/\/diariodominicano.com\/index.php?rest_route=\/wp\/v2\/types\/post"}],"author":[{"embeddable":true,"href":"https:\/\/diariodominicano.com\/index.php?rest_route=\/wp\/v2\/users\/3"}],"replies":[{"embeddable":true,"href":"https:\/\/diariodominicano.com\/index.php?rest_route=%2Fwp%2Fv2%2Fcomments&post=69743"}],"version-history":[{"count":0,"href":"https:\/\/diariodominicano.com\/index.php?rest_route=\/wp\/v2\/posts\/69743\/revisions"}],"wp:attachment":[{"href":"https:\/\/diariodominicano.com\/index.php?rest_route=%2Fwp%2Fv2%2Fmedia&parent=69743"}],"wp:term":[{"taxonomy":"category","embeddable":true,"href":"https:\/\/diariodominicano.com\/index.php?rest_route=%2Fwp%2Fv2%2Fcategories&post=69743"},{"taxonomy":"post_tag","embeddable":true,"href":"https:\/\/diariodominicano.com\/index.php?rest_route=%2Fwp%2Fv2%2Ftags&post=69743"}],"curies":[{"name":"wp","href":"https:\/\/api.w.org\/{rel}","templated":true}]}}