{"id":69742,"date":"2009-08-06T13:33:36","date_gmt":"2009-08-06T13:33:36","guid":{"rendered":"http:\/\/diariodominicano.ddns.net\/?p=69742"},"modified":"2009-08-06T13:33:36","modified_gmt":"2009-08-06T13:33:36","slug":"puesta-en-circulacion-de-la-antologia-mascaras-de-orfeo-poesia-dominicana-y-brasilena","status":"publish","type":"post","link":"https:\/\/diariodominicano.com\/?p=69742","title":{"rendered":"Puesta en Circulaci\u00f3n de la Antolog\u00eda ?M\u00e1scaras de Orfeo?: ?Poes\u00eda Dominicana y Brasile\u00f1a?"},"content":{"rendered":"<p><body><\/p>\n<p><img decoding=\"async\" src=\"http:\/\/localhost:8080\/img3\/cutu.jpg\" \/>  <\/p>\n<p><span class=\"text1noticias\">La Subsecretar\u00eda de Estado de Cultura para la Regi\u00f3n Norte y el departamento de  Ediciones de la Secretar\u00eda de Estado de Cultura, tienen pautado la  Puesta en Circulaci\u00f3n de la Antolog\u00eda ?M\u00e1scaras de Orfeo?: ?Poes\u00eda Dominicana y Brasile\u00f1a?, una selecci\u00f3n del poeta brasile\u00f1o Floriano Martins y el poeta dominicano Basilio Belliard,  esta actividad se realizar\u00e1 el jueves 6 de agosto a las 7:00 p.m., en el Palacio Consistorial de Santiago. <\/span><\/p>\n<p><span class=\"text1noticias\">  <\/span><\/p>\n<p><span class=\"text1noticias\">Dicha obra ser\u00e1 presentada por el Director de Gesti\u00f3n Literaria de la Secretar\u00eda de Estado de Cultura Basilio Belliard, quien har\u00e1 una evaluaci\u00f3n cr\u00edtica de esta antolog\u00eda su importancia y valor en el contexto dominicano. Basilio Belliard es un poeta y ensayista de excelentes condiciones en el campo de la literatura dominicana. <\/span><\/p>\n<p><span class=\"text1noticias\">  <\/span><\/p>\n<p><span class=\"text1noticias\">En ocasi\u00f3n de ser Brasil el pa\u00eds invitado de honor de la pasada Feria Internacional del Libro 2009 el sello editorial de la Secretar\u00eda de Estado de Cultura edit\u00f3 la antolog\u00eda de poes\u00eda brasile\u00f1a y dominicana M\u00e1scaras de Orfeo. Dicha antolog\u00eda agrupa catorce poetas del Brasil y quince dominicanos que entrecruzan sus voces hibridan sus palabras tras la b\u00fasqueda por conquistar nuevos y novedosos espacios de confluencias y convergencias de las letras y la poes\u00eda en un concierto l\u00edrico hist\u00f3rico y sin precedentes. <\/span><\/p>\n<p><span class=\"text1noticias\">  <\/span><\/p>\n<p><span class=\"text1noticias\"> Con esta iniciativa editorial sembramos un grano de arena en el dif\u00edcil bosque de las tradiciones culturales y literarias, que ahora se miran a los ojos por primera vez. Esta antolog\u00eda po\u00e9tica permitir\u00e1 dar a conocer a los poetas dominicanos en el Brasil y a los poetas del Brasil en la Rep\u00fablica Dominicana en una iniciativa editorial novedosa y abierta por promover y difundir a nuestros valores po\u00e9ticos y donde se cruzan las lenguas portuguesas y castellanas. Dos culturas y dos naciones y dos tradiciones literarias se dan las manos en aras de contribuir en el acercamiento de ambas patrias culturales a trav\u00e9s de la poes\u00eda. Entre los poetas dominicanos de las \u00faltimas promociones est\u00e1n: \u00c1ngela Hern\u00e1ndez, Amable Mej\u00eda, Dionisio de Jes\u00fas, Plinio Chah\u00edn, Jos\u00e9 M\u00e1rmol, Martha Rivera, Julio Adames, Jos\u00e9 Acosta, Le\u00f3n F\u00e9lix Batista, M\u00e9dar Serrata, Frank Mart\u00ednez, Basilio Belliard, Adri\u00e1n Javier, Homero Pumarol y Frank B\u00e1ez. <\/span><\/p>\n<h6> 2009-08-06 13:33:36 <\/h6>\n<p><!--\n<link rel=\"stylesheet\" href=\"css\/bootstrap.min.css\">\n\n\n<ul class=\"pagination\">\n\t    \n\t\n\n<li >\n\t<a href='?page_no=21419'>Previous<\/a>\n\t<\/li>\n\n\n       \n    \n\n<li><a href='?page_no=1'>1<\/a><\/li>\n\n\n\n<li><a href='?page_no=2'>2<\/a><\/li>\n\n\n\n<li><a>...<\/a><\/li>\n\n\n\n<li><a href='?page_no=21418'>21418<\/a><\/li>\n\n\n\n<li><a href='?page_no=21419'>21419<\/a><\/li>\n\n\n\n<li class='active'><a>21420<\/a><\/li>\n\n\n\n<li><a href='?page_no=21421'>21421<\/a><\/li>\n\n\n\n<li><a href='?page_no=21422'>21422<\/a><\/li>\n\n\n\n<li><a>...<\/a><\/li>\n\n\n\n<li><a href='?page_no=22911'>22911<\/a><\/li>\n\n\n\n<li><a href='?page_no=22912'>22912<\/a><\/li>\n\n    \n\t\n\n<li >\n\t<a href='?page_no=21421'>Next<\/a>\n\t<\/li>\n\n\n    \n\n<li><a href='?page_no=22912'>Last &rsaquo;&rsaquo;<\/a><\/li>\n\n<\/ul>\n\n\n--><br \/>\n<\/body><\/p>\n","protected":false},"excerpt":{"rendered":"<p>La Subsecretar\u00eda de Estado de Cultura para la Regi\u00f3n Norte y el departamento de Ediciones de la Secretar\u00eda de Estado de Cultura, tienen pautado la Puesta en Circulaci\u00f3n de la Antolog\u00eda ?M\u00e1scaras de Orfeo?: ?Poes\u00eda Dominicana y Brasile\u00f1a?, una selecci\u00f3n del poeta brasile\u00f1o Floriano Martins y el poeta dominicano Basilio Belliard, esta actividad se realizar\u00e1 [&hellip;]<\/p>\n","protected":false},"author":3,"featured_media":0,"comment_status":"open","ping_status":"open","sticky":false,"template":"","format":"standard","meta":{"footnotes":""},"categories":[21],"tags":[],"class_list":["post-69742","post","type-post","status-publish","format-standard","hentry","category-cultura"],"_links":{"self":[{"href":"https:\/\/diariodominicano.com\/index.php?rest_route=\/wp\/v2\/posts\/69742","targetHints":{"allow":["GET"]}}],"collection":[{"href":"https:\/\/diariodominicano.com\/index.php?rest_route=\/wp\/v2\/posts"}],"about":[{"href":"https:\/\/diariodominicano.com\/index.php?rest_route=\/wp\/v2\/types\/post"}],"author":[{"embeddable":true,"href":"https:\/\/diariodominicano.com\/index.php?rest_route=\/wp\/v2\/users\/3"}],"replies":[{"embeddable":true,"href":"https:\/\/diariodominicano.com\/index.php?rest_route=%2Fwp%2Fv2%2Fcomments&post=69742"}],"version-history":[{"count":0,"href":"https:\/\/diariodominicano.com\/index.php?rest_route=\/wp\/v2\/posts\/69742\/revisions"}],"wp:attachment":[{"href":"https:\/\/diariodominicano.com\/index.php?rest_route=%2Fwp%2Fv2%2Fmedia&parent=69742"}],"wp:term":[{"taxonomy":"category","embeddable":true,"href":"https:\/\/diariodominicano.com\/index.php?rest_route=%2Fwp%2Fv2%2Fcategories&post=69742"},{"taxonomy":"post_tag","embeddable":true,"href":"https:\/\/diariodominicano.com\/index.php?rest_route=%2Fwp%2Fv2%2Ftags&post=69742"}],"curies":[{"name":"wp","href":"https:\/\/api.w.org\/{rel}","templated":true}]}}