{"id":69739,"date":"2009-08-06T17:44:40","date_gmt":"2009-08-06T17:44:40","guid":{"rendered":"http:\/\/diariodominicano.ddns.net\/?p=69739"},"modified":"2009-08-06T17:44:40","modified_gmt":"2009-08-06T17:44:40","slug":"director-archivo-historico-viaja-a-cr","status":"publish","type":"post","link":"https:\/\/diariodominicano.com\/?p=69739","title":{"rendered":"Director Archivo Hist\u00f3rico viaja a CR"},"content":{"rendered":"<p><body><\/p>\n<p><span class=\"text1noticias\">SANTIAGO.- El historiador Robert Espinal, director del Archivo Hist\u00f3rico de Santiago ?unidad que depende del Ayuntamiento- sali\u00f3 hoy hacia Costa Rica para cumplir con varias actividades, entre ellas impartir dos conferencias y sostener encuentros con representativos de esa naci\u00f3n centroamericana.<\/span><\/p>\n<\/p>\n<p><span class=\"text1noticias\">Espinal disertar\u00e1 en el Colegio de Periodistas de Costa Rica  sobre ?Liderazgo y comunicaci\u00f3n? enfocando el tema b\u00e1sicamente desde el punto de vista hist\u00f3rico, se especifica en una nota de la Direcci\u00f3n de Comunicaciones y Relaciones P\u00fablicas del cabildo local.<\/span><\/p>\n<\/p>\n<p><span class=\"text1noticias\">Por igual el funcionario hablar\u00e1 sobre ?Historia y cultura Dominicana? en la Universidad de San Jos\u00e9, espec\u00edficamente en la Escuela de Historia, para un grupo de acad\u00e9micos y estudiantes de maestr\u00eda de esa carrera.<\/span><\/p>\n<\/p>\n<p><span class=\"text1noticias\">Espinal aprovechar\u00e1 su visita a la llamada ?Suiza del Caribe?, como se le conoce tambi\u00e9n a Costa Rica, para promover al Primer Santiago de Am\u00e9rica y la gesti\u00f3n municipal para lo que lleva ?pines? de la ciudad y ejemplares de las Memorias del segundo a\u00f1o de esta administraci\u00f3n encabezada por Jos\u00e9 Enrique Sued.<\/span><\/p>\n<\/p>\n<p><span class=\"text1noticias\">?De alguna manera este viaje va a servir tambi\u00e9n para representar al pa\u00eds, para convertirme en un especie de embajador de Rep\u00fablica Dominicana y, mucho m\u00e1s a\u00fan, de nuestra Ciudad Coraz\u00f3n?, dijo el director del Archivo Hist\u00f3rico.<\/span><\/p>\n<\/p>\n<p><span class=\"text1noticias\">Este viaje es organizado por el periodista Tony Rodr\u00edguez, el cual ha convertido en una tradici\u00f3n estos contactos con los diferentes sectores de Costa Rica, a trav\u00e9s de los periodistas organizados de ese pa\u00eds de Centroam\u00e9rica.<\/span><\/p>\n<\/p>\n<p><span class=\"text1noticias\">Espinal, junto al grupo que encabeza Rodr\u00edguez, parti\u00f3 este jueves en un avi\u00f3n de Copa por el Aeropuerto Internacional del Cibao para regresar el lunes 10 al pa\u00eds. El colectivo est\u00e1 integrado por estudiantes y profesores universitarios.<\/span><\/p>\n<h6> 2009-08-06 17:44:40 <\/h6>\n<p><!--\n<link rel=\"stylesheet\" href=\"css\/bootstrap.min.css\">\n\n\n<ul class=\"pagination\">\n\t    \n\t\n\n<li >\n\t<a href='?page_no=21416'>Previous<\/a>\n\t<\/li>\n\n\n       \n    \n\n<li><a href='?page_no=1'>1<\/a><\/li>\n\n\n\n<li><a href='?page_no=2'>2<\/a><\/li>\n\n\n\n<li><a>...<\/a><\/li>\n\n\n\n<li><a href='?page_no=21415'>21415<\/a><\/li>\n\n\n\n<li><a href='?page_no=21416'>21416<\/a><\/li>\n\n\n\n<li class='active'><a>21417<\/a><\/li>\n\n\n\n<li><a href='?page_no=21418'>21418<\/a><\/li>\n\n\n\n<li><a href='?page_no=21419'>21419<\/a><\/li>\n\n\n\n<li><a>...<\/a><\/li>\n\n\n\n<li><a href='?page_no=22911'>22911<\/a><\/li>\n\n\n\n<li><a href='?page_no=22912'>22912<\/a><\/li>\n\n    \n\t\n\n<li >\n\t<a href='?page_no=21418'>Next<\/a>\n\t<\/li>\n\n\n    \n\n<li><a href='?page_no=22912'>Last &rsaquo;&rsaquo;<\/a><\/li>\n\n<\/ul>\n\n\n--><br \/>\n<\/body><\/p>\n","protected":false},"excerpt":{"rendered":"<p>SANTIAGO.- El historiador Robert Espinal, director del Archivo Hist\u00f3rico de Santiago ?unidad que depende del Ayuntamiento- sali\u00f3 hoy hacia Costa Rica para cumplir con varias actividades, entre ellas impartir dos conferencias y sostener encuentros con representativos de esa naci\u00f3n centroamericana. Espinal disertar\u00e1 en el Colegio de Periodistas de Costa Rica sobre ?Liderazgo y comunicaci\u00f3n? enfocando [&hellip;]<\/p>\n","protected":false},"author":3,"featured_media":0,"comment_status":"open","ping_status":"open","sticky":false,"template":"","format":"standard","meta":{"footnotes":""},"categories":[21],"tags":[],"class_list":["post-69739","post","type-post","status-publish","format-standard","hentry","category-cultura"],"_links":{"self":[{"href":"https:\/\/diariodominicano.com\/index.php?rest_route=\/wp\/v2\/posts\/69739","targetHints":{"allow":["GET"]}}],"collection":[{"href":"https:\/\/diariodominicano.com\/index.php?rest_route=\/wp\/v2\/posts"}],"about":[{"href":"https:\/\/diariodominicano.com\/index.php?rest_route=\/wp\/v2\/types\/post"}],"author":[{"embeddable":true,"href":"https:\/\/diariodominicano.com\/index.php?rest_route=\/wp\/v2\/users\/3"}],"replies":[{"embeddable":true,"href":"https:\/\/diariodominicano.com\/index.php?rest_route=%2Fwp%2Fv2%2Fcomments&post=69739"}],"version-history":[{"count":0,"href":"https:\/\/diariodominicano.com\/index.php?rest_route=\/wp\/v2\/posts\/69739\/revisions"}],"wp:attachment":[{"href":"https:\/\/diariodominicano.com\/index.php?rest_route=%2Fwp%2Fv2%2Fmedia&parent=69739"}],"wp:term":[{"taxonomy":"category","embeddable":true,"href":"https:\/\/diariodominicano.com\/index.php?rest_route=%2Fwp%2Fv2%2Fcategories&post=69739"},{"taxonomy":"post_tag","embeddable":true,"href":"https:\/\/diariodominicano.com\/index.php?rest_route=%2Fwp%2Fv2%2Ftags&post=69739"}],"curies":[{"name":"wp","href":"https:\/\/api.w.org\/{rel}","templated":true}]}}