{"id":69736,"date":"2009-08-07T16:13:52","date_gmt":"2009-08-07T16:13:52","guid":{"rendered":"http:\/\/diariodominicano.ddns.net\/?p=69736"},"modified":"2009-08-07T16:13:52","modified_gmt":"2009-08-07T16:13:52","slug":"cultura-y-fuerzas-armadas-levantaran-museo-de-armas","status":"publish","type":"post","link":"https:\/\/diariodominicano.com\/?p=69736","title":{"rendered":"Cultura y Fuerzas Armadas levantar\u00e1n Museo de Armas"},"content":{"rendered":"<p><body><\/p>\n<p><span class=\"text1noticias\">Una rueda de prensa ser\u00e1 celebrada este lunes 10, entre los titulares de ambas carteras para informar sobre el proyecto.<\/span><\/p>\n<p><span class=\"text1noticias\"> <\/span><\/p>\n<p><span class=\"text1noticias\">La Secretar\u00eda de Estado de Cultura y la Secretar\u00eda de Estado de las Fuerzas Armadas realizar\u00e1n este lunes 10, una rueda de prensa con la finalidad de ofrecer detalles sobre el Museo de Armas de la ciudad de Santo Domingo.<\/span><\/p>\n<p><span class=\"text1noticias\"> <\/span><\/p>\n<p><span class=\"text1noticias\">El licenciado Jos\u00e9 Rafael Lantigua y el Teniente General Pedro Rafael Pe\u00f1a Antonio, titulares de ambas carteras, se reunir\u00e1n con la prensa a las 10 de la ma\u00f1ana, en la Fortaleza Colonial de Santo Domingo, conocida como Fortaleza Ozama.<\/span><\/p>\n<p><span class=\"text1noticias\"> <\/span><\/p>\n<p><span class=\"text1noticias\">En el encuentro, organizado por la Direcci\u00f3n General de Museos, se informar\u00e1 sobre la exposici\u00f3n ?Cinco siglos de defensa? que se abrir\u00e1 el pr\u00f3ximo viernes 14 en la Fortaleza, como paso  previo a la apertura del nuevo Museo de Armas.<\/span><\/p>\n<h6> 2009-08-07 16:13:52 <\/h6>\n<p><!--\n<link rel=\"stylesheet\" href=\"css\/bootstrap.min.css\">\n\n\n<ul class=\"pagination\">\n\t    \n\t\n\n<li >\n\t<a href='?page_no=21413'>Previous<\/a>\n\t<\/li>\n\n\n       \n    \n\n<li><a href='?page_no=1'>1<\/a><\/li>\n\n\n\n<li><a href='?page_no=2'>2<\/a><\/li>\n\n\n\n<li><a>...<\/a><\/li>\n\n\n\n<li><a href='?page_no=21412'>21412<\/a><\/li>\n\n\n\n<li><a href='?page_no=21413'>21413<\/a><\/li>\n\n\n\n<li class='active'><a>21414<\/a><\/li>\n\n\n\n<li><a href='?page_no=21415'>21415<\/a><\/li>\n\n\n\n<li><a href='?page_no=21416'>21416<\/a><\/li>\n\n\n\n<li><a>...<\/a><\/li>\n\n\n\n<li><a href='?page_no=22911'>22911<\/a><\/li>\n\n\n\n<li><a href='?page_no=22912'>22912<\/a><\/li>\n\n    \n\t\n\n<li >\n\t<a href='?page_no=21415'>Next<\/a>\n\t<\/li>\n\n\n    \n\n<li><a href='?page_no=22912'>Last &rsaquo;&rsaquo;<\/a><\/li>\n\n<\/ul>\n\n\n--><br \/>\n<\/body><\/p>\n","protected":false},"excerpt":{"rendered":"<p>Una rueda de prensa ser\u00e1 celebrada este lunes 10, entre los titulares de ambas carteras para informar sobre el proyecto. La Secretar\u00eda de Estado de Cultura y la Secretar\u00eda de Estado de las Fuerzas Armadas realizar\u00e1n este lunes 10, una rueda de prensa con la finalidad de ofrecer detalles sobre el Museo de Armas de [&hellip;]<\/p>\n","protected":false},"author":3,"featured_media":0,"comment_status":"open","ping_status":"open","sticky":false,"template":"","format":"standard","meta":{"footnotes":""},"categories":[21],"tags":[],"class_list":["post-69736","post","type-post","status-publish","format-standard","hentry","category-cultura"],"_links":{"self":[{"href":"https:\/\/diariodominicano.com\/index.php?rest_route=\/wp\/v2\/posts\/69736","targetHints":{"allow":["GET"]}}],"collection":[{"href":"https:\/\/diariodominicano.com\/index.php?rest_route=\/wp\/v2\/posts"}],"about":[{"href":"https:\/\/diariodominicano.com\/index.php?rest_route=\/wp\/v2\/types\/post"}],"author":[{"embeddable":true,"href":"https:\/\/diariodominicano.com\/index.php?rest_route=\/wp\/v2\/users\/3"}],"replies":[{"embeddable":true,"href":"https:\/\/diariodominicano.com\/index.php?rest_route=%2Fwp%2Fv2%2Fcomments&post=69736"}],"version-history":[{"count":0,"href":"https:\/\/diariodominicano.com\/index.php?rest_route=\/wp\/v2\/posts\/69736\/revisions"}],"wp:attachment":[{"href":"https:\/\/diariodominicano.com\/index.php?rest_route=%2Fwp%2Fv2%2Fmedia&parent=69736"}],"wp:term":[{"taxonomy":"category","embeddable":true,"href":"https:\/\/diariodominicano.com\/index.php?rest_route=%2Fwp%2Fv2%2Fcategories&post=69736"},{"taxonomy":"post_tag","embeddable":true,"href":"https:\/\/diariodominicano.com\/index.php?rest_route=%2Fwp%2Fv2%2Ftags&post=69736"}],"curies":[{"name":"wp","href":"https:\/\/api.w.org\/{rel}","templated":true}]}}