{"id":69735,"date":"2009-08-07T20:40:45","date_gmt":"2009-08-07T20:40:45","guid":{"rendered":"http:\/\/diariodominicano.ddns.net\/?p=69735"},"modified":"2009-08-07T20:40:45","modified_gmt":"2009-08-07T20:40:45","slug":"en-interes-de-fomentar-la-comprension-uasd-realiza-forum-con-estudiantes-dominicanos-y-haitianos","status":"publish","type":"post","link":"https:\/\/diariodominicano.com\/?p=69735","title":{"rendered":"En inter\u00e9s de fomentar la comprensi\u00f3n UASD realiza  forum con estudiantes dominicanos y haitianos"},"content":{"rendered":"<p><body><\/p>\n<p><img decoding=\"async\" src=\"img3\/uasd.jpg\" \/>  <\/p>\n<p><span class=\"text1noticias\">Con  el prop\u00f3sito de promover  la  compresi\u00f3n y  fomentar la amistad,  la Universidad Aut\u00f3noma de Santo Domingo realiz\u00f3 el forum denominado: Juventud Dominicana y Haitiana Construyendo una Cultura de Paz y Reconciliaci\u00f3n.  <\/span><\/p>\n<\/p>\n<p><span class=\"text1noticias\">El evento cont\u00f3 con la coordinaci\u00f3n de la maestra Clara Benedicto, gobernadora de la Biblioteca Pedro Mir, quien salud\u00f3 la iniciaci\u00f3n de estrategias en conjunto para desarrollar la solidaridad entre ambos pueblos. <\/span><\/p>\n<\/p>\n<p><span class=\"text1noticias\">Benedicto destac\u00f3 la importancia de que  este forum  se realizara en la Primada de Am\u00e9rica, ya que el 54 por ciento de los estudiantes dominicanos de educaci\u00f3n superior asiste a esa instituci\u00f3n.<\/span><\/p>\n<p><span class=\"text1noticias\">La actividad, que se desarroll\u00f3 en la Biblioteca Pedro Mir, tuvo como facilitador al embajador Erasmo Lara Pe\u00f1a, quien abord\u00f3 distintos  conceptos como: paz, conflicto, violencia y reconciliaci\u00f3n.   <\/span><\/p>\n<\/p>\n<p><span class=\"text1noticias\">Tras recalcar que tiene compromiso con la paz, el diplom\u00e1tico dijo que ha visto guerras y masacres a nivel mundial y no desea que esto ocurra entre nuestros pa\u00edses. <\/span><\/p>\n<\/p>\n<p><span class=\"text1noticias\">?Irak y Angola son algunos de los lugares donde  m\u00e1s se manifiesta la violencia y he tenido que sufrirla en carne viva,  esa clase de cosas hay que detenerlas?, afirm\u00f3 Lara Pe\u00f1a. <\/span><\/p>\n<\/p>\n<p><span class=\"text1noticias\">En el encuentro los estudiantes dominicanos y haitianos expusieron sus diferentes puntos de vista con relaci\u00f3n a lo que ocurre entre ambas naciones, al tiempo de sugerir soluciones para sanar viejas heridas que ellos mismo afirmaron deben ser olvidadas. <\/span><\/p>\n<\/p>\n<p><span class=\"text1noticias\">La actividad cont\u00f3 tambi\u00e9n con la colaboraci\u00f3n del Centro Dominicano para la Paz, el cual tiene el compromiso de fomentar la armon\u00eda entre ambas naciones, que no s\u00f3lo comparten el territorio donde habitan, sino adem\u00e1s sus historias y costumbres. <\/span><\/p>\n<h6> 2009-08-07 20:40:45 <\/h6>\n<p><!--\n<link rel=\"stylesheet\" href=\"css\/bootstrap.min.css\">\n\n\n<ul class=\"pagination\">\n\t    \n\t\n\n<li >\n\t<a href='?page_no=21412'>Previous<\/a>\n\t<\/li>\n\n\n       \n    \n\n<li><a href='?page_no=1'>1<\/a><\/li>\n\n\n\n<li><a href='?page_no=2'>2<\/a><\/li>\n\n\n\n<li><a>...<\/a><\/li>\n\n\n\n<li><a href='?page_no=21411'>21411<\/a><\/li>\n\n\n\n<li><a href='?page_no=21412'>21412<\/a><\/li>\n\n\n\n<li class='active'><a>21413<\/a><\/li>\n\n\n\n<li><a href='?page_no=21414'>21414<\/a><\/li>\n\n\n\n<li><a href='?page_no=21415'>21415<\/a><\/li>\n\n\n\n<li><a>...<\/a><\/li>\n\n\n\n<li><a href='?page_no=22911'>22911<\/a><\/li>\n\n\n\n<li><a href='?page_no=22912'>22912<\/a><\/li>\n\n    \n\t\n\n<li >\n\t<a href='?page_no=21414'>Next<\/a>\n\t<\/li>\n\n\n    \n\n<li><a href='?page_no=22912'>Last &rsaquo;&rsaquo;<\/a><\/li>\n\n<\/ul>\n\n\n--><br \/>\n<\/body><\/p>\n","protected":false},"excerpt":{"rendered":"<p>Con el prop\u00f3sito de promover la compresi\u00f3n y fomentar la amistad, la Universidad Aut\u00f3noma de Santo Domingo realiz\u00f3 el forum denominado: Juventud Dominicana y Haitiana Construyendo una Cultura de Paz y Reconciliaci\u00f3n. El evento cont\u00f3 con la coordinaci\u00f3n de la maestra Clara Benedicto, gobernadora de la Biblioteca Pedro Mir, quien salud\u00f3 la iniciaci\u00f3n de estrategias [&hellip;]<\/p>\n","protected":false},"author":3,"featured_media":0,"comment_status":"open","ping_status":"open","sticky":false,"template":"","format":"standard","meta":{"footnotes":""},"categories":[21],"tags":[],"class_list":["post-69735","post","type-post","status-publish","format-standard","hentry","category-cultura"],"_links":{"self":[{"href":"https:\/\/diariodominicano.com\/index.php?rest_route=\/wp\/v2\/posts\/69735","targetHints":{"allow":["GET"]}}],"collection":[{"href":"https:\/\/diariodominicano.com\/index.php?rest_route=\/wp\/v2\/posts"}],"about":[{"href":"https:\/\/diariodominicano.com\/index.php?rest_route=\/wp\/v2\/types\/post"}],"author":[{"embeddable":true,"href":"https:\/\/diariodominicano.com\/index.php?rest_route=\/wp\/v2\/users\/3"}],"replies":[{"embeddable":true,"href":"https:\/\/diariodominicano.com\/index.php?rest_route=%2Fwp%2Fv2%2Fcomments&post=69735"}],"version-history":[{"count":0,"href":"https:\/\/diariodominicano.com\/index.php?rest_route=\/wp\/v2\/posts\/69735\/revisions"}],"wp:attachment":[{"href":"https:\/\/diariodominicano.com\/index.php?rest_route=%2Fwp%2Fv2%2Fmedia&parent=69735"}],"wp:term":[{"taxonomy":"category","embeddable":true,"href":"https:\/\/diariodominicano.com\/index.php?rest_route=%2Fwp%2Fv2%2Fcategories&post=69735"},{"taxonomy":"post_tag","embeddable":true,"href":"https:\/\/diariodominicano.com\/index.php?rest_route=%2Fwp%2Fv2%2Ftags&post=69735"}],"curies":[{"name":"wp","href":"https:\/\/api.w.org\/{rel}","templated":true}]}}