{"id":69734,"date":"2009-08-10T14:23:40","date_gmt":"2009-08-10T14:23:40","guid":{"rendered":"http:\/\/diariodominicano.ddns.net\/?p=69734"},"modified":"2009-08-10T14:23:40","modified_gmt":"2009-08-10T14:23:40","slug":"david-taveras-castillo-expone-la-huella-del-lenguaje-en-sala-de-arte-ramon-oviedo-de-la-sec","status":"publish","type":"post","link":"https:\/\/diariodominicano.com\/?p=69734","title":{"rendered":"David Taveras Castillo expone ?La Huella del Lenguaje? En Sala de Arte Ram\u00f3n Oviedo de la SEC"},"content":{"rendered":"<p><body><\/p>\n<p><img decoding=\"async\" src=\"img3\/arte.jpg\" \/>  <\/p>\n<p><span class=\"text1noticias\">?La Huella del Lenguaje? es el t\u00edtulo de la exposici\u00f3n individual que inaugur\u00f3 recientemente el artista David Taveras Castillo con el auspicio de la Secretar\u00eda de Estado de Cultura, en la Sala de Arte Ram\u00f3n Oviedo de la sede.<\/span><\/p>\n<\/p>\n<p><span class=\"text1noticias\">La muestra pict\u00f3rica consta de 30 obras en medianos y grandes formatos. Con simbolog\u00eda y colorido de profunda expresi\u00f3n, buscando en cada trazo el lenguaje desde lo interno hacia lo externo.<\/span><\/p>\n<\/p>\n<p><span class=\"text1noticias\">Entre los t\u00edtulos de las obras est\u00e1n : ? Agresivo prudencia?, ?Conjugaci\u00f3n?, ?Fragmentaci\u00f3n?, ?Lenguaje antiguo?, ?semejanza colectiva?, ?presencia virtual?, ?lectura de los signos?, ?Icono y fr\u00edo?, ?Huella y el lenguaje?, ?Rastro Percibido?, ?Manifestaci\u00f3n M\u00edtica?, ?Traducci\u00f3n de los signos?, ?Traves\u00eda compleja?, entre otras.<\/span><\/p>\n<\/p>\n<p><span class=\"text1noticias\">El cr\u00edtico de arte Odalis P\u00e9rez refiere sobre la obra pict\u00f3rica de Taveras Castillo que el artista quiere interpretar los fondos de una existencia tr\u00e1gica y marcada por los l\u00edmites de un viaje espiritual que, en su caso, parece no terminar. Color y luz, movimiento y materia, tiempo y forma, conducen en su universo imaginal a constituir un cosmos visionario cuyas funciones predominan como inscripci\u00f3n y expresi\u00f3n.<\/span><\/p>\n<\/p>\n<p><span class=\"text1noticias\">?Las entidades constitutivas de su espacio pict\u00f3rico, son reveladoras de una personalidad y una biograf\u00eda donde los gestos naturales y la magia de sus incursiones o intenciones, revelan los estados de una raz\u00f3n instituida como versi\u00f3n de un mundo sensorial, situada en la mirada que produce el sentido de la obra?, manifiesta P\u00e9rez.<\/span><\/p>\n<\/p>\n<p><span class=\"text1noticias\">David Taveras Castillo naci\u00f3 en Santo Domingo. Realiz\u00f3 estudios en la Escuela Nacional de Bellas Artes. Es miembro del Colegio Dominicano de Artistas Pl\u00e1stico (CODAP).<\/span><\/p>\n<\/p>\n<p><span class=\"text1noticias\">Exposiciones Individuales:<\/span><\/p>\n<p><span class=\"text1noticias\">2002: Visiones a oscuras, Restaurante Pata e`Palo; 2006: Tocando el Hiperjuicio; Lakami, Galer\u00eda de Arte. <\/span><\/p>\n<p><span class=\"text1noticias\">  <\/span><\/p>\n<p><span class=\"text1noticias\">COLECTIVAS:<\/span><\/p>\n<p><span class=\"text1noticias\">2003: Homenaje a Ram\u00f3n Oviedo y Mil\u00e1n Suero; 2003: Agro y naturaleza (JAD); 2004: Long Play, Museo de las Casas Reales; 2004: Galer\u00eda de Arte Artemira; 2004: Dibujos Configuraciones y Recorrido Visual, Museo de la UNESCO y 2004: Imagen L\u00fadica, Casa de Arte Marcial B\u00e1ez, San Crist\u00f3bal.<\/span><\/p>\n<h6> 2009-08-10 14:23:40 <\/h6>\n<p><!--\n<link rel=\"stylesheet\" href=\"css\/bootstrap.min.css\">\n\n\n<ul class=\"pagination\">\n\t    \n\t\n\n<li >\n\t<a href='?page_no=21411'>Previous<\/a>\n\t<\/li>\n\n\n       \n    \n\n<li><a href='?page_no=1'>1<\/a><\/li>\n\n\n\n<li><a href='?page_no=2'>2<\/a><\/li>\n\n\n\n<li><a>...<\/a><\/li>\n\n\n\n<li><a href='?page_no=21410'>21410<\/a><\/li>\n\n\n\n<li><a href='?page_no=21411'>21411<\/a><\/li>\n\n\n\n<li class='active'><a>21412<\/a><\/li>\n\n\n\n<li><a href='?page_no=21413'>21413<\/a><\/li>\n\n\n\n<li><a href='?page_no=21414'>21414<\/a><\/li>\n\n\n\n<li><a>...<\/a><\/li>\n\n\n\n<li><a href='?page_no=22911'>22911<\/a><\/li>\n\n\n\n<li><a href='?page_no=22912'>22912<\/a><\/li>\n\n    \n\t\n\n<li >\n\t<a href='?page_no=21413'>Next<\/a>\n\t<\/li>\n\n\n    \n\n<li><a href='?page_no=22912'>Last &rsaquo;&rsaquo;<\/a><\/li>\n\n<\/ul>\n\n\n--><br \/>\n<\/body><\/p>\n","protected":false},"excerpt":{"rendered":"<p>?La Huella del Lenguaje? es el t\u00edtulo de la exposici\u00f3n individual que inaugur\u00f3 recientemente el artista David Taveras Castillo con el auspicio de la Secretar\u00eda de Estado de Cultura, en la Sala de Arte Ram\u00f3n Oviedo de la sede. La muestra pict\u00f3rica consta de 30 obras en medianos y grandes formatos. Con simbolog\u00eda y colorido [&hellip;]<\/p>\n","protected":false},"author":3,"featured_media":0,"comment_status":"open","ping_status":"open","sticky":false,"template":"","format":"standard","meta":{"footnotes":""},"categories":[21],"tags":[],"class_list":["post-69734","post","type-post","status-publish","format-standard","hentry","category-cultura"],"_links":{"self":[{"href":"https:\/\/diariodominicano.com\/index.php?rest_route=\/wp\/v2\/posts\/69734","targetHints":{"allow":["GET"]}}],"collection":[{"href":"https:\/\/diariodominicano.com\/index.php?rest_route=\/wp\/v2\/posts"}],"about":[{"href":"https:\/\/diariodominicano.com\/index.php?rest_route=\/wp\/v2\/types\/post"}],"author":[{"embeddable":true,"href":"https:\/\/diariodominicano.com\/index.php?rest_route=\/wp\/v2\/users\/3"}],"replies":[{"embeddable":true,"href":"https:\/\/diariodominicano.com\/index.php?rest_route=%2Fwp%2Fv2%2Fcomments&post=69734"}],"version-history":[{"count":0,"href":"https:\/\/diariodominicano.com\/index.php?rest_route=\/wp\/v2\/posts\/69734\/revisions"}],"wp:attachment":[{"href":"https:\/\/diariodominicano.com\/index.php?rest_route=%2Fwp%2Fv2%2Fmedia&parent=69734"}],"wp:term":[{"taxonomy":"category","embeddable":true,"href":"https:\/\/diariodominicano.com\/index.php?rest_route=%2Fwp%2Fv2%2Fcategories&post=69734"},{"taxonomy":"post_tag","embeddable":true,"href":"https:\/\/diariodominicano.com\/index.php?rest_route=%2Fwp%2Fv2%2Ftags&post=69734"}],"curies":[{"name":"wp","href":"https:\/\/api.w.org\/{rel}","templated":true}]}}