{"id":69733,"date":"2009-08-10T14:45:33","date_gmt":"2009-08-10T14:45:33","guid":{"rendered":"http:\/\/diariodominicano.ddns.net\/?p=69733"},"modified":"2009-08-10T14:45:33","modified_gmt":"2009-08-10T14:45:33","slug":"melo-de-cardona-dice-que-juan-bosch-es-icono-politico-de-america-latina-y-el-caribe","status":"publish","type":"post","link":"https:\/\/diariodominicano.com\/?p=69733","title":{"rendered":"Melo de Cardona dice que Juan Bosch es \u00edcono pol\u00edtico de Am\u00e9rica Latina Y el Caribe"},"content":{"rendered":"<p><body><\/p>\n<p><img decoding=\"async\" src=\"http:\/\/localhost:8080\/img3\/boch.jpg\" \/>  <\/p>\n<p><span class=\"text1noticias\">Ligia Amada Melo  dijo que el profesor Juan Bosch ha sido catalogado como \u00edcono pol\u00edtico no s\u00f3lo de Rep\u00fablica Dominicana, sino de Am\u00e9rica Latina  por la gran visi\u00f3n global que ten\u00eda desde el punto de vista econ\u00f3mico, social, cultural y pol\u00edtico, que le permit\u00eda analizar los hechos, llegando a lo m\u00e1s rec\u00f3ndito de las causas que los generaban.<\/span><\/p>\n<\/p>\n<p><span class=\"text1noticias\">Melo resalt\u00f3 que Juan Bosch conoc\u00eda perfectamente la econom\u00eda de nuestro pa\u00eds, as\u00ed como la de los dem\u00e1s pa\u00edses del continente desde sus or\u00edgenes.  <\/span><\/p>\n<\/p>\n<p><span class=\"text1noticias\">La integrante del Comit\u00e9 Central del  Partido de la Liberaci\u00f3n Dominicana dijo que el  fundador y l\u00edder de esta la organizaci\u00f3n constituida en 1973,  estudiaba la situaci\u00f3n pol\u00edtica en dos niveles: el te\u00f3rico, fundament\u00e1ndose en las grandes teor\u00edas econ\u00f3micas-eol\u00edticas, Pero principalmente pr\u00e1ctica, y adem\u00e1s, no se limitaba a examinar un problema econ\u00f3mico s\u00f3lo desde este punto de vista, sino que lo relacionaba con lo social y hasta con la psicolog\u00eda de los habitantes de un pa\u00eds determinado.  <\/span><\/p>\n<\/p>\n<p><span class=\"text1noticias\">Dijo que la capacidad  del gran hombre de letras que fue Juan Bosch le permit\u00eda  determinar las causas que generaban un hecho hist\u00f3rico, y de explicar por qu\u00e9 se manifestaba de una manera y no de otra, a su vez podr\u00eda predecir las consecuencias para el presente y el futuro del pa\u00eds.  <\/span><\/p>\n<\/p>\n<p><span class=\"text1noticias\">?En lo social, profundizaba (Juan Bosch), igualmente su relaci\u00f3n con lo econ\u00f3mico y c\u00f3mo las manifestaciones culturales de su pueblo son consecuencia directa de sus ra\u00edces econ\u00f3micas y sociales?, dijo Melo de Cardona al participar como panelista en el conversatorio sobre la vida y obra de Bosch que viene realizando en el Foro de la Cultura de la Casa Nacional, la Secretaria de la Mujer del PLD.  <\/span><\/p>\n<\/p>\n<p><span class=\"text1noticias\">En su obra ?Composici\u00f3n Social Dominicana? Juan Bosch  describe las diferentes clases y subclases sociales que componen la sociedad dominicana. Nadie como \u00e9l, ni antes ni despu\u00e9s de esa obra, ha descrito tan bien las caracter\u00edsticas y manifestaciones de nuestras clases y subclases sociales, afirm\u00f3 Melo.  <\/span><\/p>\n<p><span class=\"text1noticias\"> <\/span><\/p>\n<p><span class=\"text1noticias\">Esta obra marc\u00f3 un referente de an\u00e1lisis de la historia en las aulas universitarias; ella fue la base para las nuevas generaciones con una nueva visi\u00f3n de interpretaci\u00f3n de la historia, de la sociedad y de sus actores, coment\u00f3.<\/span><\/p>\n<\/p>\n<p><span class=\"text1noticias\">La tambi\u00e9n Secretaria de Estado de Educaci\u00f3n Superior, Ciencias y Tecnolog\u00edas comparti\u00f3 la mesa de honor con Gladys Guti\u00e9rrez, Luisa Ram\u00edrez, Irma Nicasio y Flavia Garc\u00eda, Secretaria de la Mujer del PLD, quien hizo su formal presentaci\u00f3n.<\/span><\/p>\n<\/p>\n<p><span class=\"text1noticias\">Melo cito tambi\u00e9n a ?Trujillo causa de una Tiran\u00eda sin ejemplo en Am\u00e9rica?, texto, en el que significa, Juan Bosch  describe con lujo de detalles c\u00f3mo se form\u00f3 la sociedad dominicana, donde,  \u00e9l aduce, se origina con el 2do. Viaje de Crist\u00f3bal Col\u00f3n a la isla.<\/span><\/p>\n<\/p>\n<p><span class=\"text1noticias\">Bosch describe todas las desgracias que esta naci\u00f3n sufri\u00f3 desde sus or\u00edgenes,  cuando describe el origen de Trujillo y la tiran\u00eda que implement\u00f3 en nuestro pa\u00eds. <\/span><\/p>\n<\/p>\n<p><span class=\"text1noticias\">Demuestra magistralmente; desde las caracter\u00edsticas biol\u00f3gicas y psicol\u00f3gicas de Trujillo, hasta su desmedido af\u00e1n de enriquecimiento y su naturaleza s\u00e1dica y fr\u00eda, todos estos aspectos lo ha relacionado, con magistral dominio, con los or\u00edgenes de nuestra sociedad.  Esa capacidad de interpretaci\u00f3n cient\u00edfica, de los  hechos hist\u00f3ricos y sociales, solo Juan Bosch la cultiv\u00f3 en nuestro pa\u00eds, y eso se lo reconocen, a\u00fan sus adversarios.<\/span><\/p>\n<\/p>\n<p><span class=\"text1noticias\">Seg\u00fan Melo otra raz\u00f3n que le da el privilegio de mejor pol\u00edtico de Am\u00e9rica es que Juan Bosch no se dedic\u00f3 a estudiar los problemas de su pa\u00eds, sino que estudi\u00f3 toda Am\u00e9rica con la misma metodolog\u00eda, no descriptiva, como la mayor\u00eda de los historiadores, sino anal\u00edtica, cient\u00edfica, objetiva, siempre relacionando los hechos desde diferentes vertientes; eso lo podemos ver claramente al leer su obra, ?El Caribe, Frontera Imperial, desde Crist\u00f3bal Col\u00f3n a Fidel Castro?.<\/span><\/p>\n<\/p>\n<p><span class=\"text1noticias\">?Yo pude palpar su sensibilidad en una conversaci\u00f3n personal en una visita que le hici\u00e9ramos mi esposo y yo, al verlo llorar al referirse a la pobreza en que estaba sumado el pa\u00eds. Eso ocurri\u00f3 aproximadamente en el a\u00f1o 1978.  Me impresion\u00f3 verlo llorar y valor\u00e9, a\u00fan m\u00e1s,  el tesoro que ten\u00eda este pa\u00eds en Don Juan? afirm\u00f3 Melo.<\/span><\/p>\n<\/p>\n<p><span class=\"text1noticias\">El conversatorio cont\u00f3 con la asistencia de dirigentes del PLD y vecinos de la Casa Nacional en una entusiasta participaci\u00f3n. Con los materiales de todas las exposiciones la Secretaria de la Mujer del PLD editar\u00e1 un libro como homenaje al Profesor Juan Bosch en el a\u00f1o del centenario de su nacimiento.<\/span><\/p>\n<h6> 2009-08-10 14:45:33 <\/h6>\n<p><!--\n<link rel=\"stylesheet\" href=\"css\/bootstrap.min.css\">\n\n\n<ul class=\"pagination\">\n\t    \n\t\n\n<li >\n\t<a href='?page_no=21410'>Previous<\/a>\n\t<\/li>\n\n\n       \n    \n\n<li><a href='?page_no=1'>1<\/a><\/li>\n\n\n\n<li><a href='?page_no=2'>2<\/a><\/li>\n\n\n\n<li><a>...<\/a><\/li>\n\n\n\n<li><a href='?page_no=21409'>21409<\/a><\/li>\n\n\n\n<li><a href='?page_no=21410'>21410<\/a><\/li>\n\n\n\n<li class='active'><a>21411<\/a><\/li>\n\n\n\n<li><a href='?page_no=21412'>21412<\/a><\/li>\n\n\n\n<li><a href='?page_no=21413'>21413<\/a><\/li>\n\n\n\n<li><a>...<\/a><\/li>\n\n\n\n<li><a href='?page_no=22911'>22911<\/a><\/li>\n\n\n\n<li><a href='?page_no=22912'>22912<\/a><\/li>\n\n    \n\t\n\n<li >\n\t<a href='?page_no=21412'>Next<\/a>\n\t<\/li>\n\n\n    \n\n<li><a href='?page_no=22912'>Last &rsaquo;&rsaquo;<\/a><\/li>\n\n<\/ul>\n\n\n--><br \/>\n<\/body><\/p>\n","protected":false},"excerpt":{"rendered":"<p>Ligia Amada Melo dijo que el profesor Juan Bosch ha sido catalogado como \u00edcono pol\u00edtico no s\u00f3lo de Rep\u00fablica Dominicana, sino de Am\u00e9rica Latina por la gran visi\u00f3n global que ten\u00eda desde el punto de vista econ\u00f3mico, social, cultural y pol\u00edtico, que le permit\u00eda analizar los hechos, llegando a lo m\u00e1s rec\u00f3ndito de las causas [&hellip;]<\/p>\n","protected":false},"author":3,"featured_media":0,"comment_status":"open","ping_status":"open","sticky":false,"template":"","format":"standard","meta":{"footnotes":""},"categories":[21],"tags":[],"class_list":["post-69733","post","type-post","status-publish","format-standard","hentry","category-cultura"],"_links":{"self":[{"href":"https:\/\/diariodominicano.com\/index.php?rest_route=\/wp\/v2\/posts\/69733","targetHints":{"allow":["GET"]}}],"collection":[{"href":"https:\/\/diariodominicano.com\/index.php?rest_route=\/wp\/v2\/posts"}],"about":[{"href":"https:\/\/diariodominicano.com\/index.php?rest_route=\/wp\/v2\/types\/post"}],"author":[{"embeddable":true,"href":"https:\/\/diariodominicano.com\/index.php?rest_route=\/wp\/v2\/users\/3"}],"replies":[{"embeddable":true,"href":"https:\/\/diariodominicano.com\/index.php?rest_route=%2Fwp%2Fv2%2Fcomments&post=69733"}],"version-history":[{"count":0,"href":"https:\/\/diariodominicano.com\/index.php?rest_route=\/wp\/v2\/posts\/69733\/revisions"}],"wp:attachment":[{"href":"https:\/\/diariodominicano.com\/index.php?rest_route=%2Fwp%2Fv2%2Fmedia&parent=69733"}],"wp:term":[{"taxonomy":"category","embeddable":true,"href":"https:\/\/diariodominicano.com\/index.php?rest_route=%2Fwp%2Fv2%2Fcategories&post=69733"},{"taxonomy":"post_tag","embeddable":true,"href":"https:\/\/diariodominicano.com\/index.php?rest_route=%2Fwp%2Fv2%2Ftags&post=69733"}],"curies":[{"name":"wp","href":"https:\/\/api.w.org\/{rel}","templated":true}]}}