{"id":69730,"date":"2009-08-10T22:31:05","date_gmt":"2009-08-10T22:31:05","guid":{"rendered":"http:\/\/diariodominicano.ddns.net\/?p=69730"},"modified":"2009-08-10T22:31:05","modified_gmt":"2009-08-10T22:31:05","slug":"jazz-en-dominicana","status":"publish","type":"post","link":"https:\/\/diariodominicano.com\/?p=69730","title":{"rendered":"Jazz en Dominicana"},"content":{"rendered":"<p><body><\/p>\n<p><span class=\"text1noticias\">El m\u00fasico dominicano Yasser Tejeda y su agrupaci\u00f3n Yasser Tejeda &amp; Palotre presentar\u00e1 su concierto y lanzamiento del  CD &#8211; Mezclansa en la Sala Teatro de Casa de Teatro el mi\u00e9rcoles 19 de Agosto del 2009.   Con tal motivo, le invitamos a acompa\u00f1arnos a la Rueda de Prensa que ofreceremos con la presencia de los integrantes de la agrupaci\u00f3n y los patrocinadores del evento. <\/span><\/p>\n<\/p>\n<p><span class=\"text1noticias\">Actividad: <\/span><\/p>\n<p><span class=\"text1noticias\">Tema:\t\tRueda de Prensa ? Concierto Yasser Tejeda &amp; Palotre<\/span><\/p>\n<p><span class=\"text1noticias\">Invita:\t\tJazz en Dominicana<\/span><\/p>\n<p><span class=\"text1noticias\">Fecha:\t\tMi\u00e9rcoles 12 de agosto del 2009<\/span><\/p>\n<p><span class=\"text1noticias\">Lugar:\t\tCasa de Teatro<\/span><\/p>\n<p><span class=\"text1noticias\">Hora:\t\t7:00p.m. (Apreciamos su Puntualidad)<\/span><\/p>\n<p><span class=\"text1noticias\">Direcci\u00f3n:\tCalle Arzobispo Meri\u00f1o No. 110, Zona Colonial, Santo Domingo<\/span><\/p>\n<p><span class=\"text1noticias\">Contacto:\tFernando Rodriguez ? 829 586 9177<\/span><\/p>\n<h6> 2009-08-10 22:31:05 <\/h6>\n<p><!--\n<link rel=\"stylesheet\" href=\"css\/bootstrap.min.css\">\n\n\n<ul class=\"pagination\">\n\t    \n\t\n\n<li >\n\t<a href='?page_no=21407'>Previous<\/a>\n\t<\/li>\n\n\n       \n    \n\n<li><a href='?page_no=1'>1<\/a><\/li>\n\n\n\n<li><a href='?page_no=2'>2<\/a><\/li>\n\n\n\n<li><a>...<\/a><\/li>\n\n\n\n<li><a href='?page_no=21406'>21406<\/a><\/li>\n\n\n\n<li><a href='?page_no=21407'>21407<\/a><\/li>\n\n\n\n<li class='active'><a>21408<\/a><\/li>\n\n\n\n<li><a href='?page_no=21409'>21409<\/a><\/li>\n\n\n\n<li><a href='?page_no=21410'>21410<\/a><\/li>\n\n\n\n<li><a>...<\/a><\/li>\n\n\n\n<li><a href='?page_no=22911'>22911<\/a><\/li>\n\n\n\n<li><a href='?page_no=22912'>22912<\/a><\/li>\n\n    \n\t\n\n<li >\n\t<a href='?page_no=21409'>Next<\/a>\n\t<\/li>\n\n\n    \n\n<li><a href='?page_no=22912'>Last &rsaquo;&rsaquo;<\/a><\/li>\n\n<\/ul>\n\n\n--><br \/>\n<\/body><\/p>\n","protected":false},"excerpt":{"rendered":"<p>El m\u00fasico dominicano Yasser Tejeda y su agrupaci\u00f3n Yasser Tejeda &amp; Palotre presentar\u00e1 su concierto y lanzamiento del CD &#8211; Mezclansa en la Sala Teatro de Casa de Teatro el mi\u00e9rcoles 19 de Agosto del 2009. Con tal motivo, le invitamos a acompa\u00f1arnos a la Rueda de Prensa que ofreceremos con la presencia de los [&hellip;]<\/p>\n","protected":false},"author":3,"featured_media":0,"comment_status":"open","ping_status":"open","sticky":false,"template":"","format":"standard","meta":{"footnotes":""},"categories":[21],"tags":[],"class_list":["post-69730","post","type-post","status-publish","format-standard","hentry","category-cultura"],"_links":{"self":[{"href":"https:\/\/diariodominicano.com\/index.php?rest_route=\/wp\/v2\/posts\/69730","targetHints":{"allow":["GET"]}}],"collection":[{"href":"https:\/\/diariodominicano.com\/index.php?rest_route=\/wp\/v2\/posts"}],"about":[{"href":"https:\/\/diariodominicano.com\/index.php?rest_route=\/wp\/v2\/types\/post"}],"author":[{"embeddable":true,"href":"https:\/\/diariodominicano.com\/index.php?rest_route=\/wp\/v2\/users\/3"}],"replies":[{"embeddable":true,"href":"https:\/\/diariodominicano.com\/index.php?rest_route=%2Fwp%2Fv2%2Fcomments&post=69730"}],"version-history":[{"count":0,"href":"https:\/\/diariodominicano.com\/index.php?rest_route=\/wp\/v2\/posts\/69730\/revisions"}],"wp:attachment":[{"href":"https:\/\/diariodominicano.com\/index.php?rest_route=%2Fwp%2Fv2%2Fmedia&parent=69730"}],"wp:term":[{"taxonomy":"category","embeddable":true,"href":"https:\/\/diariodominicano.com\/index.php?rest_route=%2Fwp%2Fv2%2Fcategories&post=69730"},{"taxonomy":"post_tag","embeddable":true,"href":"https:\/\/diariodominicano.com\/index.php?rest_route=%2Fwp%2Fv2%2Ftags&post=69730"}],"curies":[{"name":"wp","href":"https:\/\/api.w.org\/{rel}","templated":true}]}}