{"id":69725,"date":"2009-08-11T20:36:31","date_gmt":"2009-08-11T20:36:31","guid":{"rendered":"http:\/\/diariodominicano.ddns.net\/?p=69725"},"modified":"2009-08-11T20:36:31","modified_gmt":"2009-08-11T20:36:31","slug":"secretaria-de-cultura-creara-banda-de-musica-comunitaria-en-pantoja","status":"publish","type":"post","link":"https:\/\/diariodominicano.com\/?p=69725","title":{"rendered":"Secretar\u00eda de Cultura crear\u00e1 banda de m\u00fasica comunitaria en Pantoja"},"content":{"rendered":"<p><body><\/p>\n<p><img decoding=\"async\" src=\"http:\/\/localhost:8080\/img3\/musi.jpg\" \/>  <\/p>\n<p><span class=\"text1noticias\">Estar\u00e1 integrada por cien ni\u00f1os y j\u00f3venes de la localidad, muchos de los cuales ya est\u00e1n recibiendo clases de percusi\u00f3n, flauta dulce y canto coral en la Escuela Libre que desde febrero de 2007 funciona en el multiuso de aqu\u00ed.<\/span><\/p>\n<\/p>\n<p><span class=\"text1noticias\">PANTOJA, SANTO DOMINGO OESTE.   El anuncio fue hecho ayer por Angel Mej\u00eda, Director del Sistema Nacional de Escuelas Libres, durante un colorido acto realizado en el parque p\u00fablico de Pantoja, junto a Mario Gonz\u00e1lez, presidente de la junta municipal de esta localidad. <\/span><\/p>\n<\/p>\n<p><span class=\"text1noticias\">Mej\u00eda explic\u00f3 que los trabajos de creaci\u00f3n de la Banda de M\u00fasica Comunitaria de Pantoja iniciar\u00e1n la pr\u00f3xima semana con la selecci\u00f3n de sus integrantes, proceso que ser\u00e1 dirigido por los profesores de m\u00fasica del Sistema Nacional de Escuelas Libres y el Departamento de Cultura de la Junta Municipal de Pantoja.<\/span><\/p>\n<\/p>\n<p><span class=\"text1noticias\">?Estos ni\u00f1os recibir\u00e1n clases de lectura musical durante los pr\u00f3ximos seis meses, al tiempo que se ir\u00e1n familiarizando con algunos instrumentos de viento y percusi\u00f3n, antes de que trabajen en forma definitiva con los instrumentos de su predilecci\u00f3n y condiciones ?, indic\u00f3 el director de las Escuelas Libres.<\/span><\/p>\n<\/p>\n<p><span class=\"text1noticias\">El destacado actor refiriri\u00f3 que el procedimiento a ser utilizado en Pantoja es muy parecido al de R\u00edo San Juan, donde el Sistema Nacional de Escuelas Libres cre\u00f3 una banda de m\u00fasica comunitaria con el apoyo solidario de la periodista suiza Cornelia Diethelm y el Presidente de la Organizaci\u00f3n Nacional de Instrumentos de Viento de ese pa\u00eds, se\u00f1or Ueli Naussbaumer. <\/span><\/p>\n<\/p>\n<p><span class=\"text1noticias\">?Los resultados de esta banda de R\u00edo San Juan son excelentes y nos sirven de ejemplo?, puntualiz\u00f3.<\/span><\/p>\n<p><span class=\"text1noticias\">Mej\u00eda explic\u00f3 que la formaci\u00f3n de bandas de m\u00fasica comunitarias, ensambles, coros y conjuntos t\u00edpicos es una tarea prioritaria del Sistema Nacional de Escuelas Libres, ya que de esta manera se facilita la incorporaci\u00f3n de ni\u00f1os y j\u00f3venes a la m\u00fasica, prepar\u00e1ndolos al mismo tiempo para la convivencia pac\u00edfica, el trabajo en equipo y la vida social en armon\u00eda. <\/span><\/p>\n<\/p>\n<p><span class=\"text1noticias\">Tambi\u00e9n en Villa Altagracia, con apoyo de Sergio Vargas<\/span><\/p>\n<p><span class=\"text1noticias\">Adelant\u00f3 que la instituci\u00f3n que dirige trabaja tambi\u00e9n en la creaci\u00f3n de la Banda de M\u00fasica Comunitaria de Villa Altagracia,  labor que comparte con Mercedes Mej\u00eda de la Casa de la Cultura, con el apoyo del diputado Sergio Vargas y el Secretario de Cultura Jos\u00e9 Rafael Lantigua.<\/span><\/p>\n<\/p>\n<p><span class=\"text1noticias\">?Sergio ya obtuvo una buena parte de los instrumentos de m\u00fasica para esa banda y es tarea nuestra contratar los instructores que en cuesti\u00f3n de d\u00edas estar\u00e1n dando las primeras lecciones de m\u00fasica en la Escuela Libre de la Casa de la Cultura de Villa Altagracia?, dijo Mej\u00eda.<\/span><\/p>\n<\/p>\n<p><span class=\"text1noticias\">Los ni\u00f1os y j\u00f3venes interesados en participar en la Banda de M\u00fasica Comunitaria de Pantoja pueden comunicarse con Juan Valdez, Director de Cultura de la Junta Municipal, mientras que,  para la banda de Villa Altagracia, pueden dirigirse a la Casa de la Cultura de ese municipio.<\/span><\/p>\n<\/p>\n<p><span class=\"text1noticias\">El viernes 28 de agosto a las 3 de la tarde est\u00e1 pautada una audici\u00f3n p\u00fablica en el multiuso de Pantoja, donde los ni\u00f1os y ni\u00f1as entre 8 y 16 a\u00f1os probar\u00e1n sus potencialidades para participar en la banda de m\u00fasica de su comunidad. <\/span><\/p>\n<h6> 2009-08-11 20:36:31 <\/h6>\n<p><!--\n<link rel=\"stylesheet\" href=\"css\/bootstrap.min.css\">\n\n\n<ul class=\"pagination\">\n\t    \n\t\n\n<li >\n\t<a href='?page_no=21402'>Previous<\/a>\n\t<\/li>\n\n\n       \n    \n\n<li><a href='?page_no=1'>1<\/a><\/li>\n\n\n\n<li><a href='?page_no=2'>2<\/a><\/li>\n\n\n\n<li><a>...<\/a><\/li>\n\n\n\n<li><a href='?page_no=21401'>21401<\/a><\/li>\n\n\n\n<li><a href='?page_no=21402'>21402<\/a><\/li>\n\n\n\n<li class='active'><a>21403<\/a><\/li>\n\n\n\n<li><a href='?page_no=21404'>21404<\/a><\/li>\n\n\n\n<li><a href='?page_no=21405'>21405<\/a><\/li>\n\n\n\n<li><a>...<\/a><\/li>\n\n\n\n<li><a href='?page_no=22911'>22911<\/a><\/li>\n\n\n\n<li><a href='?page_no=22912'>22912<\/a><\/li>\n\n    \n\t\n\n<li >\n\t<a href='?page_no=21404'>Next<\/a>\n\t<\/li>\n\n\n    \n\n<li><a href='?page_no=22912'>Last &rsaquo;&rsaquo;<\/a><\/li>\n\n<\/ul>\n\n\n--><br \/>\n<\/body><\/p>\n","protected":false},"excerpt":{"rendered":"<p>Estar\u00e1 integrada por cien ni\u00f1os y j\u00f3venes de la localidad, muchos de los cuales ya est\u00e1n recibiendo clases de percusi\u00f3n, flauta dulce y canto coral en la Escuela Libre que desde febrero de 2007 funciona en el multiuso de aqu\u00ed. PANTOJA, SANTO DOMINGO OESTE. El anuncio fue hecho ayer por Angel Mej\u00eda, Director del Sistema [&hellip;]<\/p>\n","protected":false},"author":3,"featured_media":0,"comment_status":"open","ping_status":"open","sticky":false,"template":"","format":"standard","meta":{"footnotes":""},"categories":[21],"tags":[],"class_list":["post-69725","post","type-post","status-publish","format-standard","hentry","category-cultura"],"_links":{"self":[{"href":"https:\/\/diariodominicano.com\/index.php?rest_route=\/wp\/v2\/posts\/69725","targetHints":{"allow":["GET"]}}],"collection":[{"href":"https:\/\/diariodominicano.com\/index.php?rest_route=\/wp\/v2\/posts"}],"about":[{"href":"https:\/\/diariodominicano.com\/index.php?rest_route=\/wp\/v2\/types\/post"}],"author":[{"embeddable":true,"href":"https:\/\/diariodominicano.com\/index.php?rest_route=\/wp\/v2\/users\/3"}],"replies":[{"embeddable":true,"href":"https:\/\/diariodominicano.com\/index.php?rest_route=%2Fwp%2Fv2%2Fcomments&post=69725"}],"version-history":[{"count":0,"href":"https:\/\/diariodominicano.com\/index.php?rest_route=\/wp\/v2\/posts\/69725\/revisions"}],"wp:attachment":[{"href":"https:\/\/diariodominicano.com\/index.php?rest_route=%2Fwp%2Fv2%2Fmedia&parent=69725"}],"wp:term":[{"taxonomy":"category","embeddable":true,"href":"https:\/\/diariodominicano.com\/index.php?rest_route=%2Fwp%2Fv2%2Fcategories&post=69725"},{"taxonomy":"post_tag","embeddable":true,"href":"https:\/\/diariodominicano.com\/index.php?rest_route=%2Fwp%2Fv2%2Ftags&post=69725"}],"curies":[{"name":"wp","href":"https:\/\/api.w.org\/{rel}","templated":true}]}}