{"id":69724,"date":"2009-08-11T21:46:24","date_gmt":"2009-08-11T21:46:24","guid":{"rendered":"http:\/\/diariodominicano.ddns.net\/?p=69724"},"modified":"2009-08-11T21:46:24","modified_gmt":"2009-08-11T21:46:24","slug":"cultura-auspicia-concierto-bicentenario-independencia-de-ecuador","status":"publish","type":"post","link":"https:\/\/diariodominicano.com\/?p=69724","title":{"rendered":"Cultura auspicia concierto bicentenario independencia  de Ecuador"},"content":{"rendered":"<p><body><\/p>\n<p><img decoding=\"async\" src=\"http:\/\/localhost:8080\/img3\/cutu.jpg\" \/>  <\/p>\n<p><span class=\"text1noticias\">Con  el  apoyo  de  la  Secretar\u00eda de Estado de Cultura, la Embajada del Ecuador en Rep\u00fablica Dominicana  ofreci\u00f3 un concierto de gala con la Orquesta Camerata del Caribe, en  ocasi\u00f3n  de  celebrarse  el bicentenario de la primera Declaraci\u00f3n de Independencia de esta naci\u00f3n sudamericana.<\/span><\/p>\n<\/p>\n<p><span class=\"text1noticias\">El  concierto se  realiz\u00f3 en la Sala M\u00e1ximo Avil\u00e9s Blonda del Palacio de Bellas Artes, donde la orquesta interpret\u00f3 sinfon\u00edas cl\u00e1sicas, as\u00ed como obras de compositores  ecuatorianos, bajo la direcci\u00f3n del Maestro Julio de Windt, para rendir  homenaje  a  los  h\u00e9roes  del  10 de  agosto  de  1809. <\/span><\/p>\n<\/p>\n<p><span class=\"text1noticias\">El Embajador del Ecuador, doctor Carlos Manrique Mu\u00f1oz, tuvo a su cargo el  discurso central, quien expres\u00f3 su agradecimiento al Secretario de Estado de Cultura, licenciado Jos\u00e9 Rafael Lantigua, a  trav\u00e9s de la subsecretaria  de  Creatividad  y  Participaci\u00f3n  Popular, licenciada  Bernarda  Jorge, representante de la SEC, as\u00ed  como  al director  de  la  Orquesta Camerata del Caribe, maestro Julio de Windt, por su decidida colaboraci\u00f3n  para  la  realizaci\u00f3n  de  este  concierto.<\/span><\/p>\n<\/p>\n<p><span class=\"text1noticias\">?En este d\u00eda hist\u00f3rico, con gran afecto y cari\u00f1o, en nombre del  gobierno  ecuatoriano, del presidente Rafael Correa Delgado, de mi esposa Tamara de Manrique  y  del  m\u00edo  propio, env\u00edo  un  mensaje  de  optimismo  y  de  fe, momentos estos en los que empieza a escribirse la  verdadera  independencia de nuestra  patria,  que  Dios  bendiga  a  Ecuador  y  a  la  Rep\u00fablica  Dominicana?,  resalt\u00f3  el  diplom\u00e1tico. <\/span><\/p>\n<\/p>\n<p><span class=\"text1noticias\">Entre las  piezas interpretadas por la Orquesta Camerata del Caribe se encuentran  Serenata nocturna, Allegro, Romanze, Menuetto y Rodo, de Mozart; Pizzicato polka, de Strauss; Romanza, de J. A. Hern\u00e1ndez, con  arreglo  de  Amaury S\u00e1nchez; Guajira  en  Pizzicato, pieza  para  cuerda  y  percusi\u00f3n, de  Samuel  Herrera.<\/span><\/p>\n<\/p>\n<p><span class=\"text1noticias\">Asimismo,  la  pieza  Czardas,  para  viol\u00edn  y  orquesta  de  cuerda, de  Monti,  con  arreglo  de  Zvezdana Radojkovic;  Martisora hora, danza  folcl\u00f3rica  de  Rumana, pieza  para  viol\u00edn  y  orquesta  de  cuerda,  de  G. Diniku  y  con  Pavle  Vujcic  como  solista.<\/span><\/p>\n<\/p>\n<p><span class=\"text1noticias\">La Camerata del Caribe, estren\u00f3 la pieza Poutpurr\u00ed ecuatoriano, del maestro dominicano Caonex Peguero y director ejecutivo  del Sistema Nacional de  Orquestas Infantiles  y  Juveniles, en ocasi\u00f3n de la celebraci\u00f3n  de  dicha  gesta.<\/span><\/p>\n<\/p>\n<p><span class=\"text1noticias\">En  conmemoraci\u00f3n a la fecha, la Embajada  puso en circulaci\u00f3n el folleto ?10 de Agosto de 1809, Primer Grito de Independencia en Ecuador?, que contiene un ensayo corto del historiador ecuatoriano Juan Paz y Mi\u00f1o, quien preside el Comit\u00e9 Ecuatoriano de Celebraci\u00f3n del Bicentenario.<\/span><\/p>\n<\/p>\n<p><span class=\"text1noticias\">Al  final  del  concierto,  el  embajador  del  Ecuador ofreci\u00f3 un c\u00f3ctel en el Sal\u00f3n La C\u00fapula del  Palacio de Bellas Artes.<\/span><\/p>\n<\/p>\n<p><span class=\"text1noticias\">Ecuador conmemor\u00f3 la gesta libertaria del 10 de agosto de 1809, fecha en la que un grupo de patriotas quite\u00f1os depusieron al Presidente de la Real Audiencia e instalaron en su lugar a una Junta Soberana, que pas\u00f3 a gobernar el pa\u00eds en forma aut\u00f3noma. La Junta fue reprimida por fuertes contingentes espa\u00f1oles tra\u00eddos del Per\u00fa y de la Nueva Granada. En un segundo intento meses despu\u00e9s, los rebeldes quite\u00f1os alcanzaron a formar un ej\u00e9rcito propio e incluso a darse una Constituci\u00f3n.  La gesta que cumple doscientos a\u00f1os, fue la primera en Iberoam\u00e9rica  por su magnitud y trascendencia.<\/span><\/p>\n<\/p>\n<p><span class=\"text1noticias\">Como parte  de los actos conmemorativos, el mi\u00e9rcoles 12 de agosto,  a  las 8:00 de  la  noche, en el Museo de las Casas Reales, se abrir\u00e1 la exposici\u00f3n pict\u00f3rica ?Pr\u00f3ceres y Libertadores de Iberoam\u00e9rica?, en la cual el retratista ecuatoriano Jaime Obando presentar\u00e1 las im\u00e1genes al \u00f3leo de 24 pr\u00f3ceres de la Independencia iberoamericana, incluyendo, entre otros, las figuras del cura Hidalgo de M\u00e9xico; Mart\u00ed y Maceo de Cuba; Duarte, S\u00e1nchez y Mella de Rep\u00fablica Dominicana y la de los pr\u00f3ceres ecuatorianos: Eugenio Espejo; Juan P\u00edo Mont\u00fafar, marqu\u00e9s de Selva Alegre y Carlos Mont\u00fafar. <\/span><\/p>\n<\/p>\n<p><span class=\"text1noticias\">El martes 18 de agosto, en la Academia Dominicana de la Historia, a las 8:00 de la noche, el reconocido historiador dominicano Frank Moya Pons, dictar\u00e1 una conferencia acerca de la Revoluci\u00f3n Quite\u00f1a del 10 de Agosto de 1809 y su trascendencia en el proceso de liberaci\u00f3n de Am\u00e9rica Latina.<\/span><\/p>\n<h6> 2009-08-11 21:46:24 <\/h6>\n<p><!--\n<link rel=\"stylesheet\" href=\"css\/bootstrap.min.css\">\n\n\n<ul class=\"pagination\">\n\t    \n\t\n\n<li >\n\t<a href='?page_no=21401'>Previous<\/a>\n\t<\/li>\n\n\n       \n    \n\n<li><a href='?page_no=1'>1<\/a><\/li>\n\n\n\n<li><a href='?page_no=2'>2<\/a><\/li>\n\n\n\n<li><a>...<\/a><\/li>\n\n\n\n<li><a href='?page_no=21400'>21400<\/a><\/li>\n\n\n\n<li><a href='?page_no=21401'>21401<\/a><\/li>\n\n\n\n<li class='active'><a>21402<\/a><\/li>\n\n\n\n<li><a href='?page_no=21403'>21403<\/a><\/li>\n\n\n\n<li><a href='?page_no=21404'>21404<\/a><\/li>\n\n\n\n<li><a>...<\/a><\/li>\n\n\n\n<li><a href='?page_no=22911'>22911<\/a><\/li>\n\n\n\n<li><a href='?page_no=22912'>22912<\/a><\/li>\n\n    \n\t\n\n<li >\n\t<a href='?page_no=21403'>Next<\/a>\n\t<\/li>\n\n\n    \n\n<li><a href='?page_no=22912'>Last &rsaquo;&rsaquo;<\/a><\/li>\n\n<\/ul>\n\n\n--><br \/>\n<\/body><\/p>\n","protected":false},"excerpt":{"rendered":"<p>Con el apoyo de la Secretar\u00eda de Estado de Cultura, la Embajada del Ecuador en Rep\u00fablica Dominicana ofreci\u00f3 un concierto de gala con la Orquesta Camerata del Caribe, en ocasi\u00f3n de celebrarse el bicentenario de la primera Declaraci\u00f3n de Independencia de esta naci\u00f3n sudamericana. El concierto se realiz\u00f3 en la Sala M\u00e1ximo Avil\u00e9s Blonda del [&hellip;]<\/p>\n","protected":false},"author":3,"featured_media":0,"comment_status":"open","ping_status":"open","sticky":false,"template":"","format":"standard","meta":{"footnotes":""},"categories":[21],"tags":[],"class_list":["post-69724","post","type-post","status-publish","format-standard","hentry","category-cultura"],"_links":{"self":[{"href":"https:\/\/diariodominicano.com\/index.php?rest_route=\/wp\/v2\/posts\/69724","targetHints":{"allow":["GET"]}}],"collection":[{"href":"https:\/\/diariodominicano.com\/index.php?rest_route=\/wp\/v2\/posts"}],"about":[{"href":"https:\/\/diariodominicano.com\/index.php?rest_route=\/wp\/v2\/types\/post"}],"author":[{"embeddable":true,"href":"https:\/\/diariodominicano.com\/index.php?rest_route=\/wp\/v2\/users\/3"}],"replies":[{"embeddable":true,"href":"https:\/\/diariodominicano.com\/index.php?rest_route=%2Fwp%2Fv2%2Fcomments&post=69724"}],"version-history":[{"count":0,"href":"https:\/\/diariodominicano.com\/index.php?rest_route=\/wp\/v2\/posts\/69724\/revisions"}],"wp:attachment":[{"href":"https:\/\/diariodominicano.com\/index.php?rest_route=%2Fwp%2Fv2%2Fmedia&parent=69724"}],"wp:term":[{"taxonomy":"category","embeddable":true,"href":"https:\/\/diariodominicano.com\/index.php?rest_route=%2Fwp%2Fv2%2Fcategories&post=69724"},{"taxonomy":"post_tag","embeddable":true,"href":"https:\/\/diariodominicano.com\/index.php?rest_route=%2Fwp%2Fv2%2Ftags&post=69724"}],"curies":[{"name":"wp","href":"https:\/\/api.w.org\/{rel}","templated":true}]}}